{"id":101084,"date":"2016-11-04T16:53:57","date_gmt":"2016-11-04T19:53:57","guid":{"rendered":"http:\/\/aconteceunovale.com.br\/portal\/?p=101084"},"modified":"2016-11-04T16:53:57","modified_gmt":"2016-11-04T19:53:57","slug":"enem-sera-adiado-para-240-304-candidatos-por-causa-de-ocupacoes-de-escolas","status":"publish","type":"post","link":"https:\/\/aconteceunovale.com.br\/portal\/?p=101084","title":{"rendered":"Enem ser\u00e1 adiado para 240.304 candidatos por causa de ocupa\u00e7\u00f5es de escolas"},"content":{"rendered":"<p>O Exame Nacional do Ensino M\u00e9dio (Enem) ser\u00e1 adiado em 364 locais de prova, o que atingir\u00e1 240.304 candidatos. O n\u00famero foi atualizado hoje (4) pelo Minist\u00e9rio da Educa\u00e7\u00e3o (MEC) em coletiva de imprensa. A lista com os locais em que a prova ser\u00e1 cancelada neste final de semana (5 e 6), estar\u00e1 dispon\u00edvel na internet, no site do Instituto Nacional de Estudos e Pesquisas Educacionais An\u00edsio Teixeira (Inep).<\/p>\n<p>A lista foi ampliada para incluir locais que foram ocupados ap\u00f3s a divulga\u00e7\u00e3o da primeira lista pelo Inep, na \u00faltima ter\u00e7a-feira (1\u00ba). Esses estudantes far\u00e3o as provas nos dias 3 e 4 de dezembro e ser\u00e3o informados do adiamento por SMS.<\/p>\n<p>O MEC tamb\u00e9m corrigiu a lista de locais ocupados e dez escolas que haviam sido dadas como ocupadas ter\u00e3o prova neste fim de semana. Ser\u00e3o 8.186 candidatos que devem comparecer para fazer o Enem nos dias 5 e 6.<\/p>\n<p>O MEC estabeleceu o prazo para a desocupa\u00e7\u00e3o at\u00e9 as 23h59 dessa segunda-feira (31). Mesmo que os locais tenham sido desocupados depois desse prazo, o Enem ser\u00e1 remarcado. Segundo o Inep, para a nova data, ser\u00e3o definidos novos locais de prova.<\/p>\n<p>A prova aplicada em dezembro, de acordo com o Inep, ter\u00e1 o mesmo modelo e n\u00edvel de dificuldade do Enem deste fim de semana, mas com quest\u00f5es diferentes.<\/p>\n<p><strong>Ocupa\u00e7\u00f5es<\/strong><\/p>\n<p>As ocupa\u00e7\u00f5es ocorrem em diversos estados do pa\u00eds. Estudantes do ensino m\u00e9dio, superior e educa\u00e7\u00e3o profissional t\u00eam buscado pressionar o governo por meio de ocupa\u00e7\u00f5es de escolas, universidades, institutos federais e outros locais. N\u00e3o h\u00e1 um balan\u00e7o nacional oficial. Segundo a Uni\u00e3o Nacional dos Estudantes (UNE), at\u00e9 ontem, 134 campi universit\u00e1rios e mais de 1 mil escolas e institutos federais estavam ocupados.<\/p>\n<p>Os estudantes s\u00e3o contra a proposta de emenda \u00e0 Constitui\u00e7\u00e3o (PEC) que limita os gastos do governo federal pelos pr\u00f3ximos 20 anos, a chamada PEC do Teto. Estudos mostram que a medida pode reduzir os repasses para a \u00e1rea de educa\u00e7\u00e3o, que, limitados por um teto geral, resultar\u00e3o na necessidade de retirada de recursos de outras \u00e1reas para investimento no ensino. O governo defende a medida como um ajuste necess\u00e1rio em meio \u00e0 crise que o pa\u00eds enfrenta e diz que educa\u00e7\u00e3o e sa\u00fade n\u00e3o ser\u00e3o prejudicadas.<\/p>\n<p>Os estudantes tamb\u00e9m s\u00e3o contr\u00e1rios \u00e0 reforma do ensino m\u00e9dio, proposta pela Medida Provis\u00f3ria (MP) 746\/2016, enviada ao Congresso. Para o governo, a proposta vai acelerar a reformula\u00e7\u00e3o da etapa de ensino que concentra mais reprova\u00e7\u00f5es e abandono de estudantes. Os alunos argumentam que a reforma deve ser debatida amplamente antes de ser implantada por MP.<\/p>\n<p><strong>Local de prova<\/strong><\/p>\n<p>Os candidatos do Enem podem acessar o local de prova na internet ou pelo aplicativo do Enem. Al\u00e9m do local, data e hor\u00e1rio de prova, o cart\u00e3o de confirma\u00e7\u00e3o traz o n\u00famero de inscri\u00e7\u00e3o do estudante, a op\u00e7\u00e3o de l\u00edngua estrangeira e, quando for o caso, a indica\u00e7\u00e3o de atendimento especializado e espec\u00edfico e a solicita\u00e7\u00e3o de certifica\u00e7\u00e3o do ensino m\u00e9dio.<\/p>\n<p>O cart\u00e3o de confirma\u00e7\u00e3o est\u00e1 dispon\u00edvel pela internet, na P\u00e1gina do Participante, e tamb\u00e9m no aplicativo do Enem, nas plataformas Android, iOS e Windows Phone. De acordo com o Inep, respons\u00e1vel pelo exame, 5,2 milh\u00f5es do total de mais de 8,6 milh\u00f5es de candidatos j\u00e1 sabem onde far\u00e3o as provas. O n\u00famero equivale a mais de 60% dos candidatos.<\/p>\n<p>Para lembrar os estudantes, o Inep fez uma campanha de alerta, enviando SMS e e-mail a cada tr\u00eas dias para quem ainda n\u00e3o acessou o cart\u00e3o. No dia da prova, n\u00e3o \u00e9 obrigat\u00f3ria a apresenta\u00e7\u00e3o do cart\u00e3o. O acesso \u00e9 de responsabilidade do candidato. A recomenda\u00e7\u00e3o \u00e9 que os participantes conhe\u00e7am o trajeto para o local de prova com anteced\u00eancia para evitar atrasos no dia do exame.<\/p>\n<p><strong>Lista de 364 escolas ocupadas em que o Enem foi adiado<\/strong><\/p>\n<p><strong>ALAGOAS<\/strong><\/p>\n<p>\u00c1gua Branca<br \/>\n&#8211; EE MONSENHOR SEBASTIAO ALVES BEZERRA &#8211; PR\u00c9DIO: PRINCIPAL<\/p>\n<p>Arapiraca<br \/>\n&#8211; EE LIONS CLUB &#8211; PR\u00c9DIO: PRINCIPAL<br \/>\n&#8211; EE MANOEL ANDRE &#8211; PR\u00c9DIO: PRINCIPAL<br \/>\n&#8211; EE MANOEL LUCIO &#8211; PR\u00c9DIO: PRINCIPAL<br \/>\n&#8211; EE PROFA IZAURA ANTONIA DE LISBOA &#8211; PR\u00c9DIO: PRINCIPAL<br \/>\n&#8211; EEF COSTA REGO &#8211; PR\u00c9DIO: PRINCIPAL<br \/>\n&#8211; UFAL &#8211; UNIV FEDERAL DE ALAGOAS &#8211; CAMPUS ARAPIRACA &#8211; PR\u00c9DIO: BLOCO A &#8211; PR\u00c9DIO: BLOCO B &#8211; PR\u00c9DIO: BLOCO C<br \/>\n&#8211; UNEAL &#8211; CAMPUS I &#8211; PR\u00c9DIO: PRINCIPAL<\/p>\n<p>Delmiro Gouveia<br \/>\n&#8211; EE LUIZ AUGUSTO AZEVEDO DE MENEZES &#8211; PR\u00c9DIO: PRINCIPAL<br \/>\n&#8211; UFAL &#8211; UNIV FEDERAL DE ALAGOAS &#8211; CAMPUS DO SERTAO &#8211; PR\u00c9DIO: PRINCIPAL<\/p>\n<p>Girau do Ponciano<br \/>\n&#8211; EE PROF JOSE ENOQUE DE BARROS &#8211; PR\u00c9DIO: PRINCIPAL<\/p>\n<p>Macei\u00f3<br \/>\n&#8211; IFAL &#8211; IF DE ALAGOAS &#8211; CAMPUS MACEIO &#8211; PR\u00c9DIO: ELETRONICA &#8211; PR\u00c9DIO: PRINCIPAL<\/p>\n<p>Marechal Deodoro<br \/>\n&#8211; IFAL &#8211; CAMPUS MARECHAL DEODORO &#8211; PR\u00c9DIO: PRINCIPAL<\/p>\n<p>Palmeira dos \u00cdndios<br \/>\n&#8211; UNEAL &#8211; UNIV ESTADUAL DE ALAGOAS &#8211; CAMPUS III &#8211; PR\u00c9DIO: PRINCIPAL<\/p>\n<p>Santana do Ipanema<br \/>\n&#8211; IFAL &#8211; CAMPUS SANTANA DO IPANEMA &#8211; PR\u00c9DIO: UNICO<\/p>\n<p><strong>BAHIA<\/strong><\/p>\n<p>Alagoinhas<br \/>\n&#8211; Universidade do Estado da Bahia &#8211; Uneb Campus II &#8211; Bloco A &#8211; Bloco B<\/p>\n<p>Amargosa<br \/>\n&#8211; Universidade Federal do Rec\u00f4ncavo da Bahia (UFRB) &#8211; Bloco \u00danico<\/p>\n<p>Barreiras<br \/>\n&#8211; Universidade Federal do Oeste da Bahia (UFOB) &#8211; Pr\u00e9dio 1 &#8211; Pr\u00e9dio 2<\/p>\n<p>Cachoeira<br \/>\n&#8211; UFRB &#8211; Centro de Artes, Humanidades e Letras &#8211; Bloco A &#8211; Bloco B<\/p>\n<p>Caetit\u00e9<br \/>\n&#8211; Universidade do Estado da Bahia &#8211; UNEB &#8211; DCH &#8211; Campus VI &#8211; Bloco \u00danico<\/p>\n<p>Cama\u00e7ari<br \/>\n&#8211; UNEB -Universidade do Estado da Bahia &#8211; Bloco \u00danico<\/p>\n<p>Catu<br \/>\n&#8211; Instituto Federal de Educa\u00e7\u00e3o Ci\u00eancia e Tecnologia Baiano Campus Catu &#8211; Antiga Escola Agrot\u00e9cnica &#8211; Bloco antigo &#8211; Pavilh\u00e3o novo<\/p>\n<p>Concei\u00e7\u00e3o do Caetit\u00e9<br \/>\n&#8211; UNEB Departamento de Educa\u00e7\u00e3o Campus XIV &#8211; Bloco \u00danico<\/p>\n<p>Cruz das Almas<br \/>\n&#8211; Universidade Federal do Rec\u00f4ncavo da Bahia UFRB Pavilh\u00e3o I &#8211; Pavilh\u00e3o de Aulas I<br \/>\n&#8211; Universidade Federal do Rec\u00f4ncavo da Bahia UFRB Pavilh\u00e3o II &#8211; Pavilh\u00e3o de Aulas II<\/p>\n<p>Feira de Santana<br \/>\n&#8211; Centro de Ci\u00eancia e Tecnologia em Energia e Sustentabilidade da Universidade Federal da Bahia &#8211; UFRB &#8211; Pavilh\u00e3o de Aulas<br \/>\n&#8211; Instituto Federal de Ci\u00eancias e Tecnologia da Bahia (IFBA) &#8211; Bloco \u00danico<br \/>\n&#8211; Universidade Estadual de Feira de Santana UEFS &#8211; CEEB \/ Laborat\u00f3rio de Letras \/ M\u00d3DULO I \/ M\u00d3DULO II \/ M\u00d3DULO III \/ M\u00d3DULO IV \/ M\u00d3DULO VI \/ M\u00d3DULO V \/ Centro de Conviv\u00eancia \/ M\u00d3DULO VII<\/p>\n<p>Guanambi<br \/>\n&#8211; Universidade do Estado da Bahia &#8211; UNEB &#8211; Campus XII &#8211; Bloco \u00danico<\/p>\n<p>Ilh\u00e9us<br \/>\n&#8211; Instituto Federal da Bahia (IFBA) &#8211; Bloco 01<br \/>\n&#8211; Universidade Estadual de Santa Cruz (UESC) Pavilh\u00e3o Adonias Filho \/ Pavilh\u00e3o de Exatas \/ Pavilh\u00e3o Jorge Amado 1 \/ Pavilh\u00e3o Jorge Amado 2 \/ Pavilh\u00e3o Juizado Modelo \/ Pavilh\u00e3o Pedro Calmon 2 \/ Pavilh\u00e3o Pedro Calmon 1 \/ MEDICINA VETERIN\u00c1RIA \/ EDUCA\u00c7\u00c3O F\u00cdSICA<\/p>\n<p>Itaberaba<br \/>\n&#8211; UNEB Universidade do Estado da Bahia Departamento de Educa\u00e7\u00e3o Campus XIII &#8211; Bloco I &#8211; Bloco II<\/p>\n<p>Itabuna<br \/>\n&#8211; CEEP em Biotecnologia e Sa\u00fade antigo Col\u00e9gio Polivalente de Itabuna Bloco \u00danico<\/p>\n<p>Itapetinga<br \/>\n&#8211; Instituto Federal Baiano Campus Itapetinga &#8211; Bloco A &#8211; Bloco B<br \/>\n&#8211; Universidade Estadual do Sudoeste da Bahia (UESB) &#8211; Bloco A &#8211; Bloco B<\/p>\n<p>Jacobina<br \/>\n&#8211; UNEB Departamento de Ci\u00eancias Humanas Campus IV &#8211; Bloco A &#8211; Bloco B<\/p>\n<p>Jequi\u00e9<br \/>\n&#8211; Universidade Estadual do Sudoeste da Bahia UESB D\u00e1lva de Oliveira &#8211; Bloco \u00danico &#8211; Pavilh\u00e3o Jos\u00e9lia Navarro &#8211; Pavilh\u00e3o Manoel Sarmento II<\/p>\n<p>Juazeiro<br \/>\n&#8211; Universidade do Estado da Bahia &#8211; UNEB &#8211; Campus III &#8211; Departamento de Tecnologia e Ci\u00eancias Sociais &#8211;\u00a0 DTCS &#8211; Pr\u00e9dio de Direito &#8211; Pr\u00e9dio de Agronomia &#8211; Pr\u00e9dio de Direito<br \/>\n&#8211; Universidade do Estado da Bahia (UNEB) &#8211; Departamento de Ci\u00eancias Humanas &#8211; Campus III &#8211; LABORATORIO DE REDA\u00c7\u00c3O &#8211; PREDIO PEDAGOGIA &#8211; PREDIO ADM &#8211; Pr\u00e9dio de Comunica\u00e7\u00e3o<\/p>\n<p>Paulo Afonso<br \/>\n&#8211; Instituto Federal de Educa\u00e7\u00e3o Ci\u00eancia e Tecnologia da Bahia antigo COLEPA &#8211; Bloco 1 &#8211; ALA 1 \/ Bloco 2 &#8211; ALA 2<\/p>\n<p>Porto Seguro<br \/>\n&#8211; Universidade Federal do Sul da Bahia &#8211; BLOCO A &#8211; BLOCO B<\/p>\n<p>Salvador<br \/>\n&#8211; Universidade do Estado da Bahia (UNEB) &#8211; Departamento de Ci\u00eancias da Vida &#8211; DCV &#8211; DECV II<br \/>\n&#8211; Universidade do Estado da Bahia (UNEB) &#8211; Departamento de Ci\u00eancias Exatas e da Terra &#8211; DCETI &#8211; Bloco \u00danico<br \/>\n&#8211; Universidade do Estado da Bahia (UNEB) &#8211; Departamento de Ci\u00eancias Humanas\u00a0 &#8211; DCH &#8211; Bloco \u00danico<br \/>\n&#8211; Universidade do Estado da Bahia (UNEB) &#8211; Departamento de Educa\u00e7\u00e3o &#8211; DEDC &#8211; Bloco \u00danico<\/p>\n<p>Santa Maria da Vit\u00f3ria<br \/>\n&#8211; UFOB UNIVERSIDADE FEDERAL DO OESTE DA BAHIA CAMPUS SANTA MARIA &#8211; Bloco \u00danico<\/p>\n<p>Santo Ant\u00f4nio de Jesus<br \/>\n&#8211; Universidade do Estado da Bahia UNEB Campus V &#8211; BLOCO I &#8211; BLOCO II<\/p>\n<p>Teixeira de Freitas<br \/>\n&#8211; UNIVERSIDADE FEDERAL DO SUL DA BAHIA &#8211; UFSB &#8211; Bloco 01 &#8211; Bloco 02<\/p>\n<p>Valen\u00e7a<br \/>\n&#8211; (UNEB) Universidade do Estado da Bahia &#8211; Campus XV &#8211; Pr\u00e9dio 01 &#8211; Pr\u00e9dio 02<br \/>\n&#8211; Instituto Federal de Educa\u00e7\u00e3o Ci\u00eancia e Tecnologia da Bahia (IFBA) &#8211; Campus Valen\u00e7a &#8211; Bloco F &#8211; Bloco G<\/p>\n<p>Vit\u00f3ria da Conquista<br \/>\n&#8211; CETEP &#8211; Centro Territorial de Educa\u00e7\u00e3o Profissional (antiga Agrot\u00e9cnica S\u00e9rgio de Carvalho) &#8211; BLOCO 01 &#8211; BLOCO 02<br \/>\n&#8211; Inst. Fed. de Educ. Ci\u00eancias e Tec. da Bahia (IFBA) (Antigo CEFET ) &#8211; Campus de Vit\u00f3ria da Conquista &#8211; BLOCO ALFA &#8211; BLOCO BETA &#8211; BLOCO IX &#8211; BLOCO V &#8211; Bloco Novo<br \/>\n&#8211; Universidade Estadual do Sudoeste da Bahia (UESB) &#8211; M\u00d3DULO I UINFOR &#8211; M\u00d3DULO II &#8211; DITORA &#8211; M\u00d3DULO IV &#8211; PEDAGOGIA &#8211; M\u00f3dulo III &#8211; ANTONIO LUIS- LUIZ\u00c3O<br \/>\n&#8211; Universidade Federal da Bahia (UFBA) &#8211; IMS-CAT &#8211; Campus An\u00edsio Teixeira &#8211; Bloco \u00fanico<\/p>\n<p><strong>DISTRITO FEDERAL<\/strong><\/p>\n<p>&#8211; CEM 02 do Gama &#8211; Bloco 1 &#8211; Humanidades \/ Bloco 2 &#8211; Linguagens e C\u00f3digos \/ Bloco 3 &#8211; Ci\u00eancias da Natureza<br \/>\n&#8211; CEM 304 de Samambaia &#8211; Bloco A &#8211; Bloco B &#8211; Bloco C &#8211; Bloco D<br \/>\n&#8211; CEM Taguatinga Norte (CEMTN) &#8211; Bloco A &#8211; Bloco B &#8211; Bloco C &#8211; Bloco D &#8211; Bloco E<br \/>\n&#8211; Centro Educacional 01 de Planaltina &#8211; Centr\u00e3o &#8211; Bloco A &#8211; Bloco B &#8211; Bloco C<br \/>\n&#8211; Instituto Federal de Brasilia &#8211; IFB Campus Samambaia &#8211; Bloco A &#8211; Bloco B<br \/>\n&#8211; Instituto Federal de Bras\u00edlia (IFB) &#8211; Campus Riacho Fundo I &#8211; BLOCO \u00daNICO<br \/>\n&#8211; Universidade de Bras\u00edlia (UnB) &#8211; Bloco de Salas de Aula &#8211; BSA Sul Bloco \u00danico<br \/>\n&#8211; Universidade de Bras\u00edlia (UnB) &#8211; Campus Planaltina Unidade Acad\u00eamica &#8211; UAC<br \/>\n&#8211; Universidade de Bras\u00edlia (UnB) &#8211; Pavilh\u00e3o An\u00edsio Teixeira &#8211; Bloco \u00danico<br \/>\n&#8211; Universidade de Bras\u00edlia (UnB) &#8211; Pavilh\u00e3o Jo\u00e3o Calmon &#8211; Bloco \u00danico<\/p>\n<p><strong>ESP\u00cdRITO SANTO<\/strong><\/p>\n<p>Cariacica<br \/>\n&#8211; EEEFM Ary Parreiras &#8211; Bloco A<br \/>\n&#8211; EEEFM Coronel Ol\u00edmpio Cunha &#8211; Bloco A<br \/>\n&#8211; EEEFM Hunney Everest Piovesan &#8211; Bloco A<br \/>\n&#8211; EEEFM Jesus Cristo Rei &#8211; Bloco A<br \/>\n&#8211; EEEFM Maria de Lourdes Poyares Labuto &#8211; Bloco \u00danico<br \/>\n&#8211; EEEFM Professor Joaquim Barbosa Quitiba &#8211; Bloco \u00danico<br \/>\n&#8211; EEEFM Professor Jos\u00e9 Le\u00e3o Nunes &#8211; Bloco A<br \/>\n&#8211; EEEFM Professora Maria Penedo &#8211; Bloco A<\/p>\n<p>Colatina<br \/>\n&#8211; EEEFM Conde de Linhares &#8211; Bloco \u00danico<\/p>\n<p>S\u00e3o Mateus<br \/>\n&#8211; Centro Universit\u00e1rio Norte do Esp\u00edrito Santo &#8211; CEUNES-UFES &#8211; Bloco A &#8211; Eixo I \/\u00a0 Bloco C &#8211; Eixo III<br \/>\n&#8211; EEEFM Marita Motta Santos (antiga EEEFM S\u00e3o Mateus) &#8211; Bloco \u00danico<\/p>\n<p>Serra<br \/>\n&#8211; EEEFM Arist\u00f3bulo Barbosa Le\u00e3o &#8211; Pr\u00e9dio Principal<br \/>\n&#8211; EEEFM Belmiro Teixeira Pimenta &#8211; Bloco 1 &#8211; Bloco 2<br \/>\n&#8211; EEEFM Clotilde Rato &#8211; Bloco I &#8211; Bloco II<br \/>\n&#8211; EEEFM Cl\u00f3vis Borges Miguel &#8211; Bloco \u00danico<br \/>\n&#8211; EEEFM ELICE BAPTISTA GAUDIO &#8211; Bloco 1 &#8211; Bloco 2<br \/>\n&#8211; EEEFM Francisca Peixoto Miguel &#8211; Bloco \u00danico<br \/>\n&#8211; EEEFM IRACEMA CONCEI\u00c7\u00c3O SILVA &#8211; Bloco 1 &#8211; Bloco 2<br \/>\n&#8211; EEEFM Jacara\u00edpe &#8211; Anexo &#8211; Principal<br \/>\n&#8211; EEEFM Marinete de Souza Lira &#8211; Bloco 1 &#8211; Bloco 2<br \/>\n&#8211; EEEFM Mestre \u00c1lvaro &#8211; Bloco 1<br \/>\n&#8211; EEEFM NOVA CARAPINA &#8211; Bloco Unico<br \/>\n&#8211; EEEFM Professor Jo\u00e3o Loyola &#8211; Bloco \u00danico<br \/>\n&#8211; EEEFM Professora Hilda Miranda do Nascimento &#8211; Bloco I<br \/>\n&#8211; EEEFM Professora Juraci Machado &#8211; Bloco \u00danico<br \/>\n&#8211; EEEFM Professora Maria Olinda de Oliveira Menezes &#8211; Bloco \u00danico<br \/>\n&#8211; EEEFM SIZENANDO PECHINCHA &#8211; Bloco unico<br \/>\n&#8211; EEEFM Vila Nova de Colares &#8211; Bloco \u00danico<br \/>\n&#8211; EEEFM Zumbi dos Palmares &#8211; Bloco \u00danico<\/p>\n<p>Viana<br \/>\n&#8211; EEEFM Ewerton Montenegro Guimar\u00e3es &#8211; Bloco \u00danico<br \/>\n&#8211; EEEM Irm\u00e3 Dulce Lopes Ponte &#8211; Bloco \u00danico<\/p>\n<p>Vila Velha<br \/>\n&#8211; EEEFM Florentino Avidos &#8211; BLOCO \u00daNICO\u00a0 &#8211;<br \/>\n&#8211; EEEFM Francelina Carneiro Set\u00fabal &#8211; Bloco \u00danico\u00a0 &#8211;<br \/>\n&#8211; EEEM Ormanda Gon\u00e7alves &#8211; BLOCO \u00daNICO\u00a0 &#8211;<br \/>\n&#8211; EEEM Professor Agenor Roris &#8211; Pavilh\u00e3o 1 &#8211; Pavilh\u00e3o 2<\/p>\n<p>Vit\u00f3ria<br \/>\n&#8211; Col\u00e9gio Estadual do Esp\u00edrito Santo &#8211; Bloco \u00danico\u00a0 &#8211;<br \/>\n&#8211; EEEFM Aflord\u00edzio Carvalho da Silva &#8211; Bloco \u00danico\u00a0 &#8211;<br \/>\n&#8211; EEEFM Almirante Barroso &#8211; Bloco \u00danico\u00a0 &#8211;<br \/>\n&#8211; EEEM Arnulpho Mattos &#8211; Bloco \u00danico\u00a0 &#8211;<br \/>\n&#8211; EEEM Irm\u00e3 Maria Horta &#8211; Bloco \u00danico\u00a0 &#8211;<br \/>\n&#8211; EEEM Professor Fernando Duarte Rabelo &#8211; Instituto de Educa\u00e7\u00e3o &#8211; Bloco \u00danico\u00a0 &#8211;<br \/>\n&#8211; EEEM Professor Renato Jos\u00e9 da Costa Pacheco &#8211; Bloco \u00danico\u00a0 &#8211;<br \/>\n&#8211; Instituto Federal de Educa\u00e7\u00e3o, Ci\u00eancia e Tecnologia do Esp\u00edrito Santo &#8211; IFES (antigo CEFET) &#8211; Bloco Metalurgica &#8211; Bloco Principal<\/p>\n<p><strong>GOI\u00c1S<\/strong><\/p>\n<p>Aparecida de Goi\u00e2nia<br \/>\n&#8211; Instituto Federal de Goi\u00e1s &#8211; Campus Aparecida de Goi\u00e2nia &#8211; Bloco B &#8211; Bloco C &#8211; Complexo &#8211;<\/p>\n<p>Formosa<br \/>\n&#8211; Instituto Federal de Goi\u00e1s IFG &#8211; Campus Formosa &#8211; Bloco \u00danico\u00a0<\/p>\n<p>Goi\u00e2nia<br \/>\n&#8211; Universidade Federal de Goi\u00e1s (UFG) &#8211; Centro de Aulas A<br \/>\n&#8211; Universidade Federal de Goi\u00e1s (UFG) &#8211; Centro de Aulas Baru B &#8211; Bloco \u00danico<br \/>\n&#8211; Universidade Federal de Goi\u00e1s (UFG) &#8211; Centro de Aulas Cara\u00edbas C &#8211; Bloco \u00danico<br \/>\n&#8211; Universidade Federal de Goi\u00e1s (UFG) &#8211; Centro de Aulas D &#8211; Bloco \u00danico<br \/>\n&#8211; UFG\/Regional SantAna &#8211; Bloco \u00danico<br \/>\n&#8211; Universidade Federal de Goi\u00e1s (UFG) &#8211; Faculdade de Direito &#8211; Campus da Cidade de Goi\u00e1s &#8211; Bloco 1 &#8211; Bloco 2<\/p>\n<p>Ipor\u00e1<br \/>\n&#8211; Instituto Federal Goiano &#8211; Campus Ipor\u00e1 &#8211; Bloco \u00danico<\/p>\n<p>Jata\u00ed<br \/>\n&#8211; Instituto Federal de Educa\u00e7\u00e3o, Ci\u00eancia e Tecnologia de Goi\u00e1s &#8211; Bloco \u00danico\u00a0 &#8211;<br \/>\n&#8211; UNIVERSIDADE FEDERAL DE GOI\u00c1S &#8211; CAMPUS JATOB\u00c1 &#8211; Central 01 &#8211; C1 &#8211; C2<\/p>\n<p><strong>MARANH\u00c3O<\/strong><\/p>\n<p>Graja\u00fa<br \/>\n&#8211; UNIVERSIDADE FEDERAL DO MARANH\u00c3O &#8211; Bloco Unico<\/p>\n<p>Imperatriz<br \/>\n&#8211; Centro de Estudos Superiores de Imperatriz (CESI-UEMA) &#8211; Anexo I &#8211; Pavilh\u00e3o I &#8211; Pavilh\u00e3o II &#8211;<\/p>\n<p>Pinheiro<br \/>\n&#8211; IFMA &#8211; Campus Pinheiro &#8211; Bloco \u00danico<br \/>\n&#8211; Unidade Escolar Agostinho Ramalho Marques &#8211; Bloco \u00danico<\/p>\n<p>S\u00e3o Bernardo<br \/>\n&#8211; Universidade Federal do Maranh\u00e3o &#8211; UFMA &#8211; Bloco \u00danico<\/p>\n<p>S\u00e3o Lu\u00eds<br \/>\n&#8211; COL\u00c9GIO UNIVERSIT\u00c1RIO &#8211; COLUN &#8211; UFMA &#8211; PR\u00c9DIO PRINCIPAL<\/p>\n<p><strong>MINAS GERAIS<\/strong><\/p>\n<p>Belo Horizonte<br \/>\n&#8211; Escola Estadual Ari da Franca &#8211; Bloco 1 &#8211; Bloco 2<br \/>\n&#8211; Escola Estadual Dom Cabral Bloco 1 \/ Bloco 2<br \/>\n&#8211; Escola Estadual Geraldina Ana Gomes &#8211; Bloco 1 &#8211; Bloco 2<br \/>\n&#8211; Escola Estadual Governador Milton Campos &#8211; Unidade I &#8211; Bloco \u00danico<br \/>\n&#8211; Escola Estadual Juscelino Kubitschek de Oliveira &#8211; Bloco \u00danico\u00a0 &#8211;<br \/>\n&#8211; Escola Estadual Maria Carolina Campos &#8211; Bloco 1 &#8211; Bloco 2 &#8211; Bloco 3<br \/>\n&#8211; Escola Estadual Maria Luiza Miranda Bastos Bloco 1 \/ Bloco 2 \/ Bloco 3<br \/>\n&#8211; Escola Estadual Paschoal Comanducci Bloco 1 \/ Bloco Anexo \/ Bloco 2 \/ Bloco 3<br \/>\n&#8211; Escola Estadual Professora Maria Muzzi Guastaferro &#8211; Bloco \u00danico\u00a0 &#8211;<br \/>\n&#8211; Escola Estadual Santos Dumont &#8211; Bloco \u00danico<br \/>\n&#8211; Escola Estadual Tr\u00eas Poderes Bloco 1 \/ Bloco Anexo<br \/>\n&#8211; Universidade Federal de Minas Gerais (UFMG) &#8211; Biblioteca Universit\u00e1ria &#8211; Campus Pampulha<br \/>\n&#8211; Universidade Federal de Minas Gerais (UFMG) &#8211; CAD 1 &#8211; Campus Pampulha &#8211; Bloco \u00danico\u00a0 &#8211;<br \/>\n&#8211; Universidade Federal de Minas Gerais (UFMG) &#8211; CAD 2 &#8211; Bloco B &#8211; Campus Pampulha &#8211; Bloco B\u00a0 &#8211;<br \/>\n&#8211; Universidade Federal de Minas Gerais (UFMG) &#8211; CAD 2 &#8211; Bloco C &#8211; Campus Pampulha &#8211; Bloco C\u00a0 &#8211;<br \/>\n&#8211; Universidade Federal de Minas Gerais (UFMG) &#8211; Centro Pedag\u00f3gico &#8211; Campus Pampulha Bloco \u00danico<br \/>\n&#8211; Universidade Federal de Minas Gerais (UFMG) &#8211; Col\u00e9gio T\u00e9cnico (Coltec) &#8211; Campus Pampulha &#8211; Bloco \u00danico<br \/>\n&#8211; Universidade Federal de Minas Gerais (UFMG) &#8211; Escola de Ci\u00eancia da Informa\u00e7\u00e3o &#8211; Campus Pampulha &#8211; Bloco \u00danico<br \/>\n&#8211; Universidade Federal de Minas Gerais (UFMG) &#8211; Escola de Educa\u00e7\u00e3o F\u00edsica, Fisioterapia e Terapia Ocupacional &#8211; EEFFTO &#8211; Campus Pampulha &#8211; Bloco \u00danico<br \/>\n&#8211; Universidade Federal de Minas Gerais (UFMG) &#8211; Escola de Engenharia &#8211; Bloco 3 &#8211; Campus Pampulha &#8211; Bloco \u00danico<br \/>\n&#8211; Universidade Federal de Minas Gerais (UFMG) &#8211; Escola de Engenharia &#8211; Bloco 4 &#8211; Campus Pampulha &#8211; Bloco \u00danico<br \/>\n&#8211; Universidade Federal de Minas Gerais (UFMG) &#8211; Escola de Veterin\u00e1ria &#8211; Campus Pampulha Bloco \u00danico<br \/>\n&#8211; Universidade Federal de Minas Gerais (UFMG) &#8211; Fac. de Fil e Ci\u00eancias Humanas (FAFICH) &#8211; Campus Pampulha &#8211; Bloco \u00danico<br \/>\n&#8211; Universidade Federal de Minas Gerais (UFMG) &#8211; Faculdade de Farm\u00e1cia &#8211; Campus Pampulha &#8211; Bloco \u00danico<br \/>\n&#8211; Universidade Federal de Minas Gerais (UFMG) &#8211; Faculdade de Letras (FALE) &#8211; Campus Pampulha &#8211; Bloco \u00danico<br \/>\n&#8211; Universidade Federal de Minas Gerais (UFMG) &#8211; Faculdade de Odontologia &#8211; Campus Pampulha &#8211; Bloco \u00danico<br \/>\n&#8211; Universidade Federal de Minas Gerais (UFMG) &#8211; Hospital Veterin\u00e1rio &#8211; Campus Pampulha<br \/>\n&#8211; Universidade Federal de Minas Gerais (UFMG) &#8211; Instituto de Ci\u00eancias Exatas (ICEX) &#8211; Campus Pampulha &#8211; Bloco \u00danico<br \/>\n&#8211; Universidade Federal de Minas Gerais (UFMG) &#8211; Instituto de Geoci\u00eancias &#8211; IGC &#8211;\u00a0 Campus Pampulha &#8211; Bloco \u00danico<\/p>\n<p>Concei\u00e7\u00e3o do Mato Dentro<br \/>\n&#8211; Escola Estadual Mestre Sebastiao Jorge &#8211; Bloco 1<br \/>\n&#8211; Escola Estadual S\u00e3o Joaquim &#8211; Bloco 1<\/p>\n<p>Contagem<br \/>\n&#8211; Escola Estadual Helena Guerra &#8211; Pr\u00e9dio A &#8211; Pr\u00e9dio B<\/p>\n<p>Diamantina<br \/>\n&#8211; Escola Estadual Professora Ayna T\u00f4rres &#8211; Bloco \u00danico\u00a0 &#8211;<br \/>\n&#8211; Escola Estadual Professora Isabel Motta &#8211; Bloco 1<\/p>\n<p>Divin\u00f3polis<br \/>\n&#8211; Escola Estadual Manoel Corr\u00eaa Filho &#8211; Bloco B \/ Bloco A<br \/>\n&#8211; Escola Estadual Martin Cyprien &#8211; Bloco \u00danico<br \/>\n&#8211; Universidade Federal de S\u00e3o Jo\u00e3o Del Rei UFSJ &#8211; Campus Divin\u00f3polis &#8211; Bloco \u00danico<\/p>\n<p>Espinosa<br \/>\n&#8211; Escola Estadual Bet\u00e2nia Tolentino Silveira &#8211; Pr\u00e9dio 1 &#8211; Pr\u00e9dio 2<\/p>\n<p>Ituiutaba<br \/>\n&#8211; Escola Estadual Coronel Tonico Franco &#8211; Bloco A \/ Bloco B<br \/>\n&#8211; Escola Estadual Governador Israel Pinheiro Bloco 1 \/ Bloco 2 Universidade Federal de Uberl\u00e2ndia Bloco 1B \/ Bloco 1D<\/p>\n<p>Janu\u00e1ria<br \/>\n&#8211; Escola Estadual Oleg\u00e1rio Maciel &#8211; Bloco 1 &#8211; Bloco 2<br \/>\n&#8211; Instituto Federal de Educa\u00e7\u00e3o Ci\u00eancia e Tecnologia do Norte de Minas IFET &#8211; Campus Janu\u00e1ria &#8211; Bloco do Ensino M\u00e9dio \/ Bloco do Ensino M\u00e9dio (Novo) \/ Bloco do Ensino Superior<\/p>\n<p>Juiz de Fora<br \/>\n&#8211; Universidade Federal de Juiz de Fora &#8211; Instituto de Ci\u00eancias Humanas &#8211; Pr\u00e9dio Novo &#8211; Bloco A &#8211; Bloco D &#8211; Bloco B &#8211; Bloco C<\/p>\n<p>Mariana<br \/>\n&#8211; Instituto de Ci\u00eancias Humanas e Sociais ICHS &#8211; BLOCO ANTIGO &#8211; BLOCO REUNI<br \/>\n&#8211; Instituto de Ci\u00eancias Sociais Aplicadas ICSA UFOP &#8211; BLOCO ANTIGO &#8211; BLOCO DE SALA<\/p>\n<p>Monte Azul<br \/>\n&#8211; Escola Estadual de Monte Azul &#8211; Bloco 1 &#8211; Bloco 2<br \/>\n&#8211; Escola Estadual Tancredo Neves &#8211; Bloco 1 &#8211; Bloco 2<\/p>\n<p>Montes Claros<br \/>\n&#8211; Escola Estadual Monsenhor Gustavo &#8211; BLOCO 01<\/p>\n<p>Ouro Branco<br \/>\n&#8211; Universidade Federal de S\u00e3o Jo\u00e3o Del Rei UFSJ Campus Alto Paraopeba &#8211; CAP &#8211; Bloco 1 &#8211; Bloco 3 &#8211; Bloco 4 &#8211; Bloco 5 &#8211; Bloco 6<br \/>\n&#8211; Instituto Federal de Minas Gerais IFMG Campus Ouro Preto antigo CEFET &#8211; Pavilh\u00e3o de Meio Ambiente \/ Pavilh\u00e3o Bloco I Geraldo Nunes \/ Pavilh\u00e3o Metalurgia \/ Pavilh\u00e3o Minera\u00e7\u00e3o \/ Pavilh\u00e3o Seguran\u00e7a do Trabalho \/ Pavilh\u00e3o de Desenho \/ PAVILH\u00c3O EDIFICA\u00c7\u00d5ES \/ Pavilh\u00e3o de L\u00ednguas \/ Pavilh\u00e3o Gest\u00e3o da Qualidade<br \/>\n&#8211; Universidade Federal de Ouro Preto (UFOP) -Direito -Campus Morro do Cruzeiro &#8211; Bloco \u00danico<br \/>\n&#8211; Universidade Federal de Ouro Preto (UFOP) &#8211; Escola de Minas &#8211; Campus Morro do Cruzeiro &#8211; Bloco \u00danico<br \/>\n&#8211; Universidade Federal de Ouro Preto (UFOP) &#8211; ICEB I &#8211; Campus Morro do Cruzeiro &#8211; Bloco 1 \/ Bloco 2<br \/>\n&#8211; Universidade Federal de Ouro Preto (UFOP) &#8211; Bloco de Salas de Aulas &#8211; Campus Morro do Cruzeiro &#8211; Bloco \u00danico<\/p>\n<p>Paracatu<br \/>\n&#8211; Escola Estadual Ant\u00f4nio Carlos &#8211; Bloco A &#8211; Bloco B<br \/>\n&#8211; Escola Estadual Doutor Virg\u00edlio de Melo Franco &#8211; Bloco \u00danico<\/p>\n<p>Pirapora<br \/>\n&#8211; Instituto Federal do Norte de Minas Gerais &#8211; IFNMG Campus Pirapora &#8211; Bloco 1<\/p>\n<p>Po\u00e7os de Caldas<br \/>\n&#8211; Col\u00e9gio Municipal Doutor Jos\u00e9 Vargas de Souza &#8211; Bloco 1 &#8211; Bloco 2<br \/>\n&#8211; Escola Estadual David Campista &#8211; Bloco \u00danico\u00a0 &#8211;<br \/>\n&#8211; Escola Estadual Doutor Jo\u00e3o Eug\u00eanio de Almeida &#8211; Bloco \u00danico\u00a0 &#8211;<br \/>\n&#8211; Escola Estadual Professor Arlindo Pereira &#8211; Polivalente &#8211; Bloco \u00danico<\/p>\n<p>Santa Luzia<br \/>\n&#8211; Escola Estadual Presidente Itamar Franco &#8211; Bloco I \/ Bloco II<\/p>\n<p>S\u00e3o Jo\u00e3o del Rei<br \/>\n&#8211; Universidade Federal de S\u00e3o Jo\u00e3o Del Rei UFSJ &#8211; Campus Santo Ant\u00f4nio &#8211; Pr\u00e9dio Principal \/ Pr\u00e9dio Mec\u00e2nica \/ Pr\u00e9dio El\u00e9trica<br \/>\n&#8211; Universidade Federal de S\u00e3o Jo\u00e3o Del Rei UFSJ Campus Dom Bosco &#8211; Pr\u00e9dio Principal &#8211; Pr\u00e9dio do Depto Ci\u00eancias Naturais<br \/>\n&#8211; Universidade Federal de S\u00e3o Jo\u00e3o Del Rei UFSJ Campus Tancredo de Almeida Neves &#8211; Pr\u00e9dio Central &#8211; Pr\u00e9dio da Zootecnia &#8211; &#8211; &#8211; &#8211; Pr\u00e9dio de Ci\u00eancias Econ\u00f4micas &#8211; Pr\u00e9dio do Reuni &#8211;\u00a0 Pr\u00e9dio Reuni III<\/p>\n<p>Uberaba<br \/>\n&#8211; Centro Educacional da Universidade Federal do Tri\u00e2ngulo Mineiro UFTM &#8211; Bloco \u00danico &#8211;<\/p>\n<p>Uberl\u00e2ndia<br \/>\n&#8211; Escola Estadual Ant\u00f4nio Luis Bastos &#8211; Bloco \u00danico\u00a0 &#8211;<br \/>\n&#8211; Escola Estadual Ant\u00f4nio Thomaz Ferreira de Rezende &#8211; Bloco 1 &#8211; Bloco 2 &#8211; Bloco 3 &#8211; Bloco 4<br \/>\n&#8211; Escola Estadual Bueno Brand\u00e3o &#8211; Bloco \u00danico<br \/>\n&#8211; Escola Estadual de Uberl\u00e2ndia &#8211; MUSEU &#8211; Bloco \u00danico<br \/>\n&#8211; Escola Estadual Frei Egidio Parisi &#8211; Bloco 1 &#8211; Bloco 2 &#8211; Bloco 3 &#8211;<br \/>\n&#8211; Escola Estadual Guiomar de Freitas Costa &#8211; Bloco 01 &#8211; Bloco 02<br \/>\n&#8211; Escola Estadual Jo\u00e3o Rezende &#8211; Bloco \u00danico\u00a0 &#8211;<br \/>\n&#8211; Escola Estadual M\u00e1rio Porto &#8211; Bloco \u00danico\u00a0 &#8211;<br \/>\n&#8211; Escola Estadual Messias Pedreiro &#8211; Bloco A &#8211; Bloco B &#8211; Bloco C &#8211; Bloco D &#8211; Bloco E<br \/>\n&#8211; Escola Estadual Professor Jos\u00e9 Ign\u00e1cio de Sousa &#8211; Bloco 1 \/ Bloco 2<br \/>\n&#8211; Escola Estadual Professor Leonidas de Castro Serra &#8211; Bloco A &#8211; Bloco B &#8211; Bloco C &#8211;<br \/>\n&#8211; Escola Estadual Professora Juvenilia Ferreira dos Santos &#8211; Bloco A &#8211; Bloco B &#8211; Bloco C &#8211; Bloco D &#8211; Bloco E<br \/>\n&#8211; Escola Estadual Segismundo Pereira &#8211; Bloco \u00danico\u00a0 &#8211;<br \/>\n&#8211; Escola Estadual Teot\u00f4nio Vilela &#8211; Bloco 01 &#8211; Bloco 03 &#8211; Bloco 04 &#8211; Bloco 05<br \/>\n&#8211; Universidade Federal de Uberl\u00e2ndia UFU &#8211; Campus Santa M\u00f4nica Bloco 5O<\/p>\n<p>Una\u00ed<br \/>\n&#8211; Escola Estadual Delvito Alves da Silva &#8211; Bloco 01\u00a0 &#8211;<br \/>\n&#8211; Escola Estadual Domingos Pinto Brochado Bloco 1<br \/>\n&#8211; Escola Estadual Manoela Faria Soares &#8211; Bloco \u00danico\u00a0 &#8211;<br \/>\n&#8211; Escola Estadual Tancredo de Almeida Neves &#8211; Bloco 1\u00a0 &#8211;<br \/>\n&#8211; Escola Estadual Te\u00f3filo Martins Ferreira &#8211; Bloco 01\u00a0 &#8211;<br \/>\n&#8211; Escola Estadual Vig\u00e1rio T\u00f4rres &#8211; Bloco \u00danico\u00a0 &#8211;<br \/>\n&#8211; Escola Estadual Virg\u00edlio de Melo Franco &#8211; Bloco 01<br \/>\n&#8211; Universidade Estadual de Montes Claros UNIMONTES &#8211; BLOCO 01 \/ BLOCO 02 \/ BLOCO 03 \/ BLOCO 04\u00b4<\/p>\n<p><strong>MATO GROSSO DO SUL<\/strong><\/p>\n<p>Parana\u00edba<br \/>\n&#8211; Universidade Estadual do Mato Grosso do Sul &#8211; Bloco Audit\u00f3rio &#8211; Bloco I &#8211; Bloco II<\/p>\n<p><strong>MATO GROSSO<\/strong><\/p>\n<p>Rondon\u00f3polis<br \/>\n&#8211; IFMT CAMPUS RONDONOPOLIS &#8211; PR\u00c9DIO: UNICO<\/p>\n<p><strong>PAR\u00c1<\/strong><\/p>\n<p>Abaetetuba<br \/>\n&#8211; Campus Universit\u00e1rio de Abaetetuba &#8211; UFPA &#8211; Bloco A &#8211; Bloco B &#8211; Bloco C &#8211; Bloco D<\/p>\n<p>Altamira<br \/>\n&#8211; Universidade Federal do Par\u00e1 UFPA Campus l Letras &#8211; Bloco \u00danico<br \/>\n&#8211; Universidade Federal do Par\u00e1 UFPA Campus II Faculdade de Ci\u00eancias Biol\u00f3gicas &#8211; Bloco FCB\u00a0 &#8211;<br \/>\n&#8211; Universidade Federal do Par\u00e1 UFPA Campus II Faculdade de Engenharia Florestal &#8211; Bloco \u00danico\u00a0 &#8211;<br \/>\n&#8211; Universidade Federal do Par\u00e1 UFPA Campus II Faculdade de Etnodiversidade &#8211; Bloco \u00danico\u00a0 &#8211;<br \/>\n&#8211; Universidade Federal do Par\u00e1 UFPA Campus I Pedagogia &#8211; Audit\u00f3rio &#8211;<\/p>\n<p>Bragan\u00e7a<br \/>\n&#8211; Instituto Federal de Educa\u00e7\u00e3o Ci\u00eancia e Tecnologia IFPA Campus Bragan\u00e7a &#8211; Bloco I &#8211; Bloco II<\/p>\n<p>Camet\u00e1<br \/>\n&#8211; Campus Universit\u00e1rio do Tocantins Camet\u00e1 UFPA &#8211; Audit\u00f3rio &#8211; Bloco 01 -Bloco 02 &#8211; Bloco 03 &#8211; Bloco 04<\/p>\n<p>Castanhal<br \/>\n&#8211; Instituto Federal de Educa\u00e7\u00e3o Ci\u00eancia e Tecnologia do Par\u00e1 IFPA Campus Castanhal &#8211; Bloco A &#8211; CGE &#8211; Bloco B &#8211; CGE &#8211; Bloco D<br \/>\n&#8211; Universidade Federal do Par\u00e1 UFPA Bloco A \/ Bloco B \/ Bloco C GETI \/ Bloco D Multidisciplinar<\/p>\n<p>Marab\u00e1<br \/>\n&#8211; Unifesspa &#8211; Universidade Federal do Sul e Sudeste do Par\u00e1 &#8211; Campus I &#8211; Bloco 01 &#8211; Bloco 02 &#8211; Bloco 03<\/p>\n<p>Tucuru\u00ed<br \/>\n&#8211; Instituto Federal de Educa\u00e7\u00e3o Ci\u00eancia e Tecnologia do Par\u00e1 (IFPA) &#8211; Campus Tucuru\u00ed &#8211; Bloco \u00danico<\/p>\n<p><strong>PARA\u00cdBA<\/strong><\/p>\n<p>Areia<br \/>\n&#8211; UFPB &#8211; CENTRO DE CIENCIAS AGRARIAS-CAMPUS AREIA II &#8211; PR\u00c9DIO: A -PR\u00c9DIO: B &#8211; PR\u00c9DIO: C &#8211; PR\u00c9DIO: D<\/p>\n<p>Bananeiras<br \/>\n&#8211; UFPB &#8211; AGROECOLOGIA &#8211; PR\u00c9DIO: 1 &#8211; PR\u00c9DIO: 2<br \/>\n&#8211; UFPB &#8211; CENTRO DE CIENC HUMANAS SOCIAIS E AGRARIAS &#8211; PR\u00c9DIO: 1 &#8211; PR\u00c9DIO: 2 &#8211; PR\u00c9DIO: 3 &#8211; PR\u00c9DIO: 4<\/p>\n<p>Cabedelo<br \/>\n&#8211; IFPB &#8211; CAMPUS CABEDELO &#8211; PR\u00c9DIO: PRINCIPAL<\/p>\n<p><strong>PERNAMBUCO<\/strong><\/p>\n<p>Garanhuns<br \/>\n&#8211; UEPE &#8211; UNIV EST DE PERNAMBUCO &#8211; CAMPUS GARANHUNS &#8211; PR\u00c9DIO: PREDIO 2 &#8211; PR\u00c9DIO: PREDIO I<br \/>\n&#8211; UFRPE &#8211; UNIDADE ACADEMICA DE GARANHUNS &#8211; UAG &#8211; PR\u00c9DIO: PREDIO 2: PREDIO 3<\/p>\n<p>Ouricuri<br \/>\n&#8211; IF SERTAO PERNAMBUCANO &#8211; CAMPUS OURICURI &#8211; PR\u00c9DIO: PRINCIPAL<\/p>\n<p>Petrolina<br \/>\n&#8211; EE ANTONIO PADILHA &#8211; PR\u00c9DIO: PRINCIPAL<br \/>\n&#8211; IF SERTAO PERNAMBUCANO &#8211; PR\u00c9DIO: ANEXO &#8211; PR\u00c9DIO: PRINCIPAL<br \/>\n&#8211; UPE CAMPUS PETROLINA &#8211; BL 1 APLICA\u00c7AO PR\u00c9DIO: BL 1 APLICAC<br \/>\n&#8211; UPE CAMPUS PETROLINA, BL 2 EDUCACAO &#8211; PR\u00c9DIO: BL 2 EDUCACA<br \/>\n&#8211; UPE CAMPUS PETROLINA, BL 3 SAUDE &#8211; PR\u00c9DIO: BL 3 SAUDE<\/p>\n<p>Recife<br \/>\n&#8211; UFPE &#8211; CAC \/ CENTRO DE ARTES E COMUNICACAO &#8211; PR\u00c9DIO: PRINCIPAL<br \/>\n&#8211; UFPE &#8211; CCB \/ CENTRO DE CIENCIAS BIOLOGICAS &#8211; PR\u00c9DIO: PRINCIPAL<br \/>\n&#8211; UFPE &#8211; CENTRO DE EDUCACAO &#8211; PR\u00c9DIO: PRINCIPAL<br \/>\n&#8211; UFPE &#8211; CFCH \/ CENT DE FILOSOFIA E CIENCIAS HUMANAS &#8211; PR\u00c9DIO: PRINCIPAL<br \/>\n&#8211; UFPE &#8211; NIATE CFCH\/CCSA &#8211; PR\u00c9DIO: PRINCIPAL\u00a0 &#8211;<br \/>\n&#8211; UFRPE &#8211; CEGOE \/ CENTRO DE ENSINO DE GRADUACAO &#8211; PR\u00c9DIO: 1 &#8211; PR\u00c9DIO 2<br \/>\n&#8211; UFRPE CEAGRE 1 PREDIO PROF RILDO SARTORI B COELHO &#8211; PR\u00c9DIO: PRINCIPAL<br \/>\n&#8211; UFRPE CEAGRE 2 &#8211; PREDIO PROF JOAO VASCONCELOS &#8211; PR\u00c9DIO: PRINCIPAL<\/p>\n<p>Salgueiro<br \/>\n&#8211; IF &#8211; CAMPUS SALGUEIRO &#8211; PR\u00c9DIO: PRINCIPAL<\/p>\n<p>S\u00e3o Louren\u00e7o da Mata<br \/>\n&#8211; COL AGRICOLA DOM AGOSTINHO &#8211; IKAS PR\u00c9DIO: PRINCIPAL<br \/>\n&#8211; COL AGRICOLA DOM AGOSTINHO IKAS &#8211; CODAI &#8211; UFRPE &#8211; PR\u00c9DIO: PRINCIPAL<br \/>\n&#8211; EREM CONDE PEREIRA CARNEIRO PR\u00c9DIO: BL 1 \/ PR\u00c9DIO: BL 2<\/p>\n<p>Vit\u00f3ria de Santo Ant\u00e3o<br \/>\n&#8211; UFPE &#8211; CENTRO ACADEMICO DE VITORIA DE SANTO ANTAO &#8211; PR\u00c9DIO: ADM &#8211; PR\u00c9DIO: ANEXO LAB<\/p>\n<p><strong>PIAU\u00cd<\/strong><\/p>\n<p>Bom Jesus<br \/>\n&#8211; Universidade Federal do Piau\u00ed (UFPI) &#8211; Campus Professora Cinobelina Elvas (CPCE) &#8211; Bloco 01 &#8211; Bloco 02<\/p>\n<p>Teresina<br \/>\n&#8211; Instituto Federal de Educa\u00e7\u00e3o Tecnol\u00f3gica (IFPI) &#8211; Campus Sul &#8211; Bloco \u00danico<\/p>\n<p><strong>PARAN\u00c1<\/strong><\/p>\n<p>Almirante Tamandar\u00e9<br \/>\n&#8211; CE PAPA JOAO PAULO I &#8211; PR\u00c9DIO: UNICO\u00a0 &#8211;<br \/>\n&#8211; CE PROF EDIMAR WRIGHT &#8211; PR\u00c9DIO: BLOCO 01 &#8211; PR\u00c9DIO: BLOCO 02<br \/>\n&#8211; CE VEREADOR PEDRO PIEKAS &#8211; PR\u00c9DIO: 1 &#8211; PR\u00c9DIO: 2<br \/>\n&#8211; CEEBJA AYRTON SENNA DA SILVA &#8211; PR\u00c9DIO: 1 &#8211; PR\u00c9DIO: 2<\/p>\n<p>Arauc\u00e1ria<br \/>\n&#8211; CE FAZENDA VELHA ENSINO MEDIO &#8211; PR\u00c9DIO: UNICO<\/p>\n<p>Campo Largo<br \/>\n&#8211; CE DJALMA MARINHO &#8211; PR\u00c9DIO: PREDIO 1 &#8211; PR\u00c9DIO: PREDIO 2<\/p>\n<p>Campo Magro<br \/>\n&#8211; CE JARDIM BOA VISTA &#8211; PR\u00c9DIO: PRINCIPAL<\/p>\n<p>Campo Mour\u00e3o<br \/>\n&#8211; UNESPAR\/FECILCAM &#8211; CAMPUS DE CAMPO MOURAO &#8211; PR\u00c9DIO: A &#8211; PR\u00c9DIO: B &#8211; PR\u00c9DIO: C &#8211; PR\u00c9DIO: D &#8211; PR\u00c9DIO: E<\/p>\n<p>Colombo<br \/>\n&#8211; CE ALFREDO CHAVES &#8211; PR\u00c9DIO: UNICO<br \/>\n&#8211; CE ANTONIO LACERDA BRAGA &#8211; PR\u00c9DIO: UNICO<br \/>\n&#8211; CE GENESIO MORESCHI &#8211; PR\u00c9DIO: UNICO<br \/>\n&#8211; CE JOAO RIBEIRO DE CAMARGO &#8211; PR\u00c9DIO: 01<br \/>\n&#8211; CE LUIZ SEBASTIAO BALDO &#8211; PR\u00c9DIO: 1 &#8211; PR\u00c9DIO: 2 &#8211; PR\u00c9DIO: 3<\/p>\n<p>Curitiba<br \/>\n&#8211; CE BARAO DO RIO BRANCO &#8211; PR\u00c9DIO: UNICO<br \/>\n&#8211; CE DO PARANA &#8211; PR\u00c9DIO: IMPAR &#8211; PR\u00c9DIO: PAR<br \/>\n&#8211; CE DR XAVIER DA SILVA &#8211; PR\u00c9DIO: UNICO<br \/>\n&#8211; CE HILDEBRANDO DE ARAUJO &#8211; PR\u00c9DIO: 01<br \/>\n&#8211; CE IVO LEAO &#8211; PR\u00c9DIO: 1 &#8211; PR\u00c9DIO: 2<br \/>\n&#8211; CE JULIA WANDERLEY &#8211; PR\u00c9DIO: ANEXO 1 &#8211; PR\u00c9DIO: PRINCIPAL<br \/>\n&#8211; CE JULIO MESQUITA &#8211; PR\u00c9DIO: I\u00a0 &#8211;<br \/>\n&#8211; CE LEONCIO CORREIA &#8211; PR\u00c9DIO: B &#8211; PR\u00c9DIO: C &#8211; PR\u00c9DIO: CENTRAL &#8211;<br \/>\n&#8211; CE PAULO LEMINSKI &#8211; PR\u00c9DIO: AZUL &#8211; PR\u00c9DIO: ROSA<br \/>\n&#8211; CE PEDRO MACEDO &#8211; PR\u00c9DIO: I &#8211; PR\u00c9DIO: II &#8211; PR\u00c9DIO: III &#8211;<br \/>\n&#8211; CE PROF LOUREIRO FERNANDES &#8211; PR\u00c9DIO: 1<br \/>\n&#8211; CE SANTA CANDIDA &#8211; PR\u00c9DIO: 2 &#8211; PR\u00c9DIO: 3 &#8211; PR\u00c9DIO: 4 &#8211; PR\u00c9DIO: 5<br \/>\n&#8211; CE TIRADENTES &#8211; PR\u00c9DIO: UNICO<\/p>\n<p>Guarapuava<br \/>\n&#8211; CE ANTONIO TUPY PINHEIRO &#8211; PR\u00c9DIO: A &#8211; PR\u00c9DIO: B &#8211; PR\u00c9DIO: C &#8211; PR\u00c9DIO: D<br \/>\n&#8211; CE FRANCISCO CARNEIRO MARTINS EMP &#8211; PR\u00c9DIO: A &#8211; PR\u00c9DIO: B &#8211; PR\u00c9DIO: C<br \/>\n&#8211; CE MANOEL RIBAS EFM &#8211; PR\u00c9DIO: 1 &#8211; PR\u00c9DIO: 2<br \/>\n&#8211; CE NEWTON FELIPE ALBACH &#8211; PR\u00c9DIO: BLOCO UNICO<br \/>\n&#8211; CE VISCONDE DE GUARAPUAVA &#8211; PR\u00c9DIO: A &#8211; PR\u00c9DIO: B &#8211; PR\u00c9DIO: C<br \/>\n&#8211; UNICENTRO &#8211; UNIV ESTADUAL DO CENTRO OESTE &#8211; PR\u00c9DIO: A &#8211; PR\u00c9DIO: D &#8211; PR\u00c9DIO: M &#8211; PR\u00c9DIO: Q<\/p>\n<p>Irati<br \/>\n&#8211; UNICENTRO &#8211; UNIV ESTADUAL DO CENTRO OESTE &#8211; PR\u00c9DIO: E &#8211; PR\u00c9DIO: F &#8211; PR\u00c9DIO: J &#8211; PR\u00c9DIO: K &#8211; PR\u00c9DIO: PDE &#8211; PR\u00c9DIO: PRINCIPAL<\/p>\n<p>Jacarezinho<br \/>\n&#8211; CE JOSE PAVAN &#8211; EFM &#8211; PR\u00c9DIO: BL. 1 &#8211; PR\u00c9DIO: BL. 2<\/p>\n<p>Laranjeiras do Sul<br \/>\n&#8211; UFFS &#8211; UNIV FEDERAL DA FRONTEIRA SUL &#8211; PR\u00c9DIO: I-A<\/p>\n<p>Maring\u00e1<br \/>\n&#8211; CE BRANCA DA MOTA FERNANDES &#8211; PR\u00c9DIO: 01 &#8211; PR\u00c9DIO: 02<br \/>\n&#8211; CE DUQUE DE CAXIAS &#8211; PR\u00c9DIO: 01\u00a0 &#8211;<br \/>\n&#8211; CE JOAO DE FARIA PIOLI &#8211; EFM &#8211; PR\u00c9DIO: 02 &#8211; PR\u00c9DIO: 03 &#8211; PR\u00c9DIO: 04 CE UNIDADE POLO &#8211; PR\u00c9DIO: PAV 1 \/ PR\u00c9DIO: PAV 4<br \/>\n&#8211; COL DE APLICACAO PEDAGOGICA DA UEM &#8211; PR\u00c9DIO: T11 &#8211; PR\u00c9DIO: T13<br \/>\n&#8211; IE DE MARINGA &#8211; PR\u00c9DIO: BLOCO 3 &#8211; PR\u00c9DIO: BLOCO 4<\/p>\n<p>Matinhos<br \/>\n&#8211; CE GABRIEL DE LARA &#8211; PR\u00c9DIO: UNICO<\/p>\n<p>Paranagu\u00e1<br \/>\n&#8211; UNESPAR CAMPUS PARANAGUA &#8211; PR\u00c9DIO: A &#8211; PR\u00c9DIO: B &#8211; PR\u00c9DIO: C<\/p>\n<p>Pinhais<br \/>\n&#8211; CE AMYNTAS DE BARROS &#8211; PR\u00c9DIO: I &#8211; PR\u00c9DIO: II<br \/>\n&#8211; CE DEP ARNALDO FAIVRO BUSATO &#8211; EFMNP &#8211; PR\u00c9DIO: I &#8211; PR\u00c9DIO: II &#8211; PR\u00c9DIO: III<br \/>\n&#8211; CE HUMBERTO DE ALENCAR CASTELO BRANCO &#8211; PR\u00c9DIO: BLOCO I<br \/>\n&#8211; CE MATHIAS JACOMEL &#8211; PR\u00c9DIO: II<br \/>\n&#8211; CE PROF DANIEL ROCHA &#8211; PR\u00c9DIO: I<br \/>\n&#8211; CE TENENTE SPRENGER &#8211; PR\u00c9DIO: I &#8211; PR\u00c9DIO: II &#8211; PR\u00c9DIO: III &#8211; PR\u00c9DIO: IV<\/p>\n<p>Pinh\u00e3o<br \/>\n&#8211; CE PROCOPIO FERREIRA CALDAS &#8211; PR\u00c9DIO: BL A<\/p>\n<p>Piraquara<br \/>\n&#8211; CE PROF MARIO BRANDAO TEIXEIRA BRAGA &#8211; PR\u00c9DIO: BL 1 \/ PR\u00c9DIO: BL 2<br \/>\n&#8211; CE PROFA ROSILDA DE SOUZA OLIVEIRA &#8211; PR\u00c9DIO: 1 &#8211; PR\u00c9DIO: 2<br \/>\n&#8211; CE ROMARIO MARTINS &#8211; PR\u00c9DIO: UNICO<\/p>\n<p>Prudent\u00f3polis<br \/>\n&#8211; CE VILA NOVA &#8211; PR\u00c9DIO: A &#8211; PR\u00c9DIO: B &#8211; PR\u00c9DIO: C &#8211;<\/p>\n<p>Realeza<br \/>\n&#8211; CE DOZE DE NOVEMBRO &#8211; PR\u00c9DIO: 01<br \/>\n&#8211; UFFS &#8211; UNIV FEDERAL FRONTEIRA SUL PR\u00c9DIO: 1<\/p>\n<p>Santa Helena<br \/>\n&#8211; CE HUMBERTO DE ALENCAR CASTELO BRANCO &#8211; PR\u00c9DIO: BL \u00daNICO<\/p>\n<p>S\u00e3o Jos\u00e9 dos Pinhais<br \/>\n&#8211; CE AFONSO PENA &#8211; EFM &#8211; PR\u00c9DIO: 02\u00a0 &#8211;<br \/>\n&#8211; CE ANITA CANET &#8211; PR\u00c9DIO: 1 &#8211; PR\u00c9DIO: 2 &#8211; PR\u00c9DIO: 3 &#8211; PR\u00c9DIO: 4<br \/>\n&#8211; CE COSTA VIANA &#8211; PR\u00c9DIO: I &#8211; PR\u00c9DIO: II &#8211; PR\u00c9DIO: III<br \/>\n&#8211; CE DRA ZILDA ARNS NEUMANN &#8211; PR\u00c9DIO: I<br \/>\n&#8211; CE ELZA SCHERNER MORO &#8211; PR\u00c9DIO: 1 &#8211; PR\u00c9DIO: 2<br \/>\n&#8211; CE HERBET DE SOUZA ENS FUND E MED &#8211; PR\u00c9DIO: I &#8211; PR\u00c9DIO: II<br \/>\n&#8211; CE IPE &#8211; PR\u00c9DIO: 1<br \/>\n&#8211; CE JUSCELINO KUBITSCHEK DE OLIVEIRA &#8211; PR\u00c9DIO: I &#8211; PR\u00c9DIO: II &#8211; PR\u00c9DIO: III &#8211; PR\u00c9DIO: IV<br \/>\n&#8211; CE PADRE ARNALDO JANSEN &#8211; PR\u00c9DIO: PAV 1 &#8211; PR\u00c9DIO: PAV 2<br \/>\n&#8211; CE PE ANTONIO VIEIRA &#8211; PR\u00c9DIO: I<br \/>\n&#8211; CE PROFA LINDAURA RIBEIRO LUCAS &#8211; PR\u00c9DIO: BL \u00daNICO<br \/>\n&#8211; CE SAO CRISTOVAO &#8211; PR\u00c9DIO: \u00daNICO<br \/>\n&#8211; CE SHIRLEY CATARINA TAMALU MACHADO &#8211; PR\u00c9DIO: I<br \/>\n&#8211; CE SILVEIRA DA MOTTA &#8211; PR\u00c9DIO: 01 &#8211; PR\u00c9DIO: 02<br \/>\n&#8211; CE UNIDADE POLO &#8211; PR\u00c9DIO: 01 &#8211; PR\u00c9DIO: 02<\/p>\n<p>Sarandi<br \/>\n&#8211; CE ANTONIO FRANCISCO LISBOA &#8211; PR\u00c9DIO: I &#8211; PR\u00c9DIO: II &#8211; PR\u00c9DIO: III<br \/>\n&#8211; CE DO JARDIM INDEPENDENCIA &#8211; PR\u00c9DIO: 1 &#8211; PR\u00c9DIO: 2<br \/>\n&#8211; CE DO JARDIM PANORAMA EF &#8211; PR\u00c9DIO: 1 &#8211; PR\u00c9DIO: 2 &#8211; PR\u00c9DIO: 3<br \/>\n&#8211; CE JARDIM UNIVERSITARIO PR\u00c9DIO: 02<\/p>\n<p>Uni\u00e3o da Vit\u00f3ria<br \/>\n&#8211; UNESPAR &#8211; CAMPUS DE UNIAO DA VITORIA &#8211; PR\u00c9DIO: 1<\/p>\n<p><strong>RIO DE JANEIRO<\/strong><\/p>\n<p>Duque de Caxias<br \/>\n&#8211; COL PEDRO II &#8211; CAMPUS DUQUE DE CAXIAS &#8211; PR\u00c9DIO: PRINCIPAL<br \/>\n&#8211; IFRJ CAMPUS DUQUE DE CAXIAS &#8211; PR\u00c9DIO: BLOCO I<\/p>\n<p>Niter\u00f3i<br \/>\n&#8211; UFF &#8211; CAMPUS GRAGOATA &#8211; PR\u00c9DIO: BLOCO A \/ PR\u00c9DIO: BLOCO B \/ PR\u00c9DIO: BLOCO C \/ PR\u00c9DIO: BLOCO D \/ PR\u00c9DIO: BLOCO E \/ PR\u00c9DIO: BLOCO F \/ PR\u00c9DIO: BLOCO G \/ PR\u00c9DIO: BLOCO N \/ PR\u00c9DIO: BLOCO P<br \/>\n&#8211; UFRRJ &#8211; CAMPUS NOVA IGUACU &#8211; PR\u00c9DIO: ADMINISTRA \/ PR\u00c9DIO: MULTIMIDIA \/ PR\u00c9DIO: INFORMATICA \/ PR\u00c9DIO: BIBLIOTECA \/ PR\u00c9DIO: POS GRAD<\/p>\n<p>Rio das Ostras<br \/>\n&#8211; UFF &#8211; RIO DAS OSTRAS &#8211; PR\u00c9DIO: ANEXO I &#8211; PR\u00c9DIO: ANEXO II &#8211; PR\u00c9DIO: ANEXO III &#8211; PR\u00c9DIO: ANEXO IV &#8211; PR\u00c9DIO: PRINCIPAL<\/p>\n<p>Rio de Janeiro<br \/>\n&#8211; COL PEDRO II &#8211; UNIDADE CENTRO &#8211; PR\u00c9DIO: \u00daNICO<br \/>\n&#8211; COL PEDRO II &#8211; UNIDADE ENGENHO NOVO II &#8211; PR\u00c9DIO: ENSINO MEDIO &#8211; PR\u00c9DIO: PRINCIPAL<br \/>\n&#8211; COL PEDRO II &#8211; UNIDADE HUMAITA II &#8211; PR\u00c9DIO: PRINCIPAL<br \/>\n&#8211; COL PEDRO II &#8211; UNIDADE REALENGO II &#8211; PR\u00c9DIO: BLOCO A &#8211; PR\u00c9DIO: BLOCO B &#8211; PR\u00c9DIO: BLOCO C<br \/>\n&#8211; COL PEDRO II &#8211; UNIDADE SAO CRISTOVAO II &#8211; PR\u00c9DIO: II\u00a0 &#8211;<br \/>\n&#8211; COL PEDRO II &#8211; UNIDADE SAO CRISTOVAO III &#8211; PR\u00c9DIO: CORREDOR A &#8211; PR\u00c9DIO: CORREDOR B<br \/>\n&#8211; COL PEDRO II &#8211; UNIDADE TIJUCA II &#8211; PR\u00c9DIO: PRINCIPAL<\/p>\n<p><strong>RIO GRANDE DO NORTE<\/strong><\/p>\n<p>Caic\u00f3<br \/>\n&#8211; UFRN CAMPUS DE CAICO &#8211; PR\u00c9DIO: AUDITORIO &#8211; PR\u00c9DIO: BLOCO A &#8211; PR\u00c9DIO: BLOCO B &#8211; PR\u00c9DIO: BLOCO D<\/p>\n<p>Macau<br \/>\n&#8211; IFRN &#8211; INSTITUTO FEDERAL DE CIENCIAS E TECNOLOGIA &#8211; PR\u00c9DIO: BLOCO A &#8211; PR\u00c9DIO: BLOCO B<\/p>\n<p>Natal<br \/>\n&#8211; EE DES FLORIANO CAVALCANTI &#8211; PR\u00c9DIO: BLOCO A &#8211; PR\u00c9DIO: BLOCO B &#8211; PR\u00c9DIO: BLOCO C &#8211; PR\u00c9DIO: BLOCO D<br \/>\n&#8211; EE PROF ANISIO TEIXEIRA &#8211; PR\u00c9DIO: BLOCO A &#8211; PR\u00c9DIO: BLOCO B &#8211; PR\u00c9DIO: BLOCO C &#8211;<br \/>\n&#8211; IFRN &#8211; CAMPUS ZONA NORTE &#8211; PR\u00c9DIO: BLOCO A &#8211; PR\u00c9DIO: BLOCO B<\/p>\n<p>Pau dos Ferros<br \/>\n&#8211; UERN &#8211; CAMPUS PAU DOS FERROS &#8211; PR\u00c9DIO: BLOCO A \/ PR\u00c9DIO: BLOCO B \/ PR\u00c9DIO: BLOCO C \/ PR\u00c9DIO: BLOCO D \/ PR\u00c9DIO: BLOCO E<\/p>\n<p><strong>RIO GRANDE DO SUL<\/strong><\/p>\n<p>Bag\u00e9<br \/>\n&#8211; IFSUL Campus Bag\u00e9 &#8211; Bloco administrativo &#8211; Bloco de salas<\/p>\n<p>Camaqu\u00e3<br \/>\n&#8211; Instituto Federal de Educa\u00e7\u00e3o, Ci\u00eancia e Tecnologia Sul &#8211; Rio Grandense &#8211; Campus Camaqu\u00e3 &#8211; Bloco 04 &#8211; Bloco 07<\/p>\n<p>S\u00e3o Vicente do Sul<br \/>\n&#8211; Instituto Federal Farroupilha &#8211; Campus S\u00e3o Vicente do Sul &#8211; Bloco B<\/p>\n<p>Sapucaia do Sul<br \/>\n&#8211; Instituto Federal de Educa\u00e7\u00e3o Ci\u00eancia e Tecnologia Sul Rio Grandense Campus Sapucaia do Sul &#8211; Pr\u00e9dio 1 &#8211; Pr\u00e9dio 2<\/p>\n<p><strong>SERGIPE<\/strong><\/p>\n<p>S\u00e3o Crist\u00f3v\u00e3o<br \/>\n&#8211; Universidade Federal de Sergipe UFS &#8211; Did\u00e1tica I &#8211; Bloco \u00danico Universidade Federal de Sergipe UFS Did\u00e1tica &#8211; VI Bloco \u00danico<\/p>\n<p><strong>TOCANTINS<\/strong><\/p>\n<p>Aragua\u00edna<br \/>\n&#8211; Universidade Federal do Tocantins UFT Campus Universit\u00e1rio de Aragua\u00edna &#8211; Bloco G &#8211; Anfiteatro &#8211; Bloco H &#8211; Bloco H1<\/p>\n<p>Porto Nacional<br \/>\n&#8211; Funda\u00e7\u00e3o Universidade Federal do Tocantins UFT Campus de Porto Nacional &#8211; Bloco I &#8211; Bloco III &#8211; Bloco VIII<\/p>\n<p><em>(Fonte: Ag\u00eancia Brasil)<\/em><\/p>\n","protected":false},"excerpt":{"rendered":"<p>O Exame Nacional do Ensino M\u00e9dio (Enem) ser\u00e1 adiado em 364 locais de prova, o que atingir\u00e1 240.304 candidatos. O n\u00famero foi atualizado hoje (4) pelo Minist\u00e9rio da Educa\u00e7\u00e3o (MEC) em coletiva de imprensa. A lista com os locais em que a prova ser\u00e1 cancelada neste final de semana (5 e 6), estar\u00e1 dispon\u00edvel na [&hellip;]<\/p>\n","protected":false},"author":1,"featured_media":100794,"comment_status":"open","ping_status":"closed","sticky":false,"template":"","format":"standard","meta":{"amp_status":"","footnotes":""},"categories":[6,40238],"tags":[108557,124327,194,628,124430,956,124323,124326,199,524,88584,124427,19442,123549,1278,19776,93033,18378,124426,203,26066,206,124428,7363,1168,124425,1277,210,1529,212,124429,254,215,124424,22388,1498,218,220,221,222],"class_list":["post-101084","post","type-post","status-publish","format-standard","has-post-thumbnail","hentry","category-br","category-educacao-2","tag-adiamento","tag-aplicacao-das-provas-do-enem-2016","tag-belo-horizonte","tag-conceicao-do-mato-dentro","tag-confira-a-lista-de-364-escolas-ocupadas-em-que-o-enem-foi-adiado","tag-contagem","tag-data-de-aplicacao-das-provas-do-enem","tag-data-do-enem-2016","tag-divinopolis","tag-enem","tag-enem-2016","tag-enem-sera-adiado-para-240-mil-candidatos-por-causa-de-ocupacoes-de-escolas","tag-escola","tag-escolas-ocupadas","tag-espinosa","tag-exame-nacional-do-ensino-medio","tag-exame-nacional-do-ensino-medio-2016","tag-inep","tag-inep-adia-prova-do-enem-para-privados-de-liberdade","tag-ituiutaba","tag-jovens","tag-juiz-de-fora","tag-lista-de-364-escolas-ocupadas-em-que-o-enem-foi-adiado","tag-mariana","tag-mec","tag-medidas-socioeducativas","tag-monte-azul","tag-montes-claros","tag-ouro-branco","tag-paracatu","tag-paranaiba","tag-pirapora","tag-pocos-de-caldas","tag-privados-de-liberdade","tag-provas","tag-santa-luzia","tag-sao-joao-del-rei","tag-uberaba","tag-uberlandia","tag-unai"],"_links":{"self":[{"href":"https:\/\/aconteceunovale.com.br\/portal\/index.php?rest_route=\/wp\/v2\/posts\/101084","targetHints":{"allow":["GET"]}}],"collection":[{"href":"https:\/\/aconteceunovale.com.br\/portal\/index.php?rest_route=\/wp\/v2\/posts"}],"about":[{"href":"https:\/\/aconteceunovale.com.br\/portal\/index.php?rest_route=\/wp\/v2\/types\/post"}],"author":[{"embeddable":true,"href":"https:\/\/aconteceunovale.com.br\/portal\/index.php?rest_route=\/wp\/v2\/users\/1"}],"replies":[{"embeddable":true,"href":"https:\/\/aconteceunovale.com.br\/portal\/index.php?rest_route=%2Fwp%2Fv2%2Fcomments&post=101084"}],"version-history":[{"count":0,"href":"https:\/\/aconteceunovale.com.br\/portal\/index.php?rest_route=\/wp\/v2\/posts\/101084\/revisions"}],"wp:featuredmedia":[{"embeddable":true,"href":"https:\/\/aconteceunovale.com.br\/portal\/index.php?rest_route=\/wp\/v2\/media\/100794"}],"wp:attachment":[{"href":"https:\/\/aconteceunovale.com.br\/portal\/index.php?rest_route=%2Fwp%2Fv2%2Fmedia&parent=101084"}],"wp:term":[{"taxonomy":"category","embeddable":true,"href":"https:\/\/aconteceunovale.com.br\/portal\/index.php?rest_route=%2Fwp%2Fv2%2Fcategories&post=101084"},{"taxonomy":"post_tag","embeddable":true,"href":"https:\/\/aconteceunovale.com.br\/portal\/index.php?rest_route=%2Fwp%2Fv2%2Ftags&post=101084"}],"curies":[{"name":"wp","href":"https:\/\/api.w.org\/{rel}","templated":true}]}}