{"id":101032,"date":"2016-11-04T10:32:25","date_gmt":"2016-11-04T13:32:25","guid":{"rendered":"http:\/\/aconteceunovale.com.br\/portal\/?p=101032"},"modified":"2016-11-07T13:29:09","modified_gmt":"2016-11-07T16:29:09","slug":"vereador-eleito-em-teofilo-otoni-sofre-infarto","status":"publish","type":"post","link":"https:\/\/aconteceunovale.com.br\/portal\/?p=101032","title":{"rendered":"Vereador eleito em Te\u00f3filo Otoni sofre infarto"},"content":{"rendered":"<p>Est\u00e1 internado na Unidade de Terapia Intensiva (UTI) do Hospital Santa Ros\u00e1lia, em Te\u00f3filo Otoni (MG), o vereador eleito Am\u00e9rico Vicente da Silva, de 48 anos mais conhecido como Paulinho de Dona Nan\u00e1. Segundo informa\u00e7\u00f5es, ele sofreu um infarto na tarde desta quinta-feira (3\/11) e passou por um procedimento para desobstru\u00e7\u00e3o de art\u00e9ria (angioplastia). <\/p>\n<p>Segundo a assessoria de imprensa do hospital, o procedimento foi bem sucedido e o quadro de sa\u00fade do vereador \u00e9 est\u00e1vel.<\/p>\n<p>Paulinho de Dona Nan\u00e1 disputou as elei\u00e7\u00f5es 2016 pelo Partido Trabalhista (PTB) e foi eleito com 1.283 (1,81%) votos. Segundo o sistema DivulgaCand do Tribunal Superior Eleitoral (TSE), Paulinho \u00e9 casado e declarou trabalhar como agente de servi\u00e7os funer\u00e1rios e embalsamador.<\/p>\n<p><img decoding=\"async\" src=\"http:\/\/aconteceunovale.com.br\/portal\/wp-content\/uploads\/2016\/11\/vereador_paulinho_teo.jpg\" alt=\"\" \/><em>Paulinho de Dona Nan\u00e1 foi eleito vereador em Te\u00f3filo Otoni (Divulga\u00e7\u00e3o)<\/em><\/p>\n","protected":false},"excerpt":{"rendered":"<p>Est\u00e1 internado na Unidade de Terapia Intensiva (UTI) do Hospital Santa Ros\u00e1lia, em Te\u00f3filo Otoni (MG), o vereador eleito Am\u00e9rico Vicente da Silva, de 48 anos mais conhecido como Paulinho de Dona Nan\u00e1. Segundo informa\u00e7\u00f5es, ele sofreu um infarto na tarde desta quinta-feira (3\/11) e passou por um procedimento para desobstru\u00e7\u00e3o de art\u00e9ria (angioplastia). Segundo [&hellip;]<\/p>\n","protected":false},"author":1,"featured_media":101033,"comment_status":"open","ping_status":"closed","sticky":false,"template":"","format":"standard","meta":{"amp_status":"","footnotes":""},"categories":[122],"tags":[124328,124329,124331,164,124330],"class_list":["post-101032","post","type-post","status-publish","format-standard","has-post-thumbnail","hentry","category-mucuri","tag-americo-vicente-da-silva","tag-paulinho-de-dona-nana","tag-paulinho-de-dona-nana-foi-eleito-vereador-em-teofilo-otoni","tag-teofilo-otoni","tag-vereador-eleito-em-teofilo-otoni-sofre-infarto"],"_links":{"self":[{"href":"https:\/\/aconteceunovale.com.br\/portal\/index.php?rest_route=\/wp\/v2\/posts\/101032","targetHints":{"allow":["GET"]}}],"collection":[{"href":"https:\/\/aconteceunovale.com.br\/portal\/index.php?rest_route=\/wp\/v2\/posts"}],"about":[{"href":"https:\/\/aconteceunovale.com.br\/portal\/index.php?rest_route=\/wp\/v2\/types\/post"}],"author":[{"embeddable":true,"href":"https:\/\/aconteceunovale.com.br\/portal\/index.php?rest_route=\/wp\/v2\/users\/1"}],"replies":[{"embeddable":true,"href":"https:\/\/aconteceunovale.com.br\/portal\/index.php?rest_route=%2Fwp%2Fv2%2Fcomments&post=101032"}],"version-history":[{"count":0,"href":"https:\/\/aconteceunovale.com.br\/portal\/index.php?rest_route=\/wp\/v2\/posts\/101032\/revisions"}],"wp:featuredmedia":[{"embeddable":true,"href":"https:\/\/aconteceunovale.com.br\/portal\/index.php?rest_route=\/wp\/v2\/media\/101033"}],"wp:attachment":[{"href":"https:\/\/aconteceunovale.com.br\/portal\/index.php?rest_route=%2Fwp%2Fv2%2Fmedia&parent=101032"}],"wp:term":[{"taxonomy":"category","embeddable":true,"href":"https:\/\/aconteceunovale.com.br\/portal\/index.php?rest_route=%2Fwp%2Fv2%2Fcategories&post=101032"},{"taxonomy":"post_tag","embeddable":true,"href":"https:\/\/aconteceunovale.com.br\/portal\/index.php?rest_route=%2Fwp%2Fv2%2Ftags&post=101032"}],"curies":[{"name":"wp","href":"https:\/\/api.w.org\/{rel}","templated":true}]}}