{"id":101030,"date":"2016-11-04T09:41:47","date_gmt":"2016-11-04T12:41:47","guid":{"rendered":"http:\/\/aconteceunovale.com.br\/portal\/?p=101030"},"modified":"2016-11-04T16:33:44","modified_gmt":"2016-11-04T19:33:44","slug":"mec-remarca-data-de-aplicacao-das-provas-do-enem-para-presos-e-alunos-afetados-por-ocupacoes","status":"publish","type":"post","link":"https:\/\/aconteceunovale.com.br\/portal\/?p=101030","title":{"rendered":"Inep adia prova do Enem para privados de liberdade"},"content":{"rendered":"<p>As provas do Exame Nacional do Ensino M\u00e9dio (Enem) 2016 foram adiadas para as 54.347 pessoas privadas de liberdade e jovens sob medida socioeducativa inscritos. As provas para esses candidatos ser\u00e3o aplicadas nos dias 13 e 14 de dezembro. Inicialmente, o exame estava marcado para 6 e 7 de dezembro. A mudan\u00e7a est\u00e1 em edital publicado na edi\u00e7\u00e3o de hoje (4) do Di\u00e1rio Oficial da Uni\u00e3o.<\/p>\n<p>Com a ocupa\u00e7\u00e3o de escolas por estudantes, este ano os candidatos far\u00e3o as provas do Enem em tr\u00eas datas diferentes. A maioria far\u00e1 o exame amanh\u00e3 (5) e domingo (6). O Enem foi adiado para os dias 3 e 4 de dezembro para aqueles que iriam \u00e0s provas em locais ocupados. O \u00faltimo balan\u00e7o divulgado pelo Minist\u00e9rio da Educa\u00e7\u00e3o indica que cerca de 190 mil candidatos far\u00e3o as provas nessa data. Em seguida, ser\u00e1 a vez dos privados de liberdade.<\/p>\n<p>Nesta edi\u00e7\u00e3o, o Enem para privados de liberdade ser\u00e1 aplicado em 1.290 unidades. De acordo com o Instituto Nacional de Estudos e Pesquisas Educacionais An\u00edsio Teixeira (Inep), a data do Enem para privados de liberdade foi adiada por motivo de log\u00edstica.<\/p>\n<p>A nota do Enem pode ser usada pelas pessoas privadas de liberdade para participar de sele\u00e7\u00e3o para vagas no ensino superior e certifica\u00e7\u00e3o do ensino m\u00e9dio, para aqueles com mais de 18 anos. (Ag\u00eancia Brasil)<\/p>\n","protected":false},"excerpt":{"rendered":"<p>As provas do Exame Nacional do Ensino M\u00e9dio (Enem) 2016 foram adiadas para as 54.347 pessoas privadas de liberdade e jovens sob medida socioeducativa inscritos. As provas para esses candidatos ser\u00e3o aplicadas nos dias 13 e 14 de dezembro. Inicialmente, o exame estava marcado para 6 e 7 de dezembro. A mudan\u00e7a est\u00e1 em edital [&hellip;]<\/p>\n","protected":false},"author":1,"featured_media":100794,"comment_status":"open","ping_status":"closed","sticky":false,"template":"","format":"standard","meta":{"amp_status":"","footnotes":""},"categories":[6,40238],"tags":[108557,124327,124323,124326,524,88584,19776,93033,124426,26066,124425,124424,22388],"class_list":["post-101030","post","type-post","status-publish","format-standard","has-post-thumbnail","hentry","category-br","category-educacao-2","tag-adiamento","tag-aplicacao-das-provas-do-enem-2016","tag-data-de-aplicacao-das-provas-do-enem","tag-data-do-enem-2016","tag-enem","tag-enem-2016","tag-exame-nacional-do-ensino-medio","tag-exame-nacional-do-ensino-medio-2016","tag-inep-adia-prova-do-enem-para-privados-de-liberdade","tag-jovens","tag-medidas-socioeducativas","tag-privados-de-liberdade","tag-provas"],"_links":{"self":[{"href":"https:\/\/aconteceunovale.com.br\/portal\/index.php?rest_route=\/wp\/v2\/posts\/101030","targetHints":{"allow":["GET"]}}],"collection":[{"href":"https:\/\/aconteceunovale.com.br\/portal\/index.php?rest_route=\/wp\/v2\/posts"}],"about":[{"href":"https:\/\/aconteceunovale.com.br\/portal\/index.php?rest_route=\/wp\/v2\/types\/post"}],"author":[{"embeddable":true,"href":"https:\/\/aconteceunovale.com.br\/portal\/index.php?rest_route=\/wp\/v2\/users\/1"}],"replies":[{"embeddable":true,"href":"https:\/\/aconteceunovale.com.br\/portal\/index.php?rest_route=%2Fwp%2Fv2%2Fcomments&post=101030"}],"version-history":[{"count":0,"href":"https:\/\/aconteceunovale.com.br\/portal\/index.php?rest_route=\/wp\/v2\/posts\/101030\/revisions"}],"wp:featuredmedia":[{"embeddable":true,"href":"https:\/\/aconteceunovale.com.br\/portal\/index.php?rest_route=\/wp\/v2\/media\/100794"}],"wp:attachment":[{"href":"https:\/\/aconteceunovale.com.br\/portal\/index.php?rest_route=%2Fwp%2Fv2%2Fmedia&parent=101030"}],"wp:term":[{"taxonomy":"category","embeddable":true,"href":"https:\/\/aconteceunovale.com.br\/portal\/index.php?rest_route=%2Fwp%2Fv2%2Fcategories&post=101030"},{"taxonomy":"post_tag","embeddable":true,"href":"https:\/\/aconteceunovale.com.br\/portal\/index.php?rest_route=%2Fwp%2Fv2%2Ftags&post=101030"}],"curies":[{"name":"wp","href":"https:\/\/api.w.org\/{rel}","templated":true}]}}