{"id":101027,"date":"2016-11-04T09:06:48","date_gmt":"2016-11-04T12:06:48","guid":{"rendered":"http:\/\/aconteceunovale.com.br\/portal\/?p=101027"},"modified":"2016-11-04T09:06:48","modified_gmt":"2016-11-04T12:06:48","slug":"a-um-mes-do-aniversario-de-100-anos-morador-de-rua-mais-velho-de-bh-diz-que-quer-viver-ao-menos-mais-60","status":"publish","type":"post","link":"https:\/\/aconteceunovale.com.br\/portal\/?p=101027","title":{"rendered":"A um m\u00eas do anivers\u00e1rio de 100 anos, morador de rua mais velho de BH diz que quer viver ao menos mais 60"},"content":{"rendered":"<p>No dia 8 de dezembro, anivers\u00e1rio de Belo Horizonte, Joel Pereira Gon\u00e7alves completar\u00e1 100 anos. Os 99 vividos at\u00e9 agora foram nas ruas, e certid\u00e3o de nascimento s\u00f3 foi emitida em agosto deste ano. Ele diz ter nascido embaixo do Viaduto Santa Tereza e a idade, autodeclarada, assim como os nomes dos pais, foram reconhecidos pelas autoridades.<\/p>\n<p>Antes disso, ele conta que passou um s\u00e9culo invis\u00edvel, compondo o grupo de R$ 2,5 milh\u00f5es de brasileiros, 14.232 s\u00f3 na Regi\u00e3o Metropolitana de Belo Horizonte, sem registro civil, segundo o Instituto Brasileiro de Geografia e Estat\u00edstica (IBGE).<\/p>\n<p>Nos arquivos da Prefeitura de BH, o andarilho mais idoso atendido pelas pol\u00edticas voltadas para esse p\u00fablico na cidade tem 81 anos, o que torna seu Joel o morador em situa\u00e7\u00e3o de rua mais velho da capital mineira.<\/p>\n<p>Morando embaixo de um viaduto, ele toma banho gelado em um posto de gasolina. O almo\u00e7o e a janta s\u00e3o por conta do dono de um restaurante. Apesar das dificuldades, Joel, que n\u00e3o bebe, apresenta grande lucidez.<\/p>\n<p><img decoding=\"async\" src=\"http:\/\/aconteceunovale.com.br\/portal\/wp-content\/uploads\/2016\/11\/morador_de_rua_bh.jpg\" alt=\"\" \/><em>Joel Pereira Gon\u00e7alves completar\u00e1 100 anos (Foto: Edilene Lopes\/Itatiaia)<\/em><br \/>\n<\/br><\/p>\n<p>Ele afirma que a m\u00e3e, que tamb\u00e9m morava na rua, morreu quando ele tinha 9 anos, ap\u00f3s ser picada por um escorpi\u00e3o. &#8220;Tinha uma dona que morava no viaduto tamb\u00e9m. Ela que acabou de cuidar de mim, me dava banho, me dava comida.&#8221;<\/p>\n<p>Aos 18 anos, ele se envolveu com uma mulher de &#8220;40 e poucos&#8221;, com quem ele diz que teve dois filhos. &#8220;Ela foi embora e eu fiquei sozinho pelo mundo. Comecei a andar pela rua pedindo comida, passando frio, sede, passando por muita humilha\u00e7\u00e3o&#8221;, relata.<\/p>\n<p>Joel lembra que o dia mais dif\u00edcil de sua vida foi quando uma enchente no Rio Paraopeba, em Igarap\u00e9, na Grande BH, destruiu a casa onde morava, cedida por um homem. &#8220;Levou tudo: fog\u00e3o, cama, mesa&#8221;. E ele quase se afogou. Foi salvo ao se agarrar em uma corda jogada por um rapaz.<\/p>\n<p>&#8220;O dia mais feliz foi quando eu encontrei o Luiz, porque ele se interessou por mim&#8221;, destaca, referindo-se a Luiz Ant\u00f4nio Zanon, criador do jornal Mosaico, que conheceu a hist\u00f3ria de Joel e o ajudou a tirar os documentos.<\/p>\n<p>O morador de rua afirma que a vida \u00e9 boa e que espera ter uma longa caminhada pela frente. &#8220;Se Deus tomar conta de mim, olhar para mim e eu merecer, [quero viver] ao menos uns 160 anos&#8221;, almeja. Coisa ruim para Joel \u00e9 s\u00e1bado e domingo, porque se sente sozinho. &#8220;\u00c9 a coisa mais triste do mundo. Voc\u00ea n\u00e3o v\u00ea ningu\u00e9m na rua&#8221;, lamenta ele, que tem o sonho de conseguir uma casa.<\/p>\n<p>Um outro desejo mais f\u00e1cil ser\u00e1 realizado. Joel quer assistir a um jogo do Am\u00e9rica, time do cora\u00e7\u00e3o. Ao conhecer a hist\u00f3ria do morador de rua, o deputado estadual e um dos presidentes do clube, Alencar da Silveira J\u00fanior, comprometeu-se a lev\u00e1-lo ao est\u00e1dio Independ\u00eancia.<\/p>\n<p>Al\u00e9m disso, Zanon planeja uma festa para comemorar o anivers\u00e1rio de Joel. &#8220;O que eu acho que \u00e9 mais necess\u00e1rio para ele agora \u00e9 conseguir a aposentadoria. No dia 8 de dezembro, quem quiser participar, estou querendo fazer uma festa para ele, com os moradores de rua e muita gente mais&#8221;, revela.<\/p>\n<p><em>(Fonte: R\u00e1dio Itatiaia)<\/em><\/p>\n","protected":false},"excerpt":{"rendered":"<p>No dia 8 de dezembro, anivers\u00e1rio de Belo Horizonte, Joel Pereira Gon\u00e7alves completar\u00e1 100 anos. Os 99 vividos at\u00e9 agora foram nas ruas, e certid\u00e3o de nascimento s\u00f3 foi emitida em agosto deste ano. Ele diz ter nascido embaixo do Viaduto Santa Tereza e a idade, autodeclarada, assim como os nomes dos pais, foram reconhecidos [&hellip;]<\/p>\n","protected":false},"author":1,"featured_media":101028,"comment_status":"open","ping_status":"closed","sticky":false,"template":"","format":"standard","meta":{"amp_status":"","footnotes":""},"categories":[123],"tags":[124312,124310,124320,124311,124314,124321,124319,124317,124318,124315,124316,124313],"class_list":["post-101027","post","type-post","status-publish","format-standard","has-post-thumbnail","hentry","category-gerais","tag-a-um-mes-do-aniversario-de-100-anos","tag-aniversario-de-belo-horizonte","tag-criador-do-jornal-mosaico","tag-joel-pereira-goncalves","tag-joel-pereira-goncalves-completara-100-anos","tag-jornal-mosaico","tag-luiz-antonio-zanon","tag-morador-de-rua-mais-velho-de-belo-horizonte","tag-morador-de-rua-mais-velho-de-belo-horizonte-completa-100-anos","tag-morador-de-rua-mais-velho-de-bh","tag-morador-de-rua-mais-velho-de-bh-completa-100-anos","tag-morador-de-rua-mais-velho-de-bh-diz-que-quer-viver-ao-menos-mais-60"],"yoast_head":"<!-- This site is optimized with the Yoast SEO plugin v28.3 - https:\/\/yoast.com\/product\/yoast-seo-wordpress\/ -->\n<title>A um m\u00eas do anivers\u00e1rio de 100 anos, morador de rua mais velho de BH diz que quer viver ao menos mais 60 - Aconteceu no Vale<\/title>\n<meta name=\"robots\" content=\"index, follow, max-snippet:-1, max-image-preview:large, max-video-preview:-1\" \/>\n<link rel=\"canonical\" href=\"https:\/\/aconteceunovale.com.br\/portal\/?p=101027\" \/>\n<meta property=\"og:locale\" content=\"pt_BR\" \/>\n<meta property=\"og:type\" content=\"article\" \/>\n<meta property=\"og:title\" content=\"A um m\u00eas do anivers\u00e1rio de 100 anos, morador de rua mais velho de BH diz que quer viver ao menos mais 60 - Aconteceu no Vale\" \/>\n<meta property=\"og:description\" content=\"No dia 8 de dezembro, anivers\u00e1rio de Belo Horizonte, Joel Pereira Gon\u00e7alves completar\u00e1 100 anos. Os 99 vividos at\u00e9 agora foram nas ruas, e certid\u00e3o de nascimento s\u00f3 foi emitida em agosto deste ano. Ele diz ter nascido embaixo do Viaduto Santa Tereza e a idade, autodeclarada, assim como os nomes dos pais, foram reconhecidos [&hellip;]\" \/>\n<meta property=\"og:url\" content=\"https:\/\/aconteceunovale.com.br\/portal\/?p=101027\" \/>\n<meta property=\"og:site_name\" content=\"Aconteceu no Vale\" \/>\n<meta property=\"article:publisher\" content=\"https:\/\/www.facebook.com\/aconteceunovale\/\" \/>\n<meta property=\"article:published_time\" content=\"2016-11-04T12:06:48+00:00\" \/>\n<meta property=\"og:image\" content=\"https:\/\/aconteceunovale.com.br\/portal\/wp-content\/uploads\/2016\/11\/morador_de_rua_bh.jpg\" \/>\n\t<meta property=\"og:image:width\" content=\"600\" \/>\n\t<meta property=\"og:image:height\" content=\"400\" \/>\n\t<meta property=\"og:image:type\" content=\"image\/jpeg\" \/>\n<meta name=\"author\" content=\"Aconteceu no Vale\" \/>\n<meta name=\"twitter:card\" content=\"summary_large_image\" \/>\n<meta name=\"twitter:creator\" content=\"@noticiadosvales\" \/>\n<meta name=\"twitter:site\" content=\"@noticiadosvales\" \/>\n<meta name=\"twitter:label1\" content=\"Escrito por\" \/>\n\t<meta name=\"twitter:data1\" content=\"Aconteceu no Vale\" \/>\n\t<meta name=\"twitter:label2\" content=\"Est. tempo de leitura\" \/>\n\t<meta name=\"twitter:data2\" content=\"3 minutos\" \/>\n<script type=\"application\/ld+json\" class=\"yoast-schema-graph\">{\"@context\":\"https:\\\/\\\/schema.org\",\"@graph\":[{\"@type\":\"Article\",\"@id\":\"https:\\\/\\\/aconteceunovale.com.br\\\/portal\\\/?p=101027#article\",\"isPartOf\":{\"@id\":\"https:\\\/\\\/aconteceunovale.com.br\\\/portal\\\/?p=101027\"},\"author\":{\"name\":\"Aconteceu no Vale\",\"@id\":\"https:\\\/\\\/aconteceunovale.com.br\\\/portal\\\/#\\\/schema\\\/person\\\/633529146f2c94272bef50ac2953d589\"},\"headline\":\"A um m\u00eas do anivers\u00e1rio de 100 anos, morador de rua mais velho de BH diz que quer viver ao menos mais 60\",\"datePublished\":\"2016-11-04T12:06:48+00:00\",\"mainEntityOfPage\":{\"@id\":\"https:\\\/\\\/aconteceunovale.com.br\\\/portal\\\/?p=101027\"},\"wordCount\":580,\"commentCount\":0,\"image\":{\"@id\":\"https:\\\/\\\/aconteceunovale.com.br\\\/portal\\\/?p=101027#primaryimage\"},\"thumbnailUrl\":\"https:\\\/\\\/aconteceunovale.com.br\\\/portal\\\/wp-content\\\/uploads\\\/2016\\\/11\\\/morador_de_rua_bh.jpg\",\"keywords\":[\"A um m\u00eas do anivers\u00e1rio de 100 anos\",\"anivers\u00e1rio de Belo Horizonte\",\"criador do jornal Mosaico\",\"Joel Pereira Gon\u00e7alves\",\"Joel Pereira Gon\u00e7alves completar\u00e1 100 anos\",\"jornal Mosaico\",\"Luiz Ant\u00f4nio Zanon\",\"Morador de rua mais velho de Belo Horizonte\",\"Morador de rua mais velho de Belo Horizonte completa 100 anos\",\"Morador de rua mais velho de BH\",\"Morador de rua mais velho de BH completa 100 anos\",\"Morador de rua mais velho de BH diz que quer viver ao menos mais 60\"],\"articleSection\":[\"Minas Gerais\"],\"inLanguage\":\"pt-BR\",\"potentialAction\":[{\"@type\":\"CommentAction\",\"name\":\"Comment\",\"target\":[\"https:\\\/\\\/aconteceunovale.com.br\\\/portal\\\/?p=101027#respond\"]}]},{\"@type\":\"WebPage\",\"@id\":\"https:\\\/\\\/aconteceunovale.com.br\\\/portal\\\/?p=101027\",\"url\":\"https:\\\/\\\/aconteceunovale.com.br\\\/portal\\\/?p=101027\",\"name\":\"A um m\u00eas do anivers\u00e1rio de 100 anos, morador de rua mais velho de BH diz que quer viver ao menos mais 60 - Aconteceu no Vale\",\"isPartOf\":{\"@id\":\"https:\\\/\\\/aconteceunovale.com.br\\\/portal\\\/#website\"},\"primaryImageOfPage\":{\"@id\":\"https:\\\/\\\/aconteceunovale.com.br\\\/portal\\\/?p=101027#primaryimage\"},\"image\":{\"@id\":\"https:\\\/\\\/aconteceunovale.com.br\\\/portal\\\/?p=101027#primaryimage\"},\"thumbnailUrl\":\"https:\\\/\\\/aconteceunovale.com.br\\\/portal\\\/wp-content\\\/uploads\\\/2016\\\/11\\\/morador_de_rua_bh.jpg\",\"datePublished\":\"2016-11-04T12:06:48+00:00\",\"author\":{\"@id\":\"https:\\\/\\\/aconteceunovale.com.br\\\/portal\\\/#\\\/schema\\\/person\\\/633529146f2c94272bef50ac2953d589\"},\"breadcrumb\":{\"@id\":\"https:\\\/\\\/aconteceunovale.com.br\\\/portal\\\/?p=101027#breadcrumb\"},\"inLanguage\":\"pt-BR\",\"potentialAction\":[{\"@type\":\"ReadAction\",\"target\":[\"https:\\\/\\\/aconteceunovale.com.br\\\/portal\\\/?p=101027\"]}]},{\"@type\":\"ImageObject\",\"inLanguage\":\"pt-BR\",\"@id\":\"https:\\\/\\\/aconteceunovale.com.br\\\/portal\\\/?p=101027#primaryimage\",\"url\":\"https:\\\/\\\/aconteceunovale.com.br\\\/portal\\\/wp-content\\\/uploads\\\/2016\\\/11\\\/morador_de_rua_bh.jpg\",\"contentUrl\":\"https:\\\/\\\/aconteceunovale.com.br\\\/portal\\\/wp-content\\\/uploads\\\/2016\\\/11\\\/morador_de_rua_bh.jpg\",\"width\":600,\"height\":400},{\"@type\":\"BreadcrumbList\",\"@id\":\"https:\\\/\\\/aconteceunovale.com.br\\\/portal\\\/?p=101027#breadcrumb\",\"itemListElement\":[{\"@type\":\"ListItem\",\"position\":1,\"name\":\"In\u00edcio\",\"item\":\"https:\\\/\\\/aconteceunovale.com.br\\\/portal\\\/\"},{\"@type\":\"ListItem\",\"position\":2,\"name\":\"A um m\u00eas do anivers\u00e1rio de 100 anos, morador de rua mais velho de BH diz que quer viver ao menos mais 60\"}]},{\"@type\":\"WebSite\",\"@id\":\"https:\\\/\\\/aconteceunovale.com.br\\\/portal\\\/#website\",\"url\":\"https:\\\/\\\/aconteceunovale.com.br\\\/portal\\\/\",\"name\":\"Aconteceu no Vale\",\"description\":\"Portal de Not\u00edcias\",\"potentialAction\":[{\"@type\":\"SearchAction\",\"target\":{\"@type\":\"EntryPoint\",\"urlTemplate\":\"https:\\\/\\\/aconteceunovale.com.br\\\/portal\\\/?s={search_term_string}\"},\"query-input\":{\"@type\":\"PropertyValueSpecification\",\"valueRequired\":true,\"valueName\":\"search_term_string\"}}],\"inLanguage\":\"pt-BR\"},{\"@type\":\"Person\",\"@id\":\"https:\\\/\\\/aconteceunovale.com.br\\\/portal\\\/#\\\/schema\\\/person\\\/633529146f2c94272bef50ac2953d589\",\"name\":\"Aconteceu no Vale\",\"description\":\"Equipe de reportagem do Aconteceu no Vale, portal de not\u00edcias do Vale do Jequitinhonha, em Minas Gerais. Cobrimos as 51 cidades do Vale desde 2013. Sugest\u00f5es de pauta e pedidos de corre\u00e7\u00e3o: contato@aconteceunovale.com.br\",\"sameAs\":[\"http:\\\/\\\/www.aconteceunovale.com.br\"],\"url\":\"https:\\\/\\\/aconteceunovale.com.br\\\/portal\\\/?author=1\"}]}<\/script>\n<!-- \/ Yoast SEO plugin. -->","yoast_head_json":{"title":"A um m\u00eas do anivers\u00e1rio de 100 anos, morador de rua mais velho de BH diz que quer viver ao menos mais 60 - Aconteceu no Vale","robots":{"index":"index","follow":"follow","max-snippet":"max-snippet:-1","max-image-preview":"max-image-preview:large","max-video-preview":"max-video-preview:-1"},"canonical":"https:\/\/aconteceunovale.com.br\/portal\/?p=101027","og_locale":"pt_BR","og_type":"article","og_title":"A um m\u00eas do anivers\u00e1rio de 100 anos, morador de rua mais velho de BH diz que quer viver ao menos mais 60 - Aconteceu no Vale","og_description":"No dia 8 de dezembro, anivers\u00e1rio de Belo Horizonte, Joel Pereira Gon\u00e7alves completar\u00e1 100 anos. Os 99 vividos at\u00e9 agora foram nas ruas, e certid\u00e3o de nascimento s\u00f3 foi emitida em agosto deste ano. Ele diz ter nascido embaixo do Viaduto Santa Tereza e a idade, autodeclarada, assim como os nomes dos pais, foram reconhecidos [&hellip;]","og_url":"https:\/\/aconteceunovale.com.br\/portal\/?p=101027","og_site_name":"Aconteceu no Vale","article_publisher":"https:\/\/www.facebook.com\/aconteceunovale\/","article_published_time":"2016-11-04T12:06:48+00:00","og_image":[{"width":600,"height":400,"url":"https:\/\/aconteceunovale.com.br\/portal\/wp-content\/uploads\/2016\/11\/morador_de_rua_bh.jpg","type":"image\/jpeg"}],"author":"Aconteceu no Vale","twitter_card":"summary_large_image","twitter_creator":"@noticiadosvales","twitter_site":"@noticiadosvales","twitter_misc":{"Escrito por":"Aconteceu no Vale","Est. tempo de leitura":"3 minutos"},"schema":{"@context":"https:\/\/schema.org","@graph":[{"@type":"Article","@id":"https:\/\/aconteceunovale.com.br\/portal\/?p=101027#article","isPartOf":{"@id":"https:\/\/aconteceunovale.com.br\/portal\/?p=101027"},"author":{"name":"Aconteceu no Vale","@id":"https:\/\/aconteceunovale.com.br\/portal\/#\/schema\/person\/633529146f2c94272bef50ac2953d589"},"headline":"A um m\u00eas do anivers\u00e1rio de 100 anos, morador de rua mais velho de BH diz que quer viver ao menos mais 60","datePublished":"2016-11-04T12:06:48+00:00","mainEntityOfPage":{"@id":"https:\/\/aconteceunovale.com.br\/portal\/?p=101027"},"wordCount":580,"commentCount":0,"image":{"@id":"https:\/\/aconteceunovale.com.br\/portal\/?p=101027#primaryimage"},"thumbnailUrl":"https:\/\/aconteceunovale.com.br\/portal\/wp-content\/uploads\/2016\/11\/morador_de_rua_bh.jpg","keywords":["A um m\u00eas do anivers\u00e1rio de 100 anos","anivers\u00e1rio de Belo Horizonte","criador do jornal Mosaico","Joel Pereira Gon\u00e7alves","Joel Pereira Gon\u00e7alves completar\u00e1 100 anos","jornal Mosaico","Luiz Ant\u00f4nio Zanon","Morador de rua mais velho de Belo Horizonte","Morador de rua mais velho de Belo Horizonte completa 100 anos","Morador de rua mais velho de BH","Morador de rua mais velho de BH completa 100 anos","Morador de rua mais velho de BH diz que quer viver ao menos mais 60"],"articleSection":["Minas Gerais"],"inLanguage":"pt-BR","potentialAction":[{"@type":"CommentAction","name":"Comment","target":["https:\/\/aconteceunovale.com.br\/portal\/?p=101027#respond"]}]},{"@type":"WebPage","@id":"https:\/\/aconteceunovale.com.br\/portal\/?p=101027","url":"https:\/\/aconteceunovale.com.br\/portal\/?p=101027","name":"A um m\u00eas do anivers\u00e1rio de 100 anos, morador de rua mais velho de BH diz que quer viver ao menos mais 60 - Aconteceu no Vale","isPartOf":{"@id":"https:\/\/aconteceunovale.com.br\/portal\/#website"},"primaryImageOfPage":{"@id":"https:\/\/aconteceunovale.com.br\/portal\/?p=101027#primaryimage"},"image":{"@id":"https:\/\/aconteceunovale.com.br\/portal\/?p=101027#primaryimage"},"thumbnailUrl":"https:\/\/aconteceunovale.com.br\/portal\/wp-content\/uploads\/2016\/11\/morador_de_rua_bh.jpg","datePublished":"2016-11-04T12:06:48+00:00","author":{"@id":"https:\/\/aconteceunovale.com.br\/portal\/#\/schema\/person\/633529146f2c94272bef50ac2953d589"},"breadcrumb":{"@id":"https:\/\/aconteceunovale.com.br\/portal\/?p=101027#breadcrumb"},"inLanguage":"pt-BR","potentialAction":[{"@type":"ReadAction","target":["https:\/\/aconteceunovale.com.br\/portal\/?p=101027"]}]},{"@type":"ImageObject","inLanguage":"pt-BR","@id":"https:\/\/aconteceunovale.com.br\/portal\/?p=101027#primaryimage","url":"https:\/\/aconteceunovale.com.br\/portal\/wp-content\/uploads\/2016\/11\/morador_de_rua_bh.jpg","contentUrl":"https:\/\/aconteceunovale.com.br\/portal\/wp-content\/uploads\/2016\/11\/morador_de_rua_bh.jpg","width":600,"height":400},{"@type":"BreadcrumbList","@id":"https:\/\/aconteceunovale.com.br\/portal\/?p=101027#breadcrumb","itemListElement":[{"@type":"ListItem","position":1,"name":"In\u00edcio","item":"https:\/\/aconteceunovale.com.br\/portal\/"},{"@type":"ListItem","position":2,"name":"A um m\u00eas do anivers\u00e1rio de 100 anos, morador de rua mais velho de BH diz que quer viver ao menos mais 60"}]},{"@type":"WebSite","@id":"https:\/\/aconteceunovale.com.br\/portal\/#website","url":"https:\/\/aconteceunovale.com.br\/portal\/","name":"Aconteceu no Vale","description":"Portal de Not\u00edcias","potentialAction":[{"@type":"SearchAction","target":{"@type":"EntryPoint","urlTemplate":"https:\/\/aconteceunovale.com.br\/portal\/?s={search_term_string}"},"query-input":{"@type":"PropertyValueSpecification","valueRequired":true,"valueName":"search_term_string"}}],"inLanguage":"pt-BR"},{"@type":"Person","@id":"https:\/\/aconteceunovale.com.br\/portal\/#\/schema\/person\/633529146f2c94272bef50ac2953d589","name":"Aconteceu no Vale","description":"Equipe de reportagem do Aconteceu no Vale, portal de not\u00edcias do Vale do Jequitinhonha, em Minas Gerais. Cobrimos as 51 cidades do Vale desde 2013. Sugest\u00f5es de pauta e pedidos de corre\u00e7\u00e3o: contato@aconteceunovale.com.br","sameAs":["http:\/\/www.aconteceunovale.com.br"],"url":"https:\/\/aconteceunovale.com.br\/portal\/?author=1"}]}},"_links":{"self":[{"href":"https:\/\/aconteceunovale.com.br\/portal\/index.php?rest_route=\/wp\/v2\/posts\/101027","targetHints":{"allow":["GET"]}}],"collection":[{"href":"https:\/\/aconteceunovale.com.br\/portal\/index.php?rest_route=\/wp\/v2\/posts"}],"about":[{"href":"https:\/\/aconteceunovale.com.br\/portal\/index.php?rest_route=\/wp\/v2\/types\/post"}],"author":[{"embeddable":true,"href":"https:\/\/aconteceunovale.com.br\/portal\/index.php?rest_route=\/wp\/v2\/users\/1"}],"replies":[{"embeddable":true,"href":"https:\/\/aconteceunovale.com.br\/portal\/index.php?rest_route=%2Fwp%2Fv2%2Fcomments&post=101027"}],"version-history":[{"count":0,"href":"https:\/\/aconteceunovale.com.br\/portal\/index.php?rest_route=\/wp\/v2\/posts\/101027\/revisions"}],"wp:featuredmedia":[{"embeddable":true,"href":"https:\/\/aconteceunovale.com.br\/portal\/index.php?rest_route=\/wp\/v2\/media\/101028"}],"wp:attachment":[{"href":"https:\/\/aconteceunovale.com.br\/portal\/index.php?rest_route=%2Fwp%2Fv2%2Fmedia&parent=101027"}],"wp:term":[{"taxonomy":"category","embeddable":true,"href":"https:\/\/aconteceunovale.com.br\/portal\/index.php?rest_route=%2Fwp%2Fv2%2Fcategories&post=101027"},{"taxonomy":"post_tag","embeddable":true,"href":"https:\/\/aconteceunovale.com.br\/portal\/index.php?rest_route=%2Fwp%2Fv2%2Ftags&post=101027"}],"curies":[{"name":"wp","href":"https:\/\/api.w.org\/{rel}","templated":true}]}}