{"id":101019,"date":"2016-11-04T08:20:35","date_gmt":"2016-11-04T11:20:35","guid":{"rendered":"http:\/\/aconteceunovale.com.br\/portal\/?p=101019"},"modified":"2026-09-02T12:51:21","modified_gmt":"2026-09-02T15:51:21","slug":"diamantina-gourmet-promove-experiencias-gastronomicas-numa-viagem-pela-historia","status":"publish","type":"post","link":"https:\/\/aconteceunovale.com.br\/portal\/?p=101019","title":{"rendered":"Diamantina Gourmet promove experi\u00eancias gastron\u00f4micas numa viagem pela Hist\u00f3ria"},"content":{"rendered":"<p>Entre 5 e 19 de novembro de 2016, a s\u00e9tima edi\u00e7\u00e3o do Diamantina Gourmet vai transformar a cidade natal de Chica da Silva na capital mineira da gastronomia. Nove dos principais restaurantes da cidade v\u00e3o oferecer pratos ricos em cheiros e sabores.<\/p>\n<p>Cada chef vai ter a miss\u00e3o de rechear suas cria\u00e7\u00f5es de hist\u00f3rias que remontam \u00e0 \u00e9poca dos escravos e das pedras preciosas, associando \u00e0 contemporaneidade da gastronomia mineira.<\/p>\n<p>Com receitas exclusivas para o festival, os restaurantes utilizar\u00e3o ingredientes locais e ou regionais em seus pratos, sempre com muita criatividade e inova\u00e7\u00e3o. Durante os preparativos, os restaurantes envolvidos recebem a consultoria dos renomados chefs Edson Puiati e Fl\u00e1vio Tombino, para elabora\u00e7\u00e3o do prato que participar\u00e1 do evento.<\/p>\n<p>O evento contar\u00e1 com uma grande abertura, nos dias 5 e 6 de novembro na Pra\u00e7a do Mercado Velho, com workshops de culin\u00e1ria e apresenta\u00e7\u00f5es culturais. E no per\u00edodo at\u00e9 19 de novembro ser\u00e3o realizadas apresenta\u00e7\u00f5es culturais no munic\u00edpio e a continuidade dos pratos no card\u00e1pio do evento.<\/p>\n<p>O objetivo do festival \u00e9 impulsionar o munic\u00edpio de Diamantina no cen\u00e1rio tur\u00edstico cultural gastron\u00f4mico, atrav\u00e9s da promo\u00e7\u00e3o de suas riquezas gastron\u00f4micas e da valoriza\u00e7\u00e3o de seus talentos. O evento tamb\u00e9m visa incentivar o desenvolvimento do turismo pela divulga\u00e7\u00e3o e promo\u00e7\u00e3o da gastronomia, do modo de fazer e da cultura.<\/p>\n<p>Outra meta \u00e9 oferecer uma \u00f3tima oportunidade de divulga\u00e7\u00e3o de pratos in\u00e9ditos, incrementando a venda dos restaurantes durante o evento.<\/p>\n<p>O Diamantina Gourmet conta com o patroc\u00ednio master da Codemig\/Governo de Minas, patroc\u00ednio da CNC e apoio institucional da UNA e da FBHA. O Instituto Estrada Real apoia o evento e estar\u00e1 presente promovendo seu passaporte que visa fomentar o turismo no roteiro. Os turistas poder\u00e3o conhecer destinos e carimbar o seu passaporte com pictograma exclusivo do Diamantina Gourmet.<\/p>\n<p>Confira a lista de restaurantes participantes e seus respectivos pratos e descri\u00e7\u00e3o dos mesmos:<\/p>\n<p><strong>Al \u00c1rabe Caf\u00e9 e Restaurante &#8211; Laban Immo:<\/strong>\u00a0&#8220;Laban Immo, significa literalmente Laban de sua m\u00e3e; laban \u00e9 a mistura de coalhada usada para adicionar ao molho onde a carne \u00e9 cozida. Este prato de carne de carneiro \u00e9 uma lembran\u00e7a de casa para os libaneses. Acompanhado de arroz s\u00edrio, \u00e9 servido com carne de carneiro ou de boi.<\/p>\n<p><strong>Brigaderie Bistr\u00f4 &#8211; Fillet \u00e0 Patisserie:\u00a0<\/strong>casquinha de queijo do Serro com iscas de fil\u00e9, farofa de castanha, sorvete de queijo e calda de aceto bals\u00e2mico reduzido. A ideia \u00e9 um prato com apar\u00eancia de doce, mas \u00e9 totalmente salgado.<\/p>\n<p><strong>Deguste Dressing Restaurant \u2013 Sabor do Quintal:<\/strong>\u00a0costelinha su\u00edna flambada na cacha\u00e7a ao molho agridoce de rapadura; pur\u00ea de mandioca ao alecrim, com lascas de queijo minas gratinado sobre cama de verduras da esta\u00e7\u00e3o, ao alho (couve, mostarda, espinafre ou agri\u00e3o).<\/p>\n<p><strong>Sushi Barroco &#8211; Fitness do Chef:\u00a0<\/strong>fil\u00e9 de til\u00e1pia grelhado com pur\u00ea de batata doce e wasabi. Para acompanhar, chutney de abacaxi ou morango, salada fresca com alface, r\u00facula e tomate cereja.<\/p>\n<p><strong>Apocalipse &#8211; Revela\u00e7\u00e3o da Serra:\u00a0<\/strong>alcatra su\u00edna assada ao molho de lim\u00e3o capeta e rapadura com cobertura de lascas de requeij\u00e3o caseiro, servida com pur\u00ea de ab\u00f3bora ao creme de queijo, com toque de geleia de abacaxi e crispy de taioba.<\/p>\n<p><strong>Pousada Rel\u00edquias do Tempo &#8211; Caf\u00e9 Colonial Rel\u00edquias:<\/strong>\u00a0caf\u00e9 vespertino com quitutes mineiros como roscas, sequilhos, bolos, broas, chocolate quente, queimadinha, ch\u00e1s, sucos, arroz doce, mingau de fub\u00e1, p\u00e3o de queijo, entre outros. Destaque para o p\u00e3o de cebola com picadinho de lingui\u00e7a mineira.<\/p>\n<p><strong>Restaurante Casa Real \u2013 Carne de Sol Real:<\/strong>\u00a0carne de sol grelhada deitada em mousseline de mandioquinha baroa coberta com molho pesto de r\u00facula e manjeric\u00e3o.<\/p>\n<p><strong>Livraria e Caf\u00e9 Espa\u00e7o B \u2013 Ouro da Terra:\u00a0<\/strong>risoto de canjiquinha e queijo do serro, cupim ao molho reduzido de rapadura e bals\u00e2mico em cama de ora-pr\u00f3-nobis salteado.<\/p>\n<p><strong>Catedral Pub:<\/strong>\u00a0lombo em crosta de feijoada e torresmo com crispy de couve e molho de laranja.<\/p>\n<p><strong>Relic\u00e1rio Gastronomia &#8211; Frango da V\u00f3 Stela:\u00a0<\/strong>releitura de frango ensopado. Coxa e sobrecoxa ao molho pardo com cenourinha branca, acompanhado de mostarda refogada, angu e arroz branco.<\/p>\n<p><strong>Pousada do Garimpo &#8211; Frango Caipira Chic com quiabo contempor\u00e2neo:<\/strong>\u00a0frango caipira recheado de cogumelos de paris e requeij\u00e3o de raspa, vestido em palet\u00f3 de taioba e massa crocante, servido com soufl\u00e9 de milho verde , quiabo e queijo do serro curado e legumes dourados no azeite extra virgem.<\/p>\n<p>Todos os pratos estar\u00e3o dispon\u00edveis de 5 a 19 de novembro, exceto na Pousada do Garimpo que ficar\u00e1 dispon\u00edvel apenas 11, 12, 13 de novembro. J\u00e1 a Pousada Rel\u00edquias do Tempo participa do evento apenas nos dias 9 e 10 de novembro de 19h \u00e0s 21h.<\/p>\n<p><strong>Patrim\u00f4nio<\/strong><\/p>\n<p>Diamantina foi fundada como Arraial do Tejuco em 1713, com a constru\u00e7\u00e3o de uma capela que homenageava o padroeiro Santo Ant\u00f4nio. Seu crescimento \u00e9 decorrente da descoberta dos Diamantes em 1729, o que a tornou a terceira maior povoa\u00e7\u00e3o da Capitania Geral da Minas, em fins do s\u00e9culo XVIII.<\/p>\n<p>A cidade tamb\u00e9m ficou famosa em fun\u00e7\u00e3o de Chica da Silva, escrava alforriada, esposa de Jo\u00e3o Fernandes de Oliveira, um dos homens mais ricos do Brasil. Em 1831, a cidade emancipou-se do munic\u00edpio do Serro, continuando com intensa vida comercial e cultural.<\/p>\n<p>Em 1938, Diamantina comemorou seus 100 anos de eleva\u00e7\u00e3o \u00e0 categoria de cidade, recebendo do Instituto do Patrim\u00f4nio Hist\u00f3rico e Art\u00edstico Nacional o t\u00edtulo de Patrim\u00f4nio Hist\u00f3rico Nacional. <\/p>\n<p>(Ag\u00eancia Minas)<\/p>\n","protected":false},"excerpt":{"rendered":"<p>Entre 5 e 19 de novembro de 2016, a s\u00e9tima edi\u00e7\u00e3o do Diamantina Gourmet vai transformar a cidade natal de Chica da Silva na capital mineira da gastronomia. Nove dos principais restaurantes da cidade v\u00e3o oferecer pratos ricos em cheiros e sabores. Cada chef vai ter a miss\u00e3o de rechear suas cria\u00e7\u00f5es de hist\u00f3rias que [&hellip;]<\/p>\n","protected":false},"author":1,"featured_media":101020,"comment_status":"open","ping_status":"closed","sticky":false,"template":"","format":"standard","meta":{"amp_status":"","footnotes":""},"categories":[272543,125,120],"tags":[124290,124296,106062,124292,124286,124299,28799,124294,198,469,124283,124300,124284,124285,124289,124293,124288,124287,124291,39344,124297,124298,124282,124295],"class_list":["post-101019","post","type-post","status-publish","format-standard","has-post-thumbnail","hentry","category-diamantina","category-noticias","category-jequi","tag-al-arabe-cafe-e-restaurante","tag-apocalipse","tag-arraial-do-tejuco","tag-brigaderie-bistro","tag-capital-mineira-da-gastronomia","tag-catedral-pub","tag-chica-da-silva","tag-deguste-dressing-restaurant","tag-diamantina","tag-diamantina-gourmet","tag-diamantina-gourmet-2016","tag-diamantina-gourmet-promove-experiencias-gastronomicas-numa-viagem-pela-historia","tag-diamantina-gourmet-vai-transformar-a-cidade-natal-de-chica-da-silva","tag-diamantina-gourmet-vai-transformar-a-cidade-natal-de-chica-da-silva-na-capital-mineira-da-gastronomia","tag-edson-puiati","tag-fillet-a-patisserie","tag-flavio-tombino","tag-gastronomia-2","tag-laban-immo","tag-pousada-do-garimpo","tag-pousada-reliquias-do-tempo","tag-restaurante-casa-real","tag-setima-edicao-do-diamantina-gourmet","tag-sushi-barroco"],"yoast_head":"<!-- This site is optimized with the Yoast SEO plugin v28.3 - https:\/\/yoast.com\/product\/yoast-seo-wordpress\/ -->\n<title>Diamantina Gourmet promove experi\u00eancias gastron\u00f4micas numa viagem pela Hist\u00f3ria - Aconteceu no Vale<\/title>\n<meta name=\"robots\" content=\"index, follow, max-snippet:-1, max-image-preview:large, max-video-preview:-1\" \/>\n<link rel=\"canonical\" href=\"https:\/\/aconteceunovale.com.br\/portal\/?p=101019\" \/>\n<meta property=\"og:locale\" content=\"pt_BR\" \/>\n<meta property=\"og:type\" content=\"article\" \/>\n<meta property=\"og:title\" content=\"Diamantina Gourmet promove experi\u00eancias gastron\u00f4micas numa viagem pela Hist\u00f3ria - Aconteceu no Vale\" \/>\n<meta property=\"og:description\" content=\"Entre 5 e 19 de novembro de 2016, a s\u00e9tima edi\u00e7\u00e3o do Diamantina Gourmet vai transformar a cidade natal de Chica da Silva na capital mineira da gastronomia. Nove dos principais restaurantes da cidade v\u00e3o oferecer pratos ricos em cheiros e sabores. Cada chef vai ter a miss\u00e3o de rechear suas cria\u00e7\u00f5es de hist\u00f3rias que [&hellip;]\" \/>\n<meta property=\"og:url\" content=\"https:\/\/aconteceunovale.com.br\/portal\/?p=101019\" \/>\n<meta property=\"og:site_name\" content=\"Aconteceu no Vale\" \/>\n<meta property=\"article:publisher\" content=\"https:\/\/www.facebook.com\/aconteceunovale\/\" \/>\n<meta property=\"article:published_time\" content=\"2016-11-04T11:20:35+00:00\" \/>\n<meta property=\"article:modified_time\" content=\"2026-09-02T15:51:21+00:00\" \/>\n<meta property=\"og:image\" content=\"https:\/\/aconteceunovale.com.br\/portal\/wp-content\/uploads\/2016\/11\/diamantina_gourmet.png\" \/>\n\t<meta property=\"og:image:width\" content=\"678\" \/>\n\t<meta property=\"og:image:height\" content=\"320\" \/>\n\t<meta property=\"og:image:type\" content=\"image\/png\" \/>\n<meta name=\"author\" content=\"Aconteceu no Vale\" \/>\n<meta name=\"twitter:card\" content=\"summary_large_image\" \/>\n<meta name=\"twitter:creator\" content=\"@noticiadosvales\" \/>\n<meta name=\"twitter:site\" content=\"@noticiadosvales\" \/>\n<meta name=\"twitter:label1\" content=\"Escrito por\" \/>\n\t<meta name=\"twitter:data1\" content=\"Aconteceu no Vale\" \/>\n\t<meta name=\"twitter:label2\" content=\"Est. tempo de leitura\" \/>\n\t<meta name=\"twitter:data2\" content=\"5 minutos\" \/>\n<script type=\"application\/ld+json\" class=\"yoast-schema-graph\">{\"@context\":\"https:\\\/\\\/schema.org\",\"@graph\":[{\"@type\":\"Article\",\"@id\":\"https:\\\/\\\/aconteceunovale.com.br\\\/portal\\\/?p=101019#article\",\"isPartOf\":{\"@id\":\"https:\\\/\\\/aconteceunovale.com.br\\\/portal\\\/?p=101019\"},\"author\":{\"name\":\"Aconteceu no Vale\",\"@id\":\"https:\\\/\\\/aconteceunovale.com.br\\\/portal\\\/#\\\/schema\\\/person\\\/633529146f2c94272bef50ac2953d589\"},\"headline\":\"Diamantina Gourmet promove experi\u00eancias gastron\u00f4micas numa viagem pela Hist\u00f3ria\",\"datePublished\":\"2016-11-04T11:20:35+00:00\",\"dateModified\":\"2026-09-02T15:51:21+00:00\",\"mainEntityOfPage\":{\"@id\":\"https:\\\/\\\/aconteceunovale.com.br\\\/portal\\\/?p=101019\"},\"wordCount\":947,\"commentCount\":0,\"image\":{\"@id\":\"https:\\\/\\\/aconteceunovale.com.br\\\/portal\\\/?p=101019#primaryimage\"},\"thumbnailUrl\":\"https:\\\/\\\/aconteceunovale.com.br\\\/portal\\\/wp-content\\\/uploads\\\/2016\\\/11\\\/diamantina_gourmet.png\",\"keywords\":[\"Al \u00c1rabe Caf\u00e9 e Restaurante\",\"Apocalipse\",\"Arraial do Tejuco\",\"Brigaderie Bistr\u00f4\",\"capital mineira da gastronomia\",\"Catedral Pub\",\"Chica da Silva\",\"Deguste Dressing Restaurant\",\"Diamantina\",\"Diamantina Gourmet\",\"Diamantina Gourmet 2016\",\"Diamantina Gourmet promove experi\u00eancias gastron\u00f4micas numa viagem pela Hist\u00f3ria\",\"Diamantina Gourmet vai transformar a cidade natal de Chica da Silva\",\"Diamantina Gourmet vai transformar a cidade natal de Chica da Silva na capital mineira da gastronomia\",\"Edson Puiati\",\"Fillet \u00e0 Patisserie\",\"Fl\u00e1vio Tombino\",\"gastronomia\",\"Laban Immo\",\"Pousada do Garimpo\",\"Pousada Rel\u00edquias do Tempo\",\"Restaurante Casa Real\",\"s\u00e9tima edi\u00e7\u00e3o do Diamantina Gourmet\",\"Sushi Barroco\"],\"articleSection\":[\"Diamantina\",\"Eventos\",\"Vale do Jequitinhonha\"],\"inLanguage\":\"pt-BR\",\"potentialAction\":[{\"@type\":\"CommentAction\",\"name\":\"Comment\",\"target\":[\"https:\\\/\\\/aconteceunovale.com.br\\\/portal\\\/?p=101019#respond\"]}]},{\"@type\":\"WebPage\",\"@id\":\"https:\\\/\\\/aconteceunovale.com.br\\\/portal\\\/?p=101019\",\"url\":\"https:\\\/\\\/aconteceunovale.com.br\\\/portal\\\/?p=101019\",\"name\":\"Diamantina Gourmet promove experi\u00eancias gastron\u00f4micas numa viagem pela Hist\u00f3ria - Aconteceu no Vale\",\"isPartOf\":{\"@id\":\"https:\\\/\\\/aconteceunovale.com.br\\\/portal\\\/#website\"},\"primaryImageOfPage\":{\"@id\":\"https:\\\/\\\/aconteceunovale.com.br\\\/portal\\\/?p=101019#primaryimage\"},\"image\":{\"@id\":\"https:\\\/\\\/aconteceunovale.com.br\\\/portal\\\/?p=101019#primaryimage\"},\"thumbnailUrl\":\"https:\\\/\\\/aconteceunovale.com.br\\\/portal\\\/wp-content\\\/uploads\\\/2016\\\/11\\\/diamantina_gourmet.png\",\"datePublished\":\"2016-11-04T11:20:35+00:00\",\"dateModified\":\"2026-09-02T15:51:21+00:00\",\"author\":{\"@id\":\"https:\\\/\\\/aconteceunovale.com.br\\\/portal\\\/#\\\/schema\\\/person\\\/633529146f2c94272bef50ac2953d589\"},\"breadcrumb\":{\"@id\":\"https:\\\/\\\/aconteceunovale.com.br\\\/portal\\\/?p=101019#breadcrumb\"},\"inLanguage\":\"pt-BR\",\"potentialAction\":[{\"@type\":\"ReadAction\",\"target\":[\"https:\\\/\\\/aconteceunovale.com.br\\\/portal\\\/?p=101019\"]}]},{\"@type\":\"ImageObject\",\"inLanguage\":\"pt-BR\",\"@id\":\"https:\\\/\\\/aconteceunovale.com.br\\\/portal\\\/?p=101019#primaryimage\",\"url\":\"https:\\\/\\\/aconteceunovale.com.br\\\/portal\\\/wp-content\\\/uploads\\\/2016\\\/11\\\/diamantina_gourmet.png\",\"contentUrl\":\"https:\\\/\\\/aconteceunovale.com.br\\\/portal\\\/wp-content\\\/uploads\\\/2016\\\/11\\\/diamantina_gourmet.png\",\"width\":678,\"height\":320},{\"@type\":\"BreadcrumbList\",\"@id\":\"https:\\\/\\\/aconteceunovale.com.br\\\/portal\\\/?p=101019#breadcrumb\",\"itemListElement\":[{\"@type\":\"ListItem\",\"position\":1,\"name\":\"In\u00edcio\",\"item\":\"https:\\\/\\\/aconteceunovale.com.br\\\/portal\\\/\"},{\"@type\":\"ListItem\",\"position\":2,\"name\":\"Diamantina Gourmet promove experi\u00eancias gastron\u00f4micas numa viagem pela Hist\u00f3ria\"}]},{\"@type\":\"WebSite\",\"@id\":\"https:\\\/\\\/aconteceunovale.com.br\\\/portal\\\/#website\",\"url\":\"https:\\\/\\\/aconteceunovale.com.br\\\/portal\\\/\",\"name\":\"Aconteceu no Vale\",\"description\":\"Portal de Not\u00edcias\",\"potentialAction\":[{\"@type\":\"SearchAction\",\"target\":{\"@type\":\"EntryPoint\",\"urlTemplate\":\"https:\\\/\\\/aconteceunovale.com.br\\\/portal\\\/?s={search_term_string}\"},\"query-input\":{\"@type\":\"PropertyValueSpecification\",\"valueRequired\":true,\"valueName\":\"search_term_string\"}}],\"inLanguage\":\"pt-BR\"},{\"@type\":\"Person\",\"@id\":\"https:\\\/\\\/aconteceunovale.com.br\\\/portal\\\/#\\\/schema\\\/person\\\/633529146f2c94272bef50ac2953d589\",\"name\":\"Aconteceu no Vale\",\"description\":\"Equipe de reportagem do Aconteceu no Vale, portal de not\u00edcias do Vale do Jequitinhonha, em Minas Gerais. Cobrimos as 51 cidades do Vale desde 2013. Sugest\u00f5es de pauta e pedidos de corre\u00e7\u00e3o: contato@aconteceunovale.com.br\",\"sameAs\":[\"http:\\\/\\\/www.aconteceunovale.com.br\"],\"url\":\"https:\\\/\\\/aconteceunovale.com.br\\\/portal\\\/?author=1\"}]}<\/script>\n<!-- \/ Yoast SEO plugin. -->","yoast_head_json":{"title":"Diamantina Gourmet promove experi\u00eancias gastron\u00f4micas numa viagem pela Hist\u00f3ria - Aconteceu no Vale","robots":{"index":"index","follow":"follow","max-snippet":"max-snippet:-1","max-image-preview":"max-image-preview:large","max-video-preview":"max-video-preview:-1"},"canonical":"https:\/\/aconteceunovale.com.br\/portal\/?p=101019","og_locale":"pt_BR","og_type":"article","og_title":"Diamantina Gourmet promove experi\u00eancias gastron\u00f4micas numa viagem pela Hist\u00f3ria - Aconteceu no Vale","og_description":"Entre 5 e 19 de novembro de 2016, a s\u00e9tima edi\u00e7\u00e3o do Diamantina Gourmet vai transformar a cidade natal de Chica da Silva na capital mineira da gastronomia. Nove dos principais restaurantes da cidade v\u00e3o oferecer pratos ricos em cheiros e sabores. Cada chef vai ter a miss\u00e3o de rechear suas cria\u00e7\u00f5es de hist\u00f3rias que [&hellip;]","og_url":"https:\/\/aconteceunovale.com.br\/portal\/?p=101019","og_site_name":"Aconteceu no Vale","article_publisher":"https:\/\/www.facebook.com\/aconteceunovale\/","article_published_time":"2016-11-04T11:20:35+00:00","article_modified_time":"2026-09-02T15:51:21+00:00","og_image":[{"width":678,"height":320,"url":"https:\/\/aconteceunovale.com.br\/portal\/wp-content\/uploads\/2016\/11\/diamantina_gourmet.png","type":"image\/png"}],"author":"Aconteceu no Vale","twitter_card":"summary_large_image","twitter_creator":"@noticiadosvales","twitter_site":"@noticiadosvales","twitter_misc":{"Escrito por":"Aconteceu no Vale","Est. tempo de leitura":"5 minutos"},"schema":{"@context":"https:\/\/schema.org","@graph":[{"@type":"Article","@id":"https:\/\/aconteceunovale.com.br\/portal\/?p=101019#article","isPartOf":{"@id":"https:\/\/aconteceunovale.com.br\/portal\/?p=101019"},"author":{"name":"Aconteceu no Vale","@id":"https:\/\/aconteceunovale.com.br\/portal\/#\/schema\/person\/633529146f2c94272bef50ac2953d589"},"headline":"Diamantina Gourmet promove experi\u00eancias gastron\u00f4micas numa viagem pela Hist\u00f3ria","datePublished":"2016-11-04T11:20:35+00:00","dateModified":"2026-09-02T15:51:21+00:00","mainEntityOfPage":{"@id":"https:\/\/aconteceunovale.com.br\/portal\/?p=101019"},"wordCount":947,"commentCount":0,"image":{"@id":"https:\/\/aconteceunovale.com.br\/portal\/?p=101019#primaryimage"},"thumbnailUrl":"https:\/\/aconteceunovale.com.br\/portal\/wp-content\/uploads\/2016\/11\/diamantina_gourmet.png","keywords":["Al \u00c1rabe Caf\u00e9 e Restaurante","Apocalipse","Arraial do Tejuco","Brigaderie Bistr\u00f4","capital mineira da gastronomia","Catedral Pub","Chica da Silva","Deguste Dressing Restaurant","Diamantina","Diamantina Gourmet","Diamantina Gourmet 2016","Diamantina Gourmet promove experi\u00eancias gastron\u00f4micas numa viagem pela Hist\u00f3ria","Diamantina Gourmet vai transformar a cidade natal de Chica da Silva","Diamantina Gourmet vai transformar a cidade natal de Chica da Silva na capital mineira da gastronomia","Edson Puiati","Fillet \u00e0 Patisserie","Fl\u00e1vio Tombino","gastronomia","Laban Immo","Pousada do Garimpo","Pousada Rel\u00edquias do Tempo","Restaurante Casa Real","s\u00e9tima edi\u00e7\u00e3o do Diamantina Gourmet","Sushi Barroco"],"articleSection":["Diamantina","Eventos","Vale do Jequitinhonha"],"inLanguage":"pt-BR","potentialAction":[{"@type":"CommentAction","name":"Comment","target":["https:\/\/aconteceunovale.com.br\/portal\/?p=101019#respond"]}]},{"@type":"WebPage","@id":"https:\/\/aconteceunovale.com.br\/portal\/?p=101019","url":"https:\/\/aconteceunovale.com.br\/portal\/?p=101019","name":"Diamantina Gourmet promove experi\u00eancias gastron\u00f4micas numa viagem pela Hist\u00f3ria - Aconteceu no Vale","isPartOf":{"@id":"https:\/\/aconteceunovale.com.br\/portal\/#website"},"primaryImageOfPage":{"@id":"https:\/\/aconteceunovale.com.br\/portal\/?p=101019#primaryimage"},"image":{"@id":"https:\/\/aconteceunovale.com.br\/portal\/?p=101019#primaryimage"},"thumbnailUrl":"https:\/\/aconteceunovale.com.br\/portal\/wp-content\/uploads\/2016\/11\/diamantina_gourmet.png","datePublished":"2016-11-04T11:20:35+00:00","dateModified":"2026-09-02T15:51:21+00:00","author":{"@id":"https:\/\/aconteceunovale.com.br\/portal\/#\/schema\/person\/633529146f2c94272bef50ac2953d589"},"breadcrumb":{"@id":"https:\/\/aconteceunovale.com.br\/portal\/?p=101019#breadcrumb"},"inLanguage":"pt-BR","potentialAction":[{"@type":"ReadAction","target":["https:\/\/aconteceunovale.com.br\/portal\/?p=101019"]}]},{"@type":"ImageObject","inLanguage":"pt-BR","@id":"https:\/\/aconteceunovale.com.br\/portal\/?p=101019#primaryimage","url":"https:\/\/aconteceunovale.com.br\/portal\/wp-content\/uploads\/2016\/11\/diamantina_gourmet.png","contentUrl":"https:\/\/aconteceunovale.com.br\/portal\/wp-content\/uploads\/2016\/11\/diamantina_gourmet.png","width":678,"height":320},{"@type":"BreadcrumbList","@id":"https:\/\/aconteceunovale.com.br\/portal\/?p=101019#breadcrumb","itemListElement":[{"@type":"ListItem","position":1,"name":"In\u00edcio","item":"https:\/\/aconteceunovale.com.br\/portal\/"},{"@type":"ListItem","position":2,"name":"Diamantina Gourmet promove experi\u00eancias gastron\u00f4micas numa viagem pela Hist\u00f3ria"}]},{"@type":"WebSite","@id":"https:\/\/aconteceunovale.com.br\/portal\/#website","url":"https:\/\/aconteceunovale.com.br\/portal\/","name":"Aconteceu no Vale","description":"Portal de Not\u00edcias","potentialAction":[{"@type":"SearchAction","target":{"@type":"EntryPoint","urlTemplate":"https:\/\/aconteceunovale.com.br\/portal\/?s={search_term_string}"},"query-input":{"@type":"PropertyValueSpecification","valueRequired":true,"valueName":"search_term_string"}}],"inLanguage":"pt-BR"},{"@type":"Person","@id":"https:\/\/aconteceunovale.com.br\/portal\/#\/schema\/person\/633529146f2c94272bef50ac2953d589","name":"Aconteceu no Vale","description":"Equipe de reportagem do Aconteceu no Vale, portal de not\u00edcias do Vale do Jequitinhonha, em Minas Gerais. Cobrimos as 51 cidades do Vale desde 2013. Sugest\u00f5es de pauta e pedidos de corre\u00e7\u00e3o: contato@aconteceunovale.com.br","sameAs":["http:\/\/www.aconteceunovale.com.br"],"url":"https:\/\/aconteceunovale.com.br\/portal\/?author=1"}]}},"_links":{"self":[{"href":"https:\/\/aconteceunovale.com.br\/portal\/index.php?rest_route=\/wp\/v2\/posts\/101019","targetHints":{"allow":["GET"]}}],"collection":[{"href":"https:\/\/aconteceunovale.com.br\/portal\/index.php?rest_route=\/wp\/v2\/posts"}],"about":[{"href":"https:\/\/aconteceunovale.com.br\/portal\/index.php?rest_route=\/wp\/v2\/types\/post"}],"author":[{"embeddable":true,"href":"https:\/\/aconteceunovale.com.br\/portal\/index.php?rest_route=\/wp\/v2\/users\/1"}],"replies":[{"embeddable":true,"href":"https:\/\/aconteceunovale.com.br\/portal\/index.php?rest_route=%2Fwp%2Fv2%2Fcomments&post=101019"}],"version-history":[{"count":1,"href":"https:\/\/aconteceunovale.com.br\/portal\/index.php?rest_route=\/wp\/v2\/posts\/101019\/revisions"}],"predecessor-version":[{"id":200383,"href":"https:\/\/aconteceunovale.com.br\/portal\/index.php?rest_route=\/wp\/v2\/posts\/101019\/revisions\/200383"}],"wp:featuredmedia":[{"embeddable":true,"href":"https:\/\/aconteceunovale.com.br\/portal\/index.php?rest_route=\/wp\/v2\/media\/101020"}],"wp:attachment":[{"href":"https:\/\/aconteceunovale.com.br\/portal\/index.php?rest_route=%2Fwp%2Fv2%2Fmedia&parent=101019"}],"wp:term":[{"taxonomy":"category","embeddable":true,"href":"https:\/\/aconteceunovale.com.br\/portal\/index.php?rest_route=%2Fwp%2Fv2%2Fcategories&post=101019"},{"taxonomy":"post_tag","embeddable":true,"href":"https:\/\/aconteceunovale.com.br\/portal\/index.php?rest_route=%2Fwp%2Fv2%2Ftags&post=101019"}],"curies":[{"name":"wp","href":"https:\/\/api.w.org\/{rel}","templated":true}]}}