{"id":101013,"date":"2016-11-03T21:36:35","date_gmt":"2016-11-04T00:36:35","guid":{"rendered":"http:\/\/aconteceunovale.com.br\/portal\/?p=101013"},"modified":"2016-11-03T21:36:35","modified_gmt":"2016-11-04T00:36:35","slug":"estudantes-ocupam-campus-montes-claros-da-ufmg-em-protesto-contra-a-pec-55","status":"publish","type":"post","link":"https:\/\/aconteceunovale.com.br\/portal\/?p=101013","title":{"rendered":"Estudantes ocupam Campus Montes Claros da UFMG em protesto contra a PEC 55"},"content":{"rendered":"<p>Estudantes ocuparam o campus da Universidade Federal de Minas Gerais (UFMG) em Montes Claros em manifesta\u00e7\u00e3o contra a Proposta de Emenda Constitucional (PEC 55\/2016) que prop\u00f5e um teto para os gastos do Governo Federal e contra a medida provis\u00f3ria que reformula o Ensino M\u00e9dio.<\/p>\n<p>Segundo a estudante de engenharia de alimentos, Bianca Sim\u00f5es, a ocupa\u00e7\u00e3o iniciou na noite dessa quarta-feira (2). Ela afirma que nesta quinta-feira (3) cerca de 60 alunos participam do movimento na institui\u00e7\u00e3o.<\/p>\n<p>\u201cDurante a ocupa\u00e7\u00e3o n\u00f3s estamos fazendo debates, oficinas e palestras. Nossa luta \u00e9 contra a PEC e, por isso, propomos a unifica\u00e7\u00e3o de todas as ocupa\u00e7\u00f5es que ocorrem no pa\u00eds\u201d.<\/p>\n<p>Ainda segundo a estudante, a proposta ir\u00e1 prejudicar \u00e1reas que j\u00e1 sofrem mesmo sem o limite de gastos. \u201cComo est\u00e1 proposto, o or\u00e7amento ser\u00e1 congelado os investimentos na sa\u00fade, na educa\u00e7\u00e3o e na \u00e1rea social. Com diversas outras medidas que poderiam ser tomadas sem prejudicar estas \u00e1reas\u201d.<\/p>\n<p><img decoding=\"async\" src=\"http:\/\/aconteceunovale.com.br\/portal\/wp-content\/uploads\/2016\/11\/campus_ufmg.jpg\" alt=\"\" \/><em>Estudantes ocuparam o campus da UFMG em Montes Claros (Foto: Denis Delano\/UFMG)<\/em><br \/>\n<\/br><\/p>\n<p>Na ter\u00e7a-feira (25) os estudantes fizeram um protesto em frente \u00e0 portaria do campus da universidade. Eles afirmaram que apenas a entrada de pedestres era permitida e as aulas foram suspensas. Nesta quinta-feira, o vice diretor do campus Montes Claros, Elder Augusto, afirmou que os estudantes ocuparam o Bloco C da institui\u00e7\u00e3o, onde est\u00e3o localizadas cinco salas de aulas e gabinetes dos docentes.<\/p>\n<p>&#8220;N\u00f3s mantemos um ambiente de di\u00e1logo com os estudantes. Eles querem sensibilizar a comunidade quanto aos impactos que a PEC pode causar. A institui\u00e7\u00e3o entende que \u00e9 um  direito deles se manifestarem, mas temos cautela quanto as ocupa\u00e7\u00f5es&#8221;, explica.<\/p>\n<p>O campus Montes Claros \u00e9 um dos locais onde est\u00e1 previsto a realiza\u00e7\u00e3o das provas para o Enem. De acordo com o vice-diretor, os pr\u00f3prios ocupantes se mostraram favor\u00e1veis \u00e0 realiza\u00e7\u00e3o das provas. &#8220;Hoje n\u00f3s conversamos e eles est\u00e3o a favor do Enem; n\u00e3o querem prejudicar o ingresso de novos acad\u00eamicos. Por\u00e9m, temos uma dire\u00e7\u00e3o central e n\u00e3o cabe a este campus decidir sobre a realiza\u00e7\u00e3o das provas&#8221;.<\/p>\n<p><img decoding=\"async\" src=\"http:\/\/aconteceunovale.com.br\/portal\/wp-content\/uploads\/2016\/10\/campus_ocupado_ufmg_moc_2.jpg\" alt=\"\" \/><em>Manifesta\u00e7\u00e3o contra a PEC 241 no dia 25\/10 (Foto: Mauro Miranda Ferreira\/Arquivo Pessoal)<\/em><br \/>\n<\/br><\/p>\n<p><img decoding=\"async\" src=\"http:\/\/aconteceunovale.com.br\/portal\/wp-content\/uploads\/2016\/10\/campus_ocupado_ufmg_moc_1.jpg\" alt=\"\" \/><em>Manifesta\u00e7\u00e3o contra a PEC 241 no dia 25\/10 (Foto: Mauro Miranda Ferreira\/Arquivo Pessoal)<\/em><br \/>\n<\/br><\/p>\n<p><em>(Fonte: G1 Grande Minas\/Valdivan Veloso)<\/em><\/p>\n","protected":false},"excerpt":{"rendered":"<p>Estudantes ocuparam o campus da Universidade Federal de Minas Gerais (UFMG) em Montes Claros em manifesta\u00e7\u00e3o contra a Proposta de Emenda Constitucional (PEC 55\/2016) que prop\u00f5e um teto para os gastos do Governo Federal e contra a medida provis\u00f3ria que reformula o Ensino M\u00e9dio. Segundo a estudante de engenharia de alimentos, Bianca Sim\u00f5es, a ocupa\u00e7\u00e3o [&hellip;]<\/p>\n","protected":false},"author":1,"featured_media":101014,"comment_status":"open","ping_status":"closed","sticky":false,"template":"","format":"standard","meta":{"amp_status":"","footnotes":""},"categories":[40238,1236],"tags":[124275,124270,124271,124266,124267,122517,122519,1018,122513,122512,124277,124276,122522,122521,210,124272,124268,122518,124244,122476,122514,122515,122516,124245,124274,122520,122523,874,124273,124269],"class_list":["post-101013","post","type-post","status-publish","format-standard","has-post-thumbnail","hentry","category-educacao-2","category-norte_de_minas","tag-bianca-simoes","tag-campus-da-ufmg-em-montes-claros","tag-campus-da-ufmg-em-montes-claros-e-ocupado","tag-campus-da-universidade-federal-de-minas-gerais-em-montes-claros","tag-campus-da-universidade-federal-de-minas-gerais-em-montes-claros-e-ocupado","tag-campus-montes-claros-da-ufmg","tag-campus-montes-claros-da-ufmg-e-ocupado","tag-destaque","tag-estudantes-ocupam-campus-montes-claros-da-ufmg","tag-estudantes-ocupam-campus-montes-claros-da-ufmg-em-protesto-contra-a-pec-241","tag-estudantes-ocupam-campus-montes-claros-da-ufmg-em-protesto-contra-a-pec-55","tag-estudantes-ocuparam-o-campus-da-ufmg-em-montes-claros","tag-jaime-arturo-ramirez","tag-manifestacao-no-campus-montes-claros-da-ufmg","tag-montes-claros","tag-ocupacao-do-campus-da-ufmg-em-montes-claros","tag-ocupacao-do-campus-da-universidade-federal-de-minas-gerais-em-montes-claros","tag-ocupacao-do-campus-montes-claros-da-ufmg","tag-pec-55","tag-protesto-contra-a-pec-241","tag-protesto-contra-a-pec-241-em-montes-claros","tag-protesto-contra-a-pec-241-na-ufmg-campus-montes-claros","tag-protesto-contra-a-pec-241-no-campus-montes-claros-da-ufmg","tag-protesto-contra-a-pec-55","tag-protesto-contra-a-pec-55-em-montes-claros","tag-protesto-no-campus-montes-claros-da-ufmg","tag-sandra-goulart-almeida","tag-ufmg","tag-ufmg-em-montes-claros","tag-universidade-federal-de-minas-gerais-em-montes-claros"],"yoast_head":"<!-- This site is optimized with the Yoast SEO plugin v28.3 - https:\/\/yoast.com\/product\/yoast-seo-wordpress\/ -->\n<title>Estudantes ocupam Campus Montes Claros da UFMG em protesto contra a PEC 55 - Aconteceu no Vale<\/title>\n<meta name=\"robots\" content=\"index, follow, max-snippet:-1, max-image-preview:large, max-video-preview:-1\" \/>\n<link rel=\"canonical\" href=\"https:\/\/aconteceunovale.com.br\/portal\/?p=101013\" \/>\n<meta property=\"og:locale\" content=\"pt_BR\" \/>\n<meta property=\"og:type\" content=\"article\" \/>\n<meta property=\"og:title\" content=\"Estudantes ocupam Campus Montes Claros da UFMG em protesto contra a PEC 55 - Aconteceu no Vale\" \/>\n<meta property=\"og:description\" content=\"Estudantes ocuparam o campus da Universidade Federal de Minas Gerais (UFMG) em Montes Claros em manifesta\u00e7\u00e3o contra a Proposta de Emenda Constitucional (PEC 55\/2016) que prop\u00f5e um teto para os gastos do Governo Federal e contra a medida provis\u00f3ria que reformula o Ensino M\u00e9dio. Segundo a estudante de engenharia de alimentos, Bianca Sim\u00f5es, a ocupa\u00e7\u00e3o [&hellip;]\" \/>\n<meta property=\"og:url\" content=\"https:\/\/aconteceunovale.com.br\/portal\/?p=101013\" \/>\n<meta property=\"og:site_name\" content=\"Aconteceu no Vale\" \/>\n<meta property=\"article:publisher\" content=\"https:\/\/www.facebook.com\/aconteceunovale\/\" \/>\n<meta property=\"article:published_time\" content=\"2016-11-04T00:36:35+00:00\" \/>\n<meta property=\"og:image\" content=\"https:\/\/aconteceunovale.com.br\/portal\/wp-content\/uploads\/2016\/11\/campus_ufmg.jpg\" \/>\n\t<meta property=\"og:image:width\" content=\"620\" \/>\n\t<meta property=\"og:image:height\" content=\"398\" \/>\n\t<meta property=\"og:image:type\" content=\"image\/jpeg\" \/>\n<meta name=\"author\" content=\"Aconteceu no Vale\" \/>\n<meta name=\"twitter:card\" content=\"summary_large_image\" \/>\n<meta name=\"twitter:creator\" content=\"@noticiadosvales\" \/>\n<meta name=\"twitter:site\" content=\"@noticiadosvales\" \/>\n<meta name=\"twitter:label1\" content=\"Escrito por\" \/>\n\t<meta name=\"twitter:data1\" content=\"Aconteceu no Vale\" \/>\n\t<meta name=\"twitter:label2\" content=\"Est. tempo de leitura\" \/>\n\t<meta name=\"twitter:data2\" content=\"2 minutos\" \/>\n<script type=\"application\/ld+json\" class=\"yoast-schema-graph\">{\"@context\":\"https:\\\/\\\/schema.org\",\"@graph\":[{\"@type\":\"Article\",\"@id\":\"https:\\\/\\\/aconteceunovale.com.br\\\/portal\\\/?p=101013#article\",\"isPartOf\":{\"@id\":\"https:\\\/\\\/aconteceunovale.com.br\\\/portal\\\/?p=101013\"},\"author\":{\"name\":\"Aconteceu no Vale\",\"@id\":\"https:\\\/\\\/aconteceunovale.com.br\\\/portal\\\/#\\\/schema\\\/person\\\/633529146f2c94272bef50ac2953d589\"},\"headline\":\"Estudantes ocupam Campus Montes Claros da UFMG em protesto contra a PEC 55\",\"datePublished\":\"2016-11-04T00:36:35+00:00\",\"mainEntityOfPage\":{\"@id\":\"https:\\\/\\\/aconteceunovale.com.br\\\/portal\\\/?p=101013\"},\"wordCount\":404,\"commentCount\":0,\"image\":{\"@id\":\"https:\\\/\\\/aconteceunovale.com.br\\\/portal\\\/?p=101013#primaryimage\"},\"thumbnailUrl\":\"https:\\\/\\\/aconteceunovale.com.br\\\/portal\\\/wp-content\\\/uploads\\\/2016\\\/11\\\/campus_ufmg.jpg\",\"keywords\":[\"Bianca Sim\u00f5es\",\"Campus da UFMG em Montes Claros\",\"Campus da UFMG em Montes Claros \u00e9 ocupado\",\"Campus da Universidade Federal de Minas Gerais em Montes Claros\",\"Campus da Universidade Federal de Minas Gerais em Montes Claros \u00e9 ocupado\",\"Campus Montes Claros da UFMG\",\"Campus Montes Claros da UFMG \u00e9 ocupado\",\"destaque\",\"Estudantes ocupam Campus Montes Claros da UFMG\",\"Estudantes ocupam Campus Montes Claros da UFMG em protesto contra a PEC 241\",\"Estudantes ocupam Campus Montes Claros da UFMG em protesto contra a PEC 55\",\"Estudantes ocuparam o campus da UFMG em Montes Claros\",\"Jaime Arturo Ram\u00edrez\",\"Manifesta\u00e7\u00e3o no Campus Montes Claros da UFMG\",\"Montes Claros\",\"Ocupa\u00e7\u00e3o do Campus da UFMG em Montes Claros\",\"Ocupa\u00e7\u00e3o do Campus da Universidade Federal de Minas Gerais em Montes Claros\",\"Ocupa\u00e7\u00e3o do Campus Montes Claros da UFMG\",\"PEC 55\",\"Protesto contra a PEC 241\",\"protesto contra a PEC 241 em Montes Claros\",\"protesto contra a PEC 241 na UFMG Campus Montes Claros\",\"protesto contra a PEC 241 no Campus Montes Claros da UFMG\",\"Protesto contra a PEC 55\",\"Protesto contra a PEC 55 em Montes Claros\",\"Protesto no Campus Montes Claros da UFMG\",\"Sandra Goulart Almeida\",\"UFMG\",\"UFMG em Montes Claros\",\"Universidade Federal de Minas Gerais em Montes Claros\"],\"articleSection\":[\"Educa\u00e7\u00e3o\",\"Norte de Minas\"],\"inLanguage\":\"pt-BR\",\"potentialAction\":[{\"@type\":\"CommentAction\",\"name\":\"Comment\",\"target\":[\"https:\\\/\\\/aconteceunovale.com.br\\\/portal\\\/?p=101013#respond\"]}]},{\"@type\":\"WebPage\",\"@id\":\"https:\\\/\\\/aconteceunovale.com.br\\\/portal\\\/?p=101013\",\"url\":\"https:\\\/\\\/aconteceunovale.com.br\\\/portal\\\/?p=101013\",\"name\":\"Estudantes ocupam Campus Montes Claros da UFMG em protesto contra a PEC 55 - Aconteceu no Vale\",\"isPartOf\":{\"@id\":\"https:\\\/\\\/aconteceunovale.com.br\\\/portal\\\/#website\"},\"primaryImageOfPage\":{\"@id\":\"https:\\\/\\\/aconteceunovale.com.br\\\/portal\\\/?p=101013#primaryimage\"},\"image\":{\"@id\":\"https:\\\/\\\/aconteceunovale.com.br\\\/portal\\\/?p=101013#primaryimage\"},\"thumbnailUrl\":\"https:\\\/\\\/aconteceunovale.com.br\\\/portal\\\/wp-content\\\/uploads\\\/2016\\\/11\\\/campus_ufmg.jpg\",\"datePublished\":\"2016-11-04T00:36:35+00:00\",\"author\":{\"@id\":\"https:\\\/\\\/aconteceunovale.com.br\\\/portal\\\/#\\\/schema\\\/person\\\/633529146f2c94272bef50ac2953d589\"},\"breadcrumb\":{\"@id\":\"https:\\\/\\\/aconteceunovale.com.br\\\/portal\\\/?p=101013#breadcrumb\"},\"inLanguage\":\"pt-BR\",\"potentialAction\":[{\"@type\":\"ReadAction\",\"target\":[\"https:\\\/\\\/aconteceunovale.com.br\\\/portal\\\/?p=101013\"]}]},{\"@type\":\"ImageObject\",\"inLanguage\":\"pt-BR\",\"@id\":\"https:\\\/\\\/aconteceunovale.com.br\\\/portal\\\/?p=101013#primaryimage\",\"url\":\"https:\\\/\\\/aconteceunovale.com.br\\\/portal\\\/wp-content\\\/uploads\\\/2016\\\/11\\\/campus_ufmg.jpg\",\"contentUrl\":\"https:\\\/\\\/aconteceunovale.com.br\\\/portal\\\/wp-content\\\/uploads\\\/2016\\\/11\\\/campus_ufmg.jpg\",\"width\":620,\"height\":398},{\"@type\":\"BreadcrumbList\",\"@id\":\"https:\\\/\\\/aconteceunovale.com.br\\\/portal\\\/?p=101013#breadcrumb\",\"itemListElement\":[{\"@type\":\"ListItem\",\"position\":1,\"name\":\"In\u00edcio\",\"item\":\"https:\\\/\\\/aconteceunovale.com.br\\\/portal\\\/\"},{\"@type\":\"ListItem\",\"position\":2,\"name\":\"Estudantes ocupam Campus Montes Claros da UFMG em protesto contra a PEC 55\"}]},{\"@type\":\"WebSite\",\"@id\":\"https:\\\/\\\/aconteceunovale.com.br\\\/portal\\\/#website\",\"url\":\"https:\\\/\\\/aconteceunovale.com.br\\\/portal\\\/\",\"name\":\"Aconteceu no Vale\",\"description\":\"Portal de Not\u00edcias\",\"potentialAction\":[{\"@type\":\"SearchAction\",\"target\":{\"@type\":\"EntryPoint\",\"urlTemplate\":\"https:\\\/\\\/aconteceunovale.com.br\\\/portal\\\/?s={search_term_string}\"},\"query-input\":{\"@type\":\"PropertyValueSpecification\",\"valueRequired\":true,\"valueName\":\"search_term_string\"}}],\"inLanguage\":\"pt-BR\"},{\"@type\":\"Person\",\"@id\":\"https:\\\/\\\/aconteceunovale.com.br\\\/portal\\\/#\\\/schema\\\/person\\\/633529146f2c94272bef50ac2953d589\",\"name\":\"Aconteceu no Vale\",\"description\":\"Equipe de reportagem do Aconteceu no Vale, portal de not\u00edcias do Vale do Jequitinhonha, em Minas Gerais. Cobrimos as 51 cidades do Vale desde 2013. Sugest\u00f5es de pauta e pedidos de corre\u00e7\u00e3o: contato@aconteceunovale.com.br\",\"sameAs\":[\"http:\\\/\\\/www.aconteceunovale.com.br\"],\"url\":\"https:\\\/\\\/aconteceunovale.com.br\\\/portal\\\/?author=1\"}]}<\/script>\n<!-- \/ Yoast SEO plugin. -->","yoast_head_json":{"title":"Estudantes ocupam Campus Montes Claros da UFMG em protesto contra a PEC 55 - Aconteceu no Vale","robots":{"index":"index","follow":"follow","max-snippet":"max-snippet:-1","max-image-preview":"max-image-preview:large","max-video-preview":"max-video-preview:-1"},"canonical":"https:\/\/aconteceunovale.com.br\/portal\/?p=101013","og_locale":"pt_BR","og_type":"article","og_title":"Estudantes ocupam Campus Montes Claros da UFMG em protesto contra a PEC 55 - Aconteceu no Vale","og_description":"Estudantes ocuparam o campus da Universidade Federal de Minas Gerais (UFMG) em Montes Claros em manifesta\u00e7\u00e3o contra a Proposta de Emenda Constitucional (PEC 55\/2016) que prop\u00f5e um teto para os gastos do Governo Federal e contra a medida provis\u00f3ria que reformula o Ensino M\u00e9dio. Segundo a estudante de engenharia de alimentos, Bianca Sim\u00f5es, a ocupa\u00e7\u00e3o [&hellip;]","og_url":"https:\/\/aconteceunovale.com.br\/portal\/?p=101013","og_site_name":"Aconteceu no Vale","article_publisher":"https:\/\/www.facebook.com\/aconteceunovale\/","article_published_time":"2016-11-04T00:36:35+00:00","og_image":[{"width":620,"height":398,"url":"https:\/\/aconteceunovale.com.br\/portal\/wp-content\/uploads\/2016\/11\/campus_ufmg.jpg","type":"image\/jpeg"}],"author":"Aconteceu no Vale","twitter_card":"summary_large_image","twitter_creator":"@noticiadosvales","twitter_site":"@noticiadosvales","twitter_misc":{"Escrito por":"Aconteceu no Vale","Est. tempo de leitura":"2 minutos"},"schema":{"@context":"https:\/\/schema.org","@graph":[{"@type":"Article","@id":"https:\/\/aconteceunovale.com.br\/portal\/?p=101013#article","isPartOf":{"@id":"https:\/\/aconteceunovale.com.br\/portal\/?p=101013"},"author":{"name":"Aconteceu no Vale","@id":"https:\/\/aconteceunovale.com.br\/portal\/#\/schema\/person\/633529146f2c94272bef50ac2953d589"},"headline":"Estudantes ocupam Campus Montes Claros da UFMG em protesto contra a PEC 55","datePublished":"2016-11-04T00:36:35+00:00","mainEntityOfPage":{"@id":"https:\/\/aconteceunovale.com.br\/portal\/?p=101013"},"wordCount":404,"commentCount":0,"image":{"@id":"https:\/\/aconteceunovale.com.br\/portal\/?p=101013#primaryimage"},"thumbnailUrl":"https:\/\/aconteceunovale.com.br\/portal\/wp-content\/uploads\/2016\/11\/campus_ufmg.jpg","keywords":["Bianca Sim\u00f5es","Campus da UFMG em Montes Claros","Campus da UFMG em Montes Claros \u00e9 ocupado","Campus da Universidade Federal de Minas Gerais em Montes Claros","Campus da Universidade Federal de Minas Gerais em Montes Claros \u00e9 ocupado","Campus Montes Claros da UFMG","Campus Montes Claros da UFMG \u00e9 ocupado","destaque","Estudantes ocupam Campus Montes Claros da UFMG","Estudantes ocupam Campus Montes Claros da UFMG em protesto contra a PEC 241","Estudantes ocupam Campus Montes Claros da UFMG em protesto contra a PEC 55","Estudantes ocuparam o campus da UFMG em Montes Claros","Jaime Arturo Ram\u00edrez","Manifesta\u00e7\u00e3o no Campus Montes Claros da UFMG","Montes Claros","Ocupa\u00e7\u00e3o do Campus da UFMG em Montes Claros","Ocupa\u00e7\u00e3o do Campus da Universidade Federal de Minas Gerais em Montes Claros","Ocupa\u00e7\u00e3o do Campus Montes Claros da UFMG","PEC 55","Protesto contra a PEC 241","protesto contra a PEC 241 em Montes Claros","protesto contra a PEC 241 na UFMG Campus Montes Claros","protesto contra a PEC 241 no Campus Montes Claros da UFMG","Protesto contra a PEC 55","Protesto contra a PEC 55 em Montes Claros","Protesto no Campus Montes Claros da UFMG","Sandra Goulart Almeida","UFMG","UFMG em Montes Claros","Universidade Federal de Minas Gerais em Montes Claros"],"articleSection":["Educa\u00e7\u00e3o","Norte de Minas"],"inLanguage":"pt-BR","potentialAction":[{"@type":"CommentAction","name":"Comment","target":["https:\/\/aconteceunovale.com.br\/portal\/?p=101013#respond"]}]},{"@type":"WebPage","@id":"https:\/\/aconteceunovale.com.br\/portal\/?p=101013","url":"https:\/\/aconteceunovale.com.br\/portal\/?p=101013","name":"Estudantes ocupam Campus Montes Claros da UFMG em protesto contra a PEC 55 - Aconteceu no Vale","isPartOf":{"@id":"https:\/\/aconteceunovale.com.br\/portal\/#website"},"primaryImageOfPage":{"@id":"https:\/\/aconteceunovale.com.br\/portal\/?p=101013#primaryimage"},"image":{"@id":"https:\/\/aconteceunovale.com.br\/portal\/?p=101013#primaryimage"},"thumbnailUrl":"https:\/\/aconteceunovale.com.br\/portal\/wp-content\/uploads\/2016\/11\/campus_ufmg.jpg","datePublished":"2016-11-04T00:36:35+00:00","author":{"@id":"https:\/\/aconteceunovale.com.br\/portal\/#\/schema\/person\/633529146f2c94272bef50ac2953d589"},"breadcrumb":{"@id":"https:\/\/aconteceunovale.com.br\/portal\/?p=101013#breadcrumb"},"inLanguage":"pt-BR","potentialAction":[{"@type":"ReadAction","target":["https:\/\/aconteceunovale.com.br\/portal\/?p=101013"]}]},{"@type":"ImageObject","inLanguage":"pt-BR","@id":"https:\/\/aconteceunovale.com.br\/portal\/?p=101013#primaryimage","url":"https:\/\/aconteceunovale.com.br\/portal\/wp-content\/uploads\/2016\/11\/campus_ufmg.jpg","contentUrl":"https:\/\/aconteceunovale.com.br\/portal\/wp-content\/uploads\/2016\/11\/campus_ufmg.jpg","width":620,"height":398},{"@type":"BreadcrumbList","@id":"https:\/\/aconteceunovale.com.br\/portal\/?p=101013#breadcrumb","itemListElement":[{"@type":"ListItem","position":1,"name":"In\u00edcio","item":"https:\/\/aconteceunovale.com.br\/portal\/"},{"@type":"ListItem","position":2,"name":"Estudantes ocupam Campus Montes Claros da UFMG em protesto contra a PEC 55"}]},{"@type":"WebSite","@id":"https:\/\/aconteceunovale.com.br\/portal\/#website","url":"https:\/\/aconteceunovale.com.br\/portal\/","name":"Aconteceu no Vale","description":"Portal de Not\u00edcias","potentialAction":[{"@type":"SearchAction","target":{"@type":"EntryPoint","urlTemplate":"https:\/\/aconteceunovale.com.br\/portal\/?s={search_term_string}"},"query-input":{"@type":"PropertyValueSpecification","valueRequired":true,"valueName":"search_term_string"}}],"inLanguage":"pt-BR"},{"@type":"Person","@id":"https:\/\/aconteceunovale.com.br\/portal\/#\/schema\/person\/633529146f2c94272bef50ac2953d589","name":"Aconteceu no Vale","description":"Equipe de reportagem do Aconteceu no Vale, portal de not\u00edcias do Vale do Jequitinhonha, em Minas Gerais. Cobrimos as 51 cidades do Vale desde 2013. Sugest\u00f5es de pauta e pedidos de corre\u00e7\u00e3o: contato@aconteceunovale.com.br","sameAs":["http:\/\/www.aconteceunovale.com.br"],"url":"https:\/\/aconteceunovale.com.br\/portal\/?author=1"}]}},"_links":{"self":[{"href":"https:\/\/aconteceunovale.com.br\/portal\/index.php?rest_route=\/wp\/v2\/posts\/101013","targetHints":{"allow":["GET"]}}],"collection":[{"href":"https:\/\/aconteceunovale.com.br\/portal\/index.php?rest_route=\/wp\/v2\/posts"}],"about":[{"href":"https:\/\/aconteceunovale.com.br\/portal\/index.php?rest_route=\/wp\/v2\/types\/post"}],"author":[{"embeddable":true,"href":"https:\/\/aconteceunovale.com.br\/portal\/index.php?rest_route=\/wp\/v2\/users\/1"}],"replies":[{"embeddable":true,"href":"https:\/\/aconteceunovale.com.br\/portal\/index.php?rest_route=%2Fwp%2Fv2%2Fcomments&post=101013"}],"version-history":[{"count":0,"href":"https:\/\/aconteceunovale.com.br\/portal\/index.php?rest_route=\/wp\/v2\/posts\/101013\/revisions"}],"wp:featuredmedia":[{"embeddable":true,"href":"https:\/\/aconteceunovale.com.br\/portal\/index.php?rest_route=\/wp\/v2\/media\/101014"}],"wp:attachment":[{"href":"https:\/\/aconteceunovale.com.br\/portal\/index.php?rest_route=%2Fwp%2Fv2%2Fmedia&parent=101013"}],"wp:term":[{"taxonomy":"category","embeddable":true,"href":"https:\/\/aconteceunovale.com.br\/portal\/index.php?rest_route=%2Fwp%2Fv2%2Fcategories&post=101013"},{"taxonomy":"post_tag","embeddable":true,"href":"https:\/\/aconteceunovale.com.br\/portal\/index.php?rest_route=%2Fwp%2Fv2%2Ftags&post=101013"}],"curies":[{"name":"wp","href":"https:\/\/api.w.org\/{rel}","templated":true}]}}