{"id":100992,"date":"2016-11-03T18:49:46","date_gmt":"2016-11-03T21:49:46","guid":{"rendered":"http:\/\/aconteceunovale.com.br\/portal\/?p=100992"},"modified":"2016-11-03T18:49:46","modified_gmt":"2016-11-03T21:49:46","slug":"aviao-que-seguia-do-vale-do-aco-para-confins-faz-pouso-de-emergencia","status":"publish","type":"post","link":"https:\/\/aconteceunovale.com.br\/portal\/?p=100992","title":{"rendered":"Avi\u00e3o que seguia do Vale do A\u00e7o para Confins faz pouso de emerg\u00eancia"},"content":{"rendered":"<p>Uma pane em um avi\u00e3o da companhia Azul Linhas A\u00e9reas que decolou, na tarde desta quinta-feira (03\/11\/2016), do Aeroporto Regional do Vale do A\u00e7o, no munic\u00edpio de Santana do Para\u00edso (MG), com destino ao Aeroporto de Confins, na regi\u00e3o metropolitana de Belo Horizonte, assustou os passageiros e mobilizou o Corpo de Bombeiros e a Pol\u00edcia Militar. A aeronave chegou a decolar, mas precisou retornar ao aeroporto de origem logo depois. Apesar do susto, ningu\u00e9m se feriu.<\/p>\n<p>De acordo com a assessoria de imprensa da Azul, o avi\u00e3o decolou \u00e0s 14h30 e precisou retornar logo depois por \u201cquest\u00f5es t\u00e9cnicas\u201d. O voo duraria 50 minutos. Ainda segundo a companhia, o desembarque dos passageiros foi feito em seguran\u00e7a. Os bombeiros e a PM foram acionados com o aviso de que a aeronave poderia ter que fazer um pouso for\u00e7ado, por\u00e9m, o pouso ocorreu normalmente.<\/p>\n<p>\u201cOs clientes est\u00e3o sendo assistidos dentro da Resolu\u00e7\u00e3o 141 da Ag\u00eancia Nacional de Avia\u00e7\u00e3o Civil (Anac) e seguir\u00e3o para Belo Horizonte via terrestre ou em outros voos da companhia. A Azul lamenta eventuais transtornos e ressalta que medidas como essas s\u00e3o necess\u00e1rias para conferir a seguran\u00e7a de suas opera\u00e7\u00f5es\u201d, informou a companhia por meio de nota.<\/p>\n<p>De acordo com o Corpo de Bombeiros, duas viaturas foram para o aeroporto, por\u00e9m nenhum passageiro necessitou de atendimento m\u00e9dico. A Pol\u00edcia Militar da cidade tamb\u00e9m informou que a situa\u00e7\u00e3o foi tranquila. J\u00e1 o Servi\u00e7o de Atendimento M\u00f3vel de Urg\u00eancia (SAMU) informou que um homem, de 51 anos, apresentou uma crise nervosa e foi encaminhado para um hospital.<\/p>\n<p>Segundo a Azul, a aeronave tinha capacidade para 70 passageiros. A companhia n\u00e3o informou quantos passageiros estavam a bordo e nem o motivo da pane.<\/p>\n<p>Veja a nota na \u00edntegra: <em>\u201cA Azul Linhas A\u00e9reas Brasileiras informa que o voo 2533, que partiu na tarde desta quinta-feira (03\/11) de Ipatinga com destino a Belo Horizonte, teve de retornar ao aeroporto de origem devido a quest\u00f5es t\u00e9cnicas. O pouso da aeronave e o desembarque ocorreram em total seguran\u00e7a. Os Clientes est\u00e3o sendo assistidos dentro da Resolu\u00e7\u00e3o 141 da Ag\u00eancia Nacional de Avia\u00e7\u00e3o Civil (Anac) e seguir\u00e3o para Belo Horizonte via terrestre ou em outros voos da companhia. A Azul lamenta eventuais transtornos e ressalta que medidas como essas s\u00e3o necess\u00e1rias para conferir a seguran\u00e7a de suas opera\u00e7\u00f5es.\u201d<\/em><\/p>\n<p><a href=\"http:\/\/aconteceunovale.com.br\/portal\/wp-content\/uploads\/2014\/07\/azul_ipatinga_novo_voo.jpg\" target=\"_blank\">Avi\u00e3o seguia do Vale do A\u00e7o para Confins (Foto: Divulga\u00e7\u00e3o)<\/a><br \/>\n<\/br><\/p>\n<p><em>(Com informa\u00e7\u00f5es do Jornal O Tempo)<\/em><\/p>\n","protected":false},"excerpt":{"rendered":"<p>Uma pane em um avi\u00e3o da companhia Azul Linhas A\u00e9reas que decolou, na tarde desta quinta-feira (03\/11\/2016), do Aeroporto Regional do Vale do A\u00e7o, no munic\u00edpio de Santana do Para\u00edso (MG), com destino ao Aeroporto de Confins, na regi\u00e3o metropolitana de Belo Horizonte, assustou os passageiros e mobilizou o Corpo de Bombeiros e a Pol\u00edcia [&hellip;]<\/p>\n","protected":false},"author":1,"featured_media":35734,"comment_status":"open","ping_status":"closed","sticky":false,"template":"","format":"standard","meta":{"amp_status":"","footnotes":""},"categories":[121,123],"tags":[99335,124208,124209,1018,201,124205,124199,124207,124201,124202,124204,124203,124200,124206,2101],"class_list":["post-100992","post","type-post","status-publish","format-standard","has-post-thumbnail","hentry","category-leste","category-gerais","tag-aeroporto-regional-do-vale-do-aco","tag-aviao-da-azul-faz-pouso-de-emergencia","tag-aviao-que-seguia-do-vale-do-aco-para-confins-faz-pouso-de-emergencia","tag-destaque","tag-ipatinga","tag-pane-em-aviao-da-azul","tag-pane-em-um-aviao-da-companhia-azul-linhas-aereas","tag-pouso-de-emergencia-aviao-da-azul","tag-problema-com-aviao-da-azul-que-decolou-de-ipatinga","tag-problema-com-aviao-da-azul-que-decolou-de-santana-do-paraiso","tag-problema-com-aviao-da-azul-que-decolou-do-aeroporto-de-ipatinga","tag-problema-com-aviao-da-azul-que-decolou-do-aeroporto-do-vale-do-aco","tag-problema-com-aviao-que-decolou-do-aeroporto-regional-do-vale-do-aco","tag-problema-em-aviao-da-azul","tag-santana-do-paraiso"],"_links":{"self":[{"href":"https:\/\/aconteceunovale.com.br\/portal\/index.php?rest_route=\/wp\/v2\/posts\/100992","targetHints":{"allow":["GET"]}}],"collection":[{"href":"https:\/\/aconteceunovale.com.br\/portal\/index.php?rest_route=\/wp\/v2\/posts"}],"about":[{"href":"https:\/\/aconteceunovale.com.br\/portal\/index.php?rest_route=\/wp\/v2\/types\/post"}],"author":[{"embeddable":true,"href":"https:\/\/aconteceunovale.com.br\/portal\/index.php?rest_route=\/wp\/v2\/users\/1"}],"replies":[{"embeddable":true,"href":"https:\/\/aconteceunovale.com.br\/portal\/index.php?rest_route=%2Fwp%2Fv2%2Fcomments&post=100992"}],"version-history":[{"count":0,"href":"https:\/\/aconteceunovale.com.br\/portal\/index.php?rest_route=\/wp\/v2\/posts\/100992\/revisions"}],"wp:featuredmedia":[{"embeddable":true,"href":"https:\/\/aconteceunovale.com.br\/portal\/index.php?rest_route=\/wp\/v2\/media\/35734"}],"wp:attachment":[{"href":"https:\/\/aconteceunovale.com.br\/portal\/index.php?rest_route=%2Fwp%2Fv2%2Fmedia&parent=100992"}],"wp:term":[{"taxonomy":"category","embeddable":true,"href":"https:\/\/aconteceunovale.com.br\/portal\/index.php?rest_route=%2Fwp%2Fv2%2Fcategories&post=100992"},{"taxonomy":"post_tag","embeddable":true,"href":"https:\/\/aconteceunovale.com.br\/portal\/index.php?rest_route=%2Fwp%2Fv2%2Ftags&post=100992"}],"curies":[{"name":"wp","href":"https:\/\/api.w.org\/{rel}","templated":true}]}}