{"id":100985,"date":"2016-11-03T17:31:00","date_gmt":"2016-11-03T20:31:00","guid":{"rendered":"http:\/\/aconteceunovale.com.br\/portal\/?p=100985"},"modified":"2016-11-03T17:31:00","modified_gmt":"2016-11-03T20:31:00","slug":"epamig-desenvolve-cultivares-resistentes-para-estimular-cultivo-do-trigo-em-minas-gerais","status":"publish","type":"post","link":"https:\/\/aconteceunovale.com.br\/portal\/?p=100985","title":{"rendered":"Epamig desenvolve cultivares resistentes para estimular cultivo do trigo em Minas Gerais"},"content":{"rendered":"<p>A produ\u00e7\u00e3o de trigo cresceu significativamente em Minas Gerais, desde 2005. Atualmente, o estado produz cerca de 250 mil toneladas ao ano, para um consumo interno superior a um milh\u00e3o de toneladas. Neste cen\u00e1rio, pesquisas do &#8220;Programa de Desenvolvimento de Cultivares de Trigo Sequeiro para Minas Gerais\u201d, dinamizado pelas parcerias entre Empresa de Pesquisa Agropecu\u00e1ria de Minas Gerais (Epamig) e Empresa Brasileira de Pesquisa Agropecu\u00e1ria (Embrapa) e Universidades Federais de Vi\u00e7osa e Lavras, ganham espa\u00e7o para atender \u00e0 demanda do estado por este tipo de cultivo e beneficiar produtores.<\/p>\n<p>As pesquisas acontecem no Campo Experimental de Sert\u00e3ozinho da Epamig, em Patos de Minas, regi\u00e3o do Alto Parana\u00edba, e est\u00e3o divididas em duas frentes de trabalho: o desenvolvimento de cultivares que tenham toler\u00e2ncia \u00e0 seca e outras que resistam a uma doen\u00e7a do trigo, tradicionalmente conhecida como brusone.<\/p>\n<p>Este trabalho, iniciado em 2009, busca desenvolver linhagens adaptadas \u00e0s condi\u00e7\u00f5es de clima e de solo do estado e de cada regi\u00e3o, no caso de Minas Gerais, o clima quente e seco. Essa toler\u00e2ncia da cultivar de trigo sequeiro varia muito de clima e de \u00e9poca, mas a pesquisa busca desenvolver outras cultivares, que sejam mais produtivas nestes ambientes.<\/p>\n<p>\u201cUma nova cultivar para ser lan\u00e7ada exige registro no Minist\u00e9rio da Agricultura e comprova\u00e7\u00e3o  da efici\u00eancia da pesquisa, e pode demorar de 8 a 10 anos. Entre as diversas etapas, temos que selecionar milhares de materiais, testar por quatro ou cinco anos, especificar a qualidade e a aptid\u00e3o e informar suas caracter\u00edsticas para quem vai comprar as sementes. Diversas linhagens  est\u00e3o sendo avaliadas nas fases finais do desenvolvimento de novas cultivares, pela Epamig e pela Embrapa, visando maior toler\u00e2ncia \u00e0 seca e \u00e0 brusone\u201d, Maur\u00edcio Coelho, pesquisador do Campo Experimental de Sert\u00e3ozinho da Epamig, em Patos de Minas.<\/p>\n<p>A meta principal, segundo o pesquisador do Programa de Desenvolvimento, Maur\u00edcio Coelho, \u00e9 produzir em Minas Gerais todo o trigo que n\u00f3s consumimos no estado ao longo do ano, pelas empresas de paneteria e aliment\u00edcia.<\/p>\n<p>A perspectiva inicial \u00e9 de que as novas cultivares tenham o potencial de dissemina\u00e7\u00e3o do cultivo do trigo, para que o produtor saiba que o cultivo vai trazer lucratividade.<\/p>\n<p>Al\u00e9m de benef\u00edcios no cultivo, a expectativa \u00e9 gerar emprego e renda e movimentar a economia no setor. Dos ganhos econ\u00f4micos diretos obtidos com a venda dos gr\u00e3os, a cultura do trigo propicia vantagens econ\u00f4micas indiretas devido \u00e0 palhada deixada sobre o solo.<\/p>\n<p>A palhada do trigo \u00e9 bem resistente e demora para ser decomposta, proporcionando prote\u00e7\u00e3o do solo por um per\u00edodo prolongado, retendo umidade no solo, impedindo a germina\u00e7\u00e3o de plantas invasoras e impedindo multiplica\u00e7\u00e3o de algumas doen\u00e7as das culturas de ver\u00e3o como milho e soja.<\/p>\n<p>Os benef\u00edcios da palhada do trigo promovem redu\u00e7\u00e3o nos custos finais de produ\u00e7\u00e3o nestas culturas de ver\u00e3o.<\/p>\n<p><img decoding=\"async\" src=\"http:\/\/aconteceunovale.com.br\/portal\/wp-content\/uploads\/2016\/11\/trigo_mg.jpg\" alt=\"\" \/><em>Experimentos de trigo desenvolvidos em Patos de Minas (Divulga\u00e7\u00e3o\/Epamig)<\/em><br \/>\n<\/br><\/p>\n<p><strong>Trigo tradicional<\/strong><\/p>\n<p>H\u00e1 em Minas Gerais diversas cultivares plantadas, sementes que foram desenvolvidas no Paran\u00e1, mas com o crescimento do plantio de trigo em Minas Gerais os produtores buscam as sementes mais pr\u00f3ximas. Por isso, essas sementes precisam ser plenamente adaptadas \u00e0s regi\u00f5es do territ\u00f3rio mineiro.<\/p>\n<p>Atualmente diversas cultivares s\u00e3o recomendadas para cultivo de sequeiro e irrigado em Minas Gerais. A Embrapa lan\u00e7ou em 2015 duas novas cultivares para cultivo no Estado: a BRS-404 para cultivo de sequeiro, e a BR-394 para cultivo irrigado. S\u00e3o cultivares plenamente adaptadas \u00e0s condi\u00e7\u00f5es edafoclim\u00e1ticas do estado, com alta produtividade e excelente qualidade industrial.<\/p>\n<p>No N\u00facleo Avan\u00e7ado de Pesquisa de Trigo Tropical, localizado em Itiguapira, \u00e1rea pertence \u00e0 Embrapa, a Empresa realiza a administra\u00e7\u00e3o do n\u00facleo, trabalhando com todas \u00e1reas de cultivo de trigo. Em Patos de Minas, estas pesquisas est\u00e3o em desenvolvimento em conjunto com esta rede de pesquisa na cadeia do trigo em Minas Gerais.<\/p>\n<p><strong>Trigo em Minas Gerais<\/strong><\/p>\n<p>De acordo com a Secretaria de Estado de Agricultura Pecu\u00e1ria e Abastecimento (Seapa), em 2016 j\u00e1 foram colhidos 81,4 toneladas em Minas Gerais. A Seapa disponibiliza estat\u00edsticas do estado, do pa\u00eds e a n\u00edvel mundial, com dados de \u00e1reas colhidas, produ\u00e7\u00e3o, produtividade, capacidade de abastecimento e exporta\u00e7\u00e3o.<\/p>\n<p>O Alto Parana\u00edba, regi\u00e3o Central, al\u00e9m de parte do Sul de Minas Gerais, s\u00e3o as principais regi\u00f5es produtoras do estado neste ano de 2016, com uma produtividade em torno de 3 mil quilos por hectare para o trigo de sequeiro. A produtividade nacional est\u00e1 em torno de 2,7 mil toneladas do cereal por hectare.<\/p>\n<p><strong>Incentivo ao setor<\/strong><\/p>\n<p>O Programa de Desenvolvimento da Competitividade da Cadeia Produtiva do Trigo (Contrigo) foi criado em 2011, com o objetivo de recuperar a competitividade da cadeia produtiva do cereal em Minas Gerais, aumentar a participa\u00e7\u00e3o da produ\u00e7\u00e3o e consumo estadual de trigo e derivados, com uma vis\u00e3o de organiza\u00e7\u00e3o de toda a cadeia do trigo. Clique aqui e confira.<\/p>\n<p>Al\u00e9m da Seapa, que coordena o programa, diversas institui\u00e7\u00f5es integram o Contrigo, como a Embrapa Trigo, Epamig, Emater-MG, Universidade Federal de Vi\u00e7osa (UFV), Universidade Federal de Lavras (Ufla), Associa\u00e7\u00e3o dos Triticultores do Estado de Minas Gerais (Atriemg) e prefeituras municipais.<\/p>\n<p>(Ag\u00eancia Minas)<\/p>\n","protected":false},"excerpt":{"rendered":"<p>A produ\u00e7\u00e3o de trigo cresceu significativamente em Minas Gerais, desde 2005. Atualmente, o estado produz cerca de 250 mil toneladas ao ano, para um consumo interno superior a um milh\u00e3o de toneladas. Neste cen\u00e1rio, pesquisas do &#8220;Programa de Desenvolvimento de Cultivares de Trigo Sequeiro para Minas Gerais\u201d, dinamizado pelas parcerias entre Empresa de Pesquisa Agropecu\u00e1ria [&hellip;]<\/p>\n","protected":false},"author":1,"featured_media":100987,"comment_status":"open","ping_status":"closed","sticky":false,"template":"","format":"standard","meta":{"amp_status":"","footnotes":""},"categories":[123],"tags":[124195,124196,124186,124193,124182,124185,124180,1018,25775,29596,124194,33498,25886,25884,124179,124197,124191,124187,124181,214,124188,124183,26491,124192,124184,124190,124189,10090,37378,76184,39189],"class_list":["post-100985","post","type-post","status-publish","format-standard","has-post-thumbnail","hentry","category-gerais","tag-associacao-dos-triticultores-do-estado-de-minas-gerais","tag-atriemg","tag-campo-experimental-de-sertaozinho-da-epamig-em-patos-de-minas","tag-contrigo","tag-cultivares-de-trigo-resistentes-as-doencas-e-a-seca","tag-cultivares-de-trigo-sequeiro","tag-cultivo-do-trigo-em-minas-gerais","tag-destaque","tag-emater-mg","tag-embrapa","tag-embrapa-trigo","tag-empresa-brasileira-de-pesquisa-agropecuaria","tag-empresa-de-pesquisa-agropecuaria-de-minas-gerais","tag-epamig","tag-epamig-desenvolve-cultivares-resistentes-para-estimular-cultivo-do-trigo-em-minas-gerais","tag-experimentos-de-trigo-desenvolvidos-em-patos-de-minas","tag-itiguapira","tag-mauricio-coelho","tag-objetivo-e-desenvolver-cultivares-resistentes-as-doencas-e-a-seca-para-beneficiar-o-produtor-mineiro-e-movimentar-a-cadeia-em-minas-gerais","tag-patos-de-minas","tag-pesquisador-do-campo-experimental-de-sertaozinho-da-epamig-em-patos-de-minas","tag-producao-de-trigo","tag-producao-de-trigo-em-minas-gerais","tag-programa-de-desenvolvimento-da-competitividade-da-cadeia-produtiva-do-trigo","tag-programa-de-desenvolvimento-de-cultivares-de-trigo-sequeiro-para-minas-gerais","tag-trigo-em-minas-gerais","tag-trigo-tradicional","tag-ufla","tag-ufv","tag-universidade-federal-de-lavras","tag-universidade-federal-de-vicosa"],"_links":{"self":[{"href":"https:\/\/aconteceunovale.com.br\/portal\/index.php?rest_route=\/wp\/v2\/posts\/100985","targetHints":{"allow":["GET"]}}],"collection":[{"href":"https:\/\/aconteceunovale.com.br\/portal\/index.php?rest_route=\/wp\/v2\/posts"}],"about":[{"href":"https:\/\/aconteceunovale.com.br\/portal\/index.php?rest_route=\/wp\/v2\/types\/post"}],"author":[{"embeddable":true,"href":"https:\/\/aconteceunovale.com.br\/portal\/index.php?rest_route=\/wp\/v2\/users\/1"}],"replies":[{"embeddable":true,"href":"https:\/\/aconteceunovale.com.br\/portal\/index.php?rest_route=%2Fwp%2Fv2%2Fcomments&post=100985"}],"version-history":[{"count":0,"href":"https:\/\/aconteceunovale.com.br\/portal\/index.php?rest_route=\/wp\/v2\/posts\/100985\/revisions"}],"wp:featuredmedia":[{"embeddable":true,"href":"https:\/\/aconteceunovale.com.br\/portal\/index.php?rest_route=\/wp\/v2\/media\/100987"}],"wp:attachment":[{"href":"https:\/\/aconteceunovale.com.br\/portal\/index.php?rest_route=%2Fwp%2Fv2%2Fmedia&parent=100985"}],"wp:term":[{"taxonomy":"category","embeddable":true,"href":"https:\/\/aconteceunovale.com.br\/portal\/index.php?rest_route=%2Fwp%2Fv2%2Fcategories&post=100985"},{"taxonomy":"post_tag","embeddable":true,"href":"https:\/\/aconteceunovale.com.br\/portal\/index.php?rest_route=%2Fwp%2Fv2%2Ftags&post=100985"}],"curies":[{"name":"wp","href":"https:\/\/api.w.org\/{rel}","templated":true}]}}