{"id":100968,"date":"2016-11-03T12:42:22","date_gmt":"2016-11-03T15:42:22","guid":{"rendered":"http:\/\/aconteceunovale.com.br\/portal\/?p=100968"},"modified":"2016-11-03T12:42:22","modified_gmt":"2016-11-03T15:42:22","slug":"justica-mineira-condena-padre-por-destruicao-de-piso-de-igreja-tombada","status":"publish","type":"post","link":"https:\/\/aconteceunovale.com.br\/portal\/?p=100968","title":{"rendered":"Justi\u00e7a mineira condena padre por destrui\u00e7\u00e3o de piso de igreja tombada"},"content":{"rendered":"<p>O Tribunal de Justi\u00e7a de Minas Gerais (TJMG) condenou um p\u00e1roco de Divino, munic\u00edpio da Zona da Mata, pela retirada do piso hidr\u00e1ulico da Igreja Matriz do Divino Esp\u00edrito Santo. Al\u00e9m do padre, a Par\u00f3quia Divino Esp\u00edrito Santo e a Mitra Diocesana de Caratinga foram sentenciados e ter\u00e3o de pagar R$ 34 mil por danos morais coletivos. E para reparar o dano, eles ter\u00e3o ainda de contratar, em at\u00e9 90 dias, projeto de restaura\u00e7\u00e3o do piso. Depois de aprovado pelo Conselho Municipal de Defesa do Patrim\u00f4nio Cultural de Divino (CMDPCD), as obras de recupera\u00e7\u00e3o dever\u00e3o ficar prontas em 120 dias sob pena de multa di\u00e1ria de R$ 500. <\/p>\n<p>O TJMG foi acionado pelo Minist\u00e9rio P\u00fablico de Minas Gerais (MPMG) ap\u00f3s a Justi\u00e7a de primeira inst\u00e2ncia ter negado puni\u00e7\u00e3o aos envolvidos no caso que ocorreu em 21 de fevereiro de 2011, pouco mais de um m\u00eas ap\u00f3s o padre ter sido comunicado pelo CMDPCD sobre a aprova\u00e7\u00e3o do tombamento provis\u00f3rio do bem hist\u00f3rico do munic\u00edpio. Na data em quest\u00e3o, moradores pr\u00f3ximos da igreja informaram ao conselho que o p\u00e1roco determinou a destrui\u00e7\u00e3o do piso antigo do templo. A retirada teria come\u00e7ado \u00e0s 4 horas da madrugada e, \u00e0s 7 horas da manh\u00e3, todo o piso j\u00e1 estaria removido.  <\/p>\n<p>A Igreja Matriz de Divino \u00e9 uma obra em estilo neog\u00f3tico, inaugurada em 1944 no local onde havia uma capela erguida por desbravadores que iniciaram o povoamento da regi\u00e3o, em 1833. Al\u00e9m de possuir 22 vitrais \u201cde excelente qualidade t\u00e9cnica\u201d, a igreja forma um conjunto paisag\u00edstico com a pra\u00e7a Genserico Nunes. Uma escadaria foi constru\u00edda em 1960 para unir igreja e pra\u00e7a. Para o CMDPCD, o templo possui \u201cimensa\u201d import\u00e2ncia para a comunidade local, sendo o maior patrim\u00f4nio hist\u00f3rico e cultural da cidade.<\/p>\n<p>Na \u00e9poca, a retirada dos pisos hidr\u00e1ulicos teve repercuss\u00e3o em v\u00e1rios ve\u00edculos de comunica\u00e7\u00e3o locais e estaduais. Em uma das mat\u00e9rias, o titulo foi: \u201cPadre e comunidade cat\u00f3lica de Divino entram em diverg\u00eancia ap\u00f3s decis\u00e3o de trocar o piso da igreja\u201d. Para os promotores de Justi\u00e7a Marcos Paulo de Souza Miranda e Jackeliny Ferreira Rangel, autores da A\u00e7\u00e3o Civil P\u00fablica (ACP), o templo, al\u00e9m do tombamento, era protegido por meio de invent\u00e1rio, o que, de acordo com a Constitui\u00e7\u00e3o Federal, \u00e9 um instrumento de preserva\u00e7\u00e3o do patrim\u00f4nio cultural brasileiro.   <\/p>\n<p>\u201cO bem inventariado como patrim\u00f4nio cultural submete-se a medidas restritivas de uso, tornando-se obrigat\u00f3ria a sua preserva\u00e7\u00e3o e conserva\u00e7\u00e3o para as presentes e as futuras gera\u00e7\u00f5es\u201d, afirmaram os promotores de Justi\u00e7a. Em outro trecho da ACP, eles afirmam que a conduta do p\u00e1roco foi il\u00edcita, pois a retirada do piso ocorreu em \u201ca\u00e7\u00e3o clandestina, desprovida de qualquer sustenta\u00e7\u00e3o legal\u201d, cujo efeito foi \u201ca descaracteriza\u00e7\u00e3o do aspecto original da igreja, um tempo com quase sete d\u00e9cadas de exist\u00eancia, protegido por meio de tombamento e de invent\u00e1rio&#8217;.<\/p>\n<p><img decoding=\"async\" src=\"http:\/\/aconteceunovale.com.br\/portal\/wp-content\/uploads\/2016\/11\/igreja_divino_mg.jpg\" alt=\"\" \/><em>Igreja Matriz do Divino Esp\u00edrito Santo (Foto: Jornal O Impacto\/Reprodu\u00e7\u00e3o Transam\u00e9rica Divino)<\/em><br \/>\n<\/br><\/p>\n<p><em>(Fonte: MPMG)<\/em><\/p>\n","protected":false},"excerpt":{"rendered":"<p>O Tribunal de Justi\u00e7a de Minas Gerais (TJMG) condenou um p\u00e1roco de Divino, munic\u00edpio da Zona da Mata, pela retirada do piso hidr\u00e1ulico da Igreja Matriz do Divino Esp\u00edrito Santo. Al\u00e9m do padre, a Par\u00f3quia Divino Esp\u00edrito Santo e a Mitra Diocesana de Caratinga foram sentenciados e ter\u00e3o de pagar R$ 34 mil por danos [&hellip;]<\/p>\n","protected":false},"author":1,"featured_media":100969,"comment_status":"open","ping_status":"closed","sticky":false,"template":"","format":"standard","meta":{"amp_status":"","footnotes":""},"categories":[123],"tags":[237,124152,124143,124149,966,124146,89466,124156,124154,124155,124148,124157,124150,124151,124153,124142,124144,124147,124145,270,92646],"class_list":["post-100968","post","type-post","status-publish","format-standard","has-post-thumbnail","hentry","category-gerais","tag-caratinga","tag-condenacao-do-padre-jose-flavio-garcia","tag-condenacao-do-paroco-de-divino","tag-diocese-de-caratinga","tag-divino","tag-igreja-matriz-do-divino-espirito-santo","tag-jose-flavio-garcia","tag-justica-condena-padre-por-destruicao-de-piso-de-igreja-tombada-de-divino","tag-justica-mineira-condena-padre-por-destruicao-de-piso-de-igreja-tombada","tag-justica-mineira-condena-padre-por-destruicao-de-piso-de-igreja-tombada-em-divino","tag-mitra-diocesana-de-caratinga","tag-padre-de-divino-e-condenado-por-destruir-piso-de-igreja-tombada","tag-padre-e-comunidade-catolica-de-divino-entram-em-divergencia-apos-decisao-de-trocar-o-piso-da-igreja","tag-padre-jose-flavio-garcia","tag-padre-jose-flavio-garcia-e-condenado-pelo-tjmg","tag-paroco-de-divino","tag-paroco-de-divino-e-condenado","tag-paroquia-divino-espirito-santo","tag-retirada-do-piso-hidraulico-da-igreja-matriz-do-divino-espirito-santo","tag-tjmg","tag-tribunal-de-justica-de-minas-gerais"],"_links":{"self":[{"href":"https:\/\/aconteceunovale.com.br\/portal\/index.php?rest_route=\/wp\/v2\/posts\/100968","targetHints":{"allow":["GET"]}}],"collection":[{"href":"https:\/\/aconteceunovale.com.br\/portal\/index.php?rest_route=\/wp\/v2\/posts"}],"about":[{"href":"https:\/\/aconteceunovale.com.br\/portal\/index.php?rest_route=\/wp\/v2\/types\/post"}],"author":[{"embeddable":true,"href":"https:\/\/aconteceunovale.com.br\/portal\/index.php?rest_route=\/wp\/v2\/users\/1"}],"replies":[{"embeddable":true,"href":"https:\/\/aconteceunovale.com.br\/portal\/index.php?rest_route=%2Fwp%2Fv2%2Fcomments&post=100968"}],"version-history":[{"count":0,"href":"https:\/\/aconteceunovale.com.br\/portal\/index.php?rest_route=\/wp\/v2\/posts\/100968\/revisions"}],"wp:featuredmedia":[{"embeddable":true,"href":"https:\/\/aconteceunovale.com.br\/portal\/index.php?rest_route=\/wp\/v2\/media\/100969"}],"wp:attachment":[{"href":"https:\/\/aconteceunovale.com.br\/portal\/index.php?rest_route=%2Fwp%2Fv2%2Fmedia&parent=100968"}],"wp:term":[{"taxonomy":"category","embeddable":true,"href":"https:\/\/aconteceunovale.com.br\/portal\/index.php?rest_route=%2Fwp%2Fv2%2Fcategories&post=100968"},{"taxonomy":"post_tag","embeddable":true,"href":"https:\/\/aconteceunovale.com.br\/portal\/index.php?rest_route=%2Fwp%2Fv2%2Ftags&post=100968"}],"curies":[{"name":"wp","href":"https:\/\/api.w.org\/{rel}","templated":true}]}}