{"id":100964,"date":"2016-11-03T09:39:39","date_gmt":"2016-11-03T12:39:39","guid":{"rendered":"http:\/\/aconteceunovale.com.br\/portal\/?p=100964"},"modified":"2016-11-03T09:39:39","modified_gmt":"2016-11-03T12:39:39","slug":"assaltantes-invadem-fazenda-e-agridem-idoso-no-municipio-de-montes-claros","status":"publish","type":"post","link":"https:\/\/aconteceunovale.com.br\/portal\/?p=100964","title":{"rendered":"Assaltantes invadem fazenda e agridem idoso no munic\u00edpio de Montes Claros"},"content":{"rendered":"<p>A pol\u00edcia procura por tr\u00eas homens que assaltaram uma fazenda nessa quarta-feira (02\/11\/2016) em Montes Claros, na regi\u00e3o Norte de Minas Gerais. Eles ainda agrediram e amea\u00e7aram o dono da propriedade, de 60 anos. Um dos suspeitos \u00e9 filho da ex-mulher dele, segundo a PM.<\/p>\n<p>Ainda de acordo com a pol\u00edcia, o homem procurou o destacamento da PM em Nova Esperan\u00e7a e contou que os criminosos estavam armados e arrombaram a porta da casa. Ele ainda disse que foi agredido com chutes, pontap\u00e9s e socos, al\u00e9m de ser de ter sido amea\u00e7ado de morte. Os assaltantes pediam a todo o momento que ele entregasse uma espingarda.<\/p>\n<p>Os criminosos reviraram o im\u00f3vel e fugiram levando uma arma, dinheiro, documentos e um celular. O suspeito identificado como filho da ex-mulher da v\u00edtima ainda atirou algumas vezes, sem atingi-lo. Antes de sa\u00edrem, eles afirmaram que voltariam e que colocariam fogo na casa.<\/p>\n<p>O homem afirmou para a PM que ficou junto com a ex-mulher por 17 anos. Ap\u00f3s a separa\u00e7\u00e3o, ele prop\u00f4s que vendessem a fazenda e dividissem o dinheiro, mas ela n\u00e3o aceitou, possivelmente, de acordo com ele, essa seria motiva\u00e7\u00e3o do roubo e das agress\u00f5es. (G1)<\/p>\n","protected":false},"excerpt":{"rendered":"<p>A pol\u00edcia procura por tr\u00eas homens que assaltaram uma fazenda nessa quarta-feira (02\/11\/2016) em Montes Claros, na regi\u00e3o Norte de Minas Gerais. Eles ainda agrediram e amea\u00e7aram o dono da propriedade, de 60 anos. Um dos suspeitos \u00e9 filho da ex-mulher dele, segundo a PM. Ainda de acordo com a pol\u00edcia, o homem procurou o [&hellip;]<\/p>\n","protected":false},"author":1,"featured_media":90576,"comment_status":"open","ping_status":"closed","sticky":false,"template":"","format":"standard","meta":{"amp_status":"","footnotes":""},"categories":[1236],"tags":[124125,124126,73279,210,124127,61641],"class_list":["post-100964","post","type-post","status-publish","format-standard","has-post-thumbnail","hentry","category-norte_de_minas","tag-assaltantes-invadem-fazenda-e-agridem-idoso-no-municipio-de-montes-claros","tag-assalto-a-fazenda-montes-claros","tag-assalto-montes-claros","tag-montes-claros","tag-roubo-a-fazenda-em-montes-claros","tag-roubo-montes-claros"],"_links":{"self":[{"href":"https:\/\/aconteceunovale.com.br\/portal\/index.php?rest_route=\/wp\/v2\/posts\/100964","targetHints":{"allow":["GET"]}}],"collection":[{"href":"https:\/\/aconteceunovale.com.br\/portal\/index.php?rest_route=\/wp\/v2\/posts"}],"about":[{"href":"https:\/\/aconteceunovale.com.br\/portal\/index.php?rest_route=\/wp\/v2\/types\/post"}],"author":[{"embeddable":true,"href":"https:\/\/aconteceunovale.com.br\/portal\/index.php?rest_route=\/wp\/v2\/users\/1"}],"replies":[{"embeddable":true,"href":"https:\/\/aconteceunovale.com.br\/portal\/index.php?rest_route=%2Fwp%2Fv2%2Fcomments&post=100964"}],"version-history":[{"count":0,"href":"https:\/\/aconteceunovale.com.br\/portal\/index.php?rest_route=\/wp\/v2\/posts\/100964\/revisions"}],"wp:featuredmedia":[{"embeddable":true,"href":"https:\/\/aconteceunovale.com.br\/portal\/index.php?rest_route=\/wp\/v2\/media\/90576"}],"wp:attachment":[{"href":"https:\/\/aconteceunovale.com.br\/portal\/index.php?rest_route=%2Fwp%2Fv2%2Fmedia&parent=100964"}],"wp:term":[{"taxonomy":"category","embeddable":true,"href":"https:\/\/aconteceunovale.com.br\/portal\/index.php?rest_route=%2Fwp%2Fv2%2Fcategories&post=100964"},{"taxonomy":"post_tag","embeddable":true,"href":"https:\/\/aconteceunovale.com.br\/portal\/index.php?rest_route=%2Fwp%2Fv2%2Ftags&post=100964"}],"curies":[{"name":"wp","href":"https:\/\/api.w.org\/{rel}","templated":true}]}}