{"id":100920,"date":"2016-11-02T21:40:12","date_gmt":"2016-11-03T00:40:12","guid":{"rendered":"http:\/\/aconteceunovale.com.br\/portal\/?p=100920"},"modified":"2016-11-02T21:40:12","modified_gmt":"2016-11-03T00:40:12","slug":"ladroes-fogem-da-pm-e-abandonam-motos-em-salinas","status":"publish","type":"post","link":"https:\/\/aconteceunovale.com.br\/portal\/?p=100920","title":{"rendered":"Ladr\u00f5es fogem da PM e abandonam motos em Salinas"},"content":{"rendered":"<p>Duas motos, uma roubada e outra adulterada, foram apreendidas pela Pol\u00edcia Militar (PM) nessa ter\u00e7a-feira (1\u00ba de novembro de 2016) na BR-251, perto de Salinas, no Norte de Minas Gerais. Segundo informa\u00e7\u00f5es divulgadas pela corpora\u00e7\u00e3o, um motociclista de 26 anos foi abordado por dois assaltantes armados e de moto quando seguia pela rodovia em dire\u00e7\u00e3o ao Bairro Primavera. Eles fugiram com o ve\u00edculo da v\u00edtima sentido a Montes Claros.<\/p>\n<p>Ainda de acordo com a PM, durante as buscas os criminosos foram vistos por uma equipe de policiais. Ao perceberem que iriam ser abordados, eles abandonaram os ve\u00edculos e fugiram.<\/p>\n<p>A moto do homem foi recuperada e durante uma consulta, os militares constataram que o outro ve\u00edculo tinha o chassi adulterado. As duas motocicletas foram levadas para um p\u00e1tio credenciado. Os assaltantes ainda n\u00e3o foram presos.<\/p>\n<p><img decoding=\"async\" src=\"http:\/\/aconteceunovale.com.br\/portal\/wp-content\/uploads\/2016\/11\/apreensoes_salinas_motos.jpg\" alt=\"\" \/><em>Motos apreendidas na BR-251 em Salinas (Foto: Pol\u00edcia Militar\/Divulga\u00e7\u00e3o)<\/em><br \/>\n<\/br><\/p>\n<p><em>(Via G1 Grande Minas)<\/em><\/p>\n","protected":false},"excerpt":{"rendered":"<p>Duas motos, uma roubada e outra adulterada, foram apreendidas pela Pol\u00edcia Militar (PM) nessa ter\u00e7a-feira (1\u00ba de novembro de 2016) na BR-251, perto de Salinas, no Norte de Minas Gerais. Segundo informa\u00e7\u00f5es divulgadas pela corpora\u00e7\u00e3o, um motociclista de 26 anos foi abordado por dois assaltantes armados e de moto quando seguia pela rodovia em dire\u00e7\u00e3o [&hellip;]<\/p>\n","protected":false},"author":1,"featured_media":100921,"comment_status":"open","ping_status":"closed","sticky":false,"template":"","format":"standard","meta":{"amp_status":"","footnotes":""},"categories":[1236],"tags":[124019,32672,124017,124016,124018,43747,190],"class_list":["post-100920","post","type-post","status-publish","format-standard","has-post-thumbnail","hentry","category-norte_de_minas","tag-apreensao-de-moto-em-salinas","tag-assalto-em-salinas","tag-ladroes-fogem-da-pm-e-abandonam-motos-em-salinas","tag-motos-apreendidas-na-br-251-em-salinas","tag-roubo-de-moto-em-salinas","tag-roubo-em-salinas","tag-salinas"],"_links":{"self":[{"href":"https:\/\/aconteceunovale.com.br\/portal\/index.php?rest_route=\/wp\/v2\/posts\/100920","targetHints":{"allow":["GET"]}}],"collection":[{"href":"https:\/\/aconteceunovale.com.br\/portal\/index.php?rest_route=\/wp\/v2\/posts"}],"about":[{"href":"https:\/\/aconteceunovale.com.br\/portal\/index.php?rest_route=\/wp\/v2\/types\/post"}],"author":[{"embeddable":true,"href":"https:\/\/aconteceunovale.com.br\/portal\/index.php?rest_route=\/wp\/v2\/users\/1"}],"replies":[{"embeddable":true,"href":"https:\/\/aconteceunovale.com.br\/portal\/index.php?rest_route=%2Fwp%2Fv2%2Fcomments&post=100920"}],"version-history":[{"count":0,"href":"https:\/\/aconteceunovale.com.br\/portal\/index.php?rest_route=\/wp\/v2\/posts\/100920\/revisions"}],"wp:featuredmedia":[{"embeddable":true,"href":"https:\/\/aconteceunovale.com.br\/portal\/index.php?rest_route=\/wp\/v2\/media\/100921"}],"wp:attachment":[{"href":"https:\/\/aconteceunovale.com.br\/portal\/index.php?rest_route=%2Fwp%2Fv2%2Fmedia&parent=100920"}],"wp:term":[{"taxonomy":"category","embeddable":true,"href":"https:\/\/aconteceunovale.com.br\/portal\/index.php?rest_route=%2Fwp%2Fv2%2Fcategories&post=100920"},{"taxonomy":"post_tag","embeddable":true,"href":"https:\/\/aconteceunovale.com.br\/portal\/index.php?rest_route=%2Fwp%2Fv2%2Ftags&post=100920"}],"curies":[{"name":"wp","href":"https:\/\/api.w.org\/{rel}","templated":true}]}}