{"id":100912,"date":"2016-11-02T21:12:10","date_gmt":"2016-11-03T00:12:10","guid":{"rendered":"http:\/\/aconteceunovale.com.br\/portal\/?p=100912"},"modified":"2016-11-02T21:12:10","modified_gmt":"2016-11-03T00:12:10","slug":"cinco-ladroes-sao-presos-pela-policia-militar-em-governador-valadares","status":"publish","type":"post","link":"https:\/\/aconteceunovale.com.br\/portal\/?p=100912","title":{"rendered":"Cinco ladr\u00f5es s\u00e3o presos pela Pol\u00edcia Militar em Governador Valadares"},"content":{"rendered":"<p>Dois homens foram presos na manh\u00e3 desta quarta-feira (02\/10\/2016) com diversos cart\u00f5es de bancos em Governador Valadares, no Vale do Rio Doce. Segundo a Pol\u00edcia Militar (PM), os suspeitos, de 24 e 30 anos, foram abordados em um carro no Centro e ao serem revistados foram encontrados diversos cart\u00f5es de ag\u00eancias banc\u00e1rias diversas, incluindo de outros estados.<\/p>\n<p>Os militares entraram em contato com algumas das v\u00edtimas, donos dos cart\u00f5es roubados. Uma delas relatou que foi abordada pelos suspeitos no interior de uma ag\u00eancia banc\u00e1ria, sendo que eles se identificaram como funcion\u00e1rios do banco e informaram que seu cart\u00e3o precisava ser atualizado. A v\u00edtima entregou o cart\u00e3o com a senha a um dos suspeitos, que foi at\u00e9 o caixa e ap\u00f3s efetuar uma opera\u00e7\u00e3o lhe devolveu o cart\u00e3o. S\u00f3 muito tempo depois a v\u00edtima percebeu que o cart\u00e3o que lhe entregaram era de outra pessoa.<\/p>\n<p>Ainda de acordo com a PM, um dos cart\u00f5es de cr\u00e9dito apreendido pertencia a uma ag\u00eancia de Tim\u00f3teo. Em contato com o titular do cart\u00e3o, a v\u00edtima relatou que foi abordado no interior do estabelecimento banc\u00e1rio nesta ter\u00e7a-feira (1\u00ba) e os suspeitos conseguiram trocar o cart\u00e3o e efetuaram uma transfer\u00eancia no valor de R$ 2.000,00 e ainda um saque de R$ 1.300,00.<\/p>\n<p>No interior do ve\u00edculo dos suspeitos foram encontradas algumas sacolas com roupas de crian\u00e7as, as quais foram compradas em uma loja na cidade de Ipatinga com os cart\u00f5es de cr\u00e9dito roubados. O ve\u00edculo foi removido e todo o material apreendido foi encaminhado \u00e0 Delegacia, junto com suspeitos.<\/p>\n<p><img decoding=\"async\" src=\"http:\/\/aconteceunovale.com.br\/portal\/wp-content\/uploads\/2016\/11\/estelionatarios_gv.jpg\" alt=\"\" \/><em>Suspeitos foram presos com v\u00e1rios cart\u00f5es em Governador Valadares (Foto: PM\/Divulga\u00e7\u00e3o)<\/em><br \/>\n<\/br><\/p>\n<h4><strong><font color=\"blue\">Tr\u00eas presos ap\u00f3s assalto em resid\u00eancia<\/font><\/strong><\/h4>\n<p>Tr\u00eas jovens foram presos na tarde desta ter\u00e7a-feira (1\u00ba de novembro de 2016) ap\u00f3s roubo a uma resid\u00eancia em Governador Valadares. Segundo a Pol\u00edcia Militar, os suspeitos, com idades entre 19 e 23 anos, estavam vestidos com uniformes de empresa terceirizada de energia e procuravam um alvo no Bairro Cidade Nova, quando entraram em uma casa que estava com o port\u00e3o aberto.<\/p>\n<p>Dentro da resid\u00eancia estavam quatro pessoas, que foram feitas ref\u00e9ns enquanto os suspeitos roubavam diversos itens, como televis\u00e3o e joias. Ap\u00f3s o roubo, os suspeitos ainda fugiram no carro da fam\u00edlia, mas o abandonaram na BR-116, ap\u00f3s o ve\u00edculo ficar sem gasolina.<\/p>\n<p>Policiais Militares viram o trio quando eles deixavam o ve\u00edculo. Dois suspeitos fugiram e um foi capturado no local. Ap\u00f3s buscas pela mata pr\u00f3xima, os fugitivos tamb\u00e9m foram capturados. Com eles estava uma arma de fogo, que foi utilizada para render as v\u00edtimas.<\/p>\n<p>Todo o material roubado foi recuperado. Os suspeitos foram encaminhados para Delegacia Civil da cidade.<\/p>\n<p><img decoding=\"async\" src=\"http:\/\/aconteceunovale.com.br\/portal\/wp-content\/uploads\/2016\/11\/ladroes_gv.jpg\" alt=\"\" \/><em>Bandidos usaram uniformes de empresa terceirizada de energia (Foto: PM\/Divulga\u00e7\u00e3o)<\/em><br \/>\n<\/br><\/p>\n<p><em>(Fonte: G1 dos Vales\/Inter TV)<\/em><\/p>\n","protected":false},"excerpt":{"rendered":"<p>Dois homens foram presos na manh\u00e3 desta quarta-feira (02\/10\/2016) com diversos cart\u00f5es de bancos em Governador Valadares, no Vale do Rio Doce. Segundo a Pol\u00edcia Militar (PM), os suspeitos, de 24 e 30 anos, foram abordados em um carro no Centro e ao serem revistados foram encontrados diversos cart\u00f5es de ag\u00eancias banc\u00e1rias diversas, incluindo de [&hellip;]<\/p>\n","protected":false},"author":1,"featured_media":100913,"comment_status":"open","ping_status":"closed","sticky":false,"template":"","format":"standard","meta":{"amp_status":"","footnotes":""},"categories":[121],"tags":[82075,84104,124012,124013,106474,124005,124009,106473,247,201,124006,124004,124011,46659,82076,124008,124007,1105,124010],"class_list":["post-100912","post","type-post","status-publish","format-standard","has-post-thumbnail","hentry","category-leste","tag-assalto-governador-valadares","tag-assaltos-governador-valadares","tag-bandidos-usaram-uniformes-de-empresa-terceirizada-de-energia","tag-cinco-ladroes-sao-presos-pela-policia-militar-em-governador-valadares","tag-estelionatarios-presos-em-governador-valadares","tag-falsarios-presos-em-governador-valadares","tag-gentil-rodrigues","tag-golpistas-presos-em-governador-valadares","tag-governador-valadares","tag-ipatinga","tag-ladroes-de-cartao-presos-em-governador-valadares","tag-ladroes-presos-em-governador-valadares","tag-magno-dias-do-santos","tag-presos-em-governador-valadares","tag-roubo-governador-valadares","tag-roubos-governador-valadares","tag-suspeitos-foram-presos-com-varios-cartoes-em-governador-valadares","tag-timoteo","tag-wendel-rocha"],"_links":{"self":[{"href":"https:\/\/aconteceunovale.com.br\/portal\/index.php?rest_route=\/wp\/v2\/posts\/100912","targetHints":{"allow":["GET"]}}],"collection":[{"href":"https:\/\/aconteceunovale.com.br\/portal\/index.php?rest_route=\/wp\/v2\/posts"}],"about":[{"href":"https:\/\/aconteceunovale.com.br\/portal\/index.php?rest_route=\/wp\/v2\/types\/post"}],"author":[{"embeddable":true,"href":"https:\/\/aconteceunovale.com.br\/portal\/index.php?rest_route=\/wp\/v2\/users\/1"}],"replies":[{"embeddable":true,"href":"https:\/\/aconteceunovale.com.br\/portal\/index.php?rest_route=%2Fwp%2Fv2%2Fcomments&post=100912"}],"version-history":[{"count":0,"href":"https:\/\/aconteceunovale.com.br\/portal\/index.php?rest_route=\/wp\/v2\/posts\/100912\/revisions"}],"wp:featuredmedia":[{"embeddable":true,"href":"https:\/\/aconteceunovale.com.br\/portal\/index.php?rest_route=\/wp\/v2\/media\/100913"}],"wp:attachment":[{"href":"https:\/\/aconteceunovale.com.br\/portal\/index.php?rest_route=%2Fwp%2Fv2%2Fmedia&parent=100912"}],"wp:term":[{"taxonomy":"category","embeddable":true,"href":"https:\/\/aconteceunovale.com.br\/portal\/index.php?rest_route=%2Fwp%2Fv2%2Fcategories&post=100912"},{"taxonomy":"post_tag","embeddable":true,"href":"https:\/\/aconteceunovale.com.br\/portal\/index.php?rest_route=%2Fwp%2Fv2%2Ftags&post=100912"}],"curies":[{"name":"wp","href":"https:\/\/api.w.org\/{rel}","templated":true}]}}