{"id":100769,"date":"2016-11-01T14:48:28","date_gmt":"2016-11-01T17:48:28","guid":{"rendered":"http:\/\/aconteceunovale.com.br\/portal\/?p=100769"},"modified":"2016-11-01T14:48:28","modified_gmt":"2016-11-01T17:48:28","slug":"pesca-esta-proibida-na-porcao-mineira-da-bacia-do-rio-doce","status":"publish","type":"post","link":"https:\/\/aconteceunovale.com.br\/portal\/?p=100769","title":{"rendered":"Pesca est\u00e1 proibida na por\u00e7\u00e3o mineira da Bacia do Rio Doce"},"content":{"rendered":"<p>A pesca na parte mineira da Bacia do Rio Doce est\u00e1 proibida a partir desta ter\u00e7a-feira (01\/11\/2016). Ser\u00e1 permitida somente a pesca cient\u00edfica, desde que devidamente autorizada. J\u00e1 a pesca amadora est\u00e1 permitida, mas somente na modalidade de pesque e solte.<\/p>\n<p>A medida est\u00e1 definida na Portaria do Instituto Estadual de Florestas (IEF) n\u00ba 78, publicada no Di\u00e1rio Oficial do Estado de Minas Gerais desta ter\u00e7a-feira. O objetivo \u00e9 permitir a recupera\u00e7\u00e3o do rio e da ictiofauna da bacia do rio Doce ap\u00f3s o rompimento da Barragem do Fund\u00e3o da mineradora Samarco, em Mariana, ocorrida em 5 de novembro de 2016.<\/p>\n<p>A portaria dever\u00e1 ser revista, \u00e0 medida que novos estudos t\u00e9cnicos e cient\u00edficos comprovem a recupera\u00e7\u00e3o populacional das esp\u00e9cies do rio Doce. \u201cA manuten\u00e7\u00e3o da proibi\u00e7\u00e3o depender\u00e1 de subs\u00eddios t\u00e9cnicos que contribuam para melhor compreens\u00e3o de aspectos da fauna aqu\u00e1tica\u201d, explica a diretora de Prote\u00e7\u00e3o \u00e0 Fauna do IEF, S\u00f4nia Aparecida Cordebelle de Almeida.<\/p>\n<p>S\u00f4nia Cordebelle explica que a proibi\u00e7\u00e3o \u00e9 v\u00e1lida para a calha principal do Rio Doce e seus afluentes. \u201cA medida \u00e9 necess\u00e1ria para permitir a recomposi\u00e7\u00e3o da toda a comunidade aqu\u00e1tica, da cadeia alimentar das esp\u00e9cies encontradas na bacia, incluindo peixes amea\u00e7ados de extin\u00e7\u00e3o e end\u00eamicos\u201d, afirma.<\/p>\n<p>A decis\u00e3o de proibir a pesca tamb\u00e9m levou em considera\u00e7\u00e3o prevenir poss\u00edveis riscos \u00e0 sa\u00fade humana em fun\u00e7\u00e3o da sanidade do pescado \u201cOs impactos sobre a bacia do rio Doce ainda n\u00e3o foram determinados e ser\u00e3o necess\u00e1rios estudos e avalia\u00e7\u00f5es para determinar as medidas mais corretas para recupera\u00e7\u00e3o da regi\u00e3o\u201d, explica S\u00f4nia Cordebelle.<\/p>\n<p>\u201cNa aus\u00eancia ou insufici\u00eancia de dados t\u00e9cnicos e cient\u00edficos, \u00e9 aplicado o princ\u00edpio de precau\u00e7\u00e3o, por isso a decis\u00e3o proibir completamente a pesca\u201d, observa S\u00f4nia Cordebelle. Ela afirma ainda que a decis\u00e3o foi tomada ap\u00f3s ampla discuss\u00e3o com as comunidades que sobrevivem do rio, especialmente os pescadores. \u201cForam realizadas duas audi\u00eancias p\u00fablicas que tiveram a participa\u00e7\u00e3o dos segmentos que tem o Rio Doce como meio de sobreviv\u00eancia\u201d, destaca.<\/p>\n<p>O in\u00edcio da proibi\u00e7\u00e3o da pesca no Rio Doce coincide com o in\u00edcio da piracema nos rios e das restri\u00e7\u00f5es \u00e0 pesca nas outras bacias de Minas Gerais. \u201cAs Portarias do IEF que regulamentam a pesca no per\u00edodo da Piracema s\u00e3o utilizadas desde 2011 e s\u00e3o v\u00e1lidas no per\u00edodo de 1\u00ba de Novembro a 28 de fevereiro no ano seguinte\u201d, explica S\u00f4nica Cordebelle. (Ag\u00eancia Minas)<\/p>\n","protected":false},"excerpt":{"rendered":"<p>A pesca na parte mineira da Bacia do Rio Doce est\u00e1 proibida a partir desta ter\u00e7a-feira (01\/11\/2016). Ser\u00e1 permitida somente a pesca cient\u00edfica, desde que devidamente autorizada. J\u00e1 a pesca amadora est\u00e1 permitida, mas somente na modalidade de pesque e solte. A medida est\u00e1 definida na Portaria do Instituto Estadual de Florestas (IEF) n\u00ba 78, [&hellip;]<\/p>\n","protected":false},"author":1,"featured_media":78373,"comment_status":"open","ping_status":"closed","sticky":false,"template":"","format":"standard","meta":{"amp_status":"","footnotes":""},"categories":[121],"tags":[21801,67903,7363,123750,123752,123753,123751,123755,123754,67677,32642,123756],"class_list":["post-100769","post","type-post","status-publish","format-standard","has-post-thumbnail","hentry","category-leste","tag-bacia-do-rio-doce","tag-barragem-do-fundao","tag-mariana","tag-pesca-esta-proibida-na-porcao-mineira-da-bacia-do-rio-doce","tag-pesca-na-bacia-do-rio-doce","tag-pesca-proibida-na-bacia-do-rio-doce","tag-proibicao-de-pesca-na-bacia-do-rio-doce","tag-protecao-a-fauna-do-ief","tag-recuperacao-do-rio-e-da-ictiofauna-da-bacia-do-rio-doce-apos-o-rompimento-da-barragem-do-fundao-da-mineradora-samarco","tag-rompimento-da-barragem-do-fundao","tag-samarco","tag-sonia-aparecida-cordebelle-de-almeida"],"_links":{"self":[{"href":"https:\/\/aconteceunovale.com.br\/portal\/index.php?rest_route=\/wp\/v2\/posts\/100769","targetHints":{"allow":["GET"]}}],"collection":[{"href":"https:\/\/aconteceunovale.com.br\/portal\/index.php?rest_route=\/wp\/v2\/posts"}],"about":[{"href":"https:\/\/aconteceunovale.com.br\/portal\/index.php?rest_route=\/wp\/v2\/types\/post"}],"author":[{"embeddable":true,"href":"https:\/\/aconteceunovale.com.br\/portal\/index.php?rest_route=\/wp\/v2\/users\/1"}],"replies":[{"embeddable":true,"href":"https:\/\/aconteceunovale.com.br\/portal\/index.php?rest_route=%2Fwp%2Fv2%2Fcomments&post=100769"}],"version-history":[{"count":0,"href":"https:\/\/aconteceunovale.com.br\/portal\/index.php?rest_route=\/wp\/v2\/posts\/100769\/revisions"}],"wp:featuredmedia":[{"embeddable":true,"href":"https:\/\/aconteceunovale.com.br\/portal\/index.php?rest_route=\/wp\/v2\/media\/78373"}],"wp:attachment":[{"href":"https:\/\/aconteceunovale.com.br\/portal\/index.php?rest_route=%2Fwp%2Fv2%2Fmedia&parent=100769"}],"wp:term":[{"taxonomy":"category","embeddable":true,"href":"https:\/\/aconteceunovale.com.br\/portal\/index.php?rest_route=%2Fwp%2Fv2%2Fcategories&post=100769"},{"taxonomy":"post_tag","embeddable":true,"href":"https:\/\/aconteceunovale.com.br\/portal\/index.php?rest_route=%2Fwp%2Fv2%2Ftags&post=100769"}],"curies":[{"name":"wp","href":"https:\/\/api.w.org\/{rel}","templated":true}]}}