{"id":100766,"date":"2016-11-01T14:37:56","date_gmt":"2016-11-01T17:37:56","guid":{"rendered":"http:\/\/aconteceunovale.com.br\/portal\/?p=100766"},"modified":"2016-11-01T14:37:56","modified_gmt":"2016-11-01T17:37:56","slug":"solucoes-simples-podem-ser-adotadas-para-economizar-energia-eletrica-no-periodo-de-altas-temperaturas","status":"publish","type":"post","link":"https:\/\/aconteceunovale.com.br\/portal\/?p=100766","title":{"rendered":"Solu\u00e7\u00f5es simples podem ser adotadas para economizar energia el\u00e9trica no per\u00edodo de altas temperaturas"},"content":{"rendered":"<p>Nesta semana, a Empresa de Pesquisa Energ\u00e9tica (EPE) divulgou o s\u00e9timo aumento consecutivo no consumo residencial de energia el\u00e9trica no Brasil: 4,6% em setembro. A regi\u00e3o Sudeste foi a que registrou maior aumento nessa classe de consumo, com uma alta de 5,7%. Dessa forma, a Cemig destaca medidas que ajudam a diminuir o consumo e reduzir o valor da fatura.<\/p>\n<p>Com a eleva\u00e7\u00e3o das temperaturas, ocorre tamb\u00e9m o aumento do uso de condicionadores de ar e climatizadores de ambientes, o que costuma impactar no valor da conta de energia el\u00e9trica.<\/p>\n<p>De acordo com o t\u00e9cnico de Solu\u00e7\u00f5es Energ\u00e9ticas da\u00a0Cemig, Frederico Stark Rezende, o ar-condicionado tem o funcionamento similar ao de uma geladeira, pois em ambos os casos o tempo de funcionamento do equipamento vai ser determinante para a redu\u00e7\u00e3o ou acr\u00e9scimo do consumo.<\/p>\n<p>\u201cSe com rela\u00e7\u00e3o \u00e0 geladeira recomenda-se n\u00e3o abrir constantemente a porta, no caso do ar-condicionado, s\u00e3o as portas e janelas do local que devem ser mantidas fechadas. Assim, evita-se que o ar quente entre no ambiente, o que faria o equipamento trabalhar mais para manter a temperatura agrad\u00e1vel\u201d, explica.<\/p>\n<p>Segundo o especialista, o ar-condicionado pode ser respons\u00e1vel por uma eleva\u00e7\u00e3o de at\u00e9 30% na conta de energia, ent\u00e3o ele deve ser instalado de acordo com o tamanho do ambiente e a real necessidade da resid\u00eancia.<\/p>\n<p>J\u00e1 o ventilador \u00e9 um equipamento que consome menos energia e n\u00e3o tem o seu funcionamento relacionado \u00e0 temperatura ambiente. Por isso, as portas e janelas do local podem permanecer abertas para facilitar a circula\u00e7\u00e3o do ar.<\/p>\n<p>\u201cVale lembrar que o consumo de energia \u00e9 a pot\u00eancia do equipamento vezes o n\u00famero de horas que ele fica ligado. Ent\u00e3o, \u00e9 preciso ficar atento ao tempo de utiliza\u00e7\u00e3o desses eletrodom\u00e9sticos e ainda optar por equipamentos que tenham o selo Procel ou a etiqueta do Inmetro com a letra \u2018A\u2019, que s\u00e3o mais eficientes\u201d, destaca Frederico Stark.<\/p>\n<p>Uma boa op\u00e7\u00e3o para a redu\u00e7\u00e3o do valor final da fatura \u00e9 a instala\u00e7\u00e3o do sistema de aquecimento solar. Esse equipamento diminui muito o consumo de energia com o chuveiro e reduz o valor da conta de energia el\u00e9trica.<\/p>\n<p><strong>Confira outras dicas de economia de energia<\/strong><\/p>\n<p><strong>Termostatos:<\/strong>\u00a0Seja no chuveiro, aquecedor, condicionador de ar, geladeira ou freezer, reduzir um grau no termostato pode representar uma economia de at\u00e9 5% da sua conta.<\/p>\n<p><strong>Receptor de antena e de canal:<\/strong>\u00a0Uma aten\u00e7\u00e3o especial deve ser dada aos aparelhos de TVs com receptores. Ao desligarmos a TV, devemos desligar tamb\u00e9m o receptor.<\/p>\n<p><strong>Ilumina\u00e7\u00e3o:<\/strong>\u00a0Evite acender l\u00e2mpadas durante o dia e aproveite ao m\u00e1ximo a ilumina\u00e7\u00e3o natural. Prefira as l\u00e2mpadas LED, pois elas duram mais e consomem menos. Pinte paredes e tetos com cores claras, que refletem melhor a luz, diminuindo a necessidade de ilumina\u00e7\u00e3o artificial.<\/p>\n<p><strong>Geladeira:<\/strong>\u00a0Evite abrir a geladeira frequentemente. Retire de uma s\u00f3 vez os alimentos de que precisa. N\u00e3o guarde alimentos ainda quentes. Para saber se a borracha de veda\u00e7\u00e3o est\u00e1 em bom estado, fa\u00e7a o seguinte teste: coloque uma folha de papel entre a porta e a geladeira, feche a porta e tente retirar a folha; se ela sair com facilidade, est\u00e1 na hora de trocar a borracha. Repita o teste em v\u00e1rios pontos da porta da geladeira. Nunca utilize a grade traseira para secar roupas ou cal\u00e7ados.<\/p>\n<p><strong>Tomadas e fios:\u00a0<\/strong>Tomadas quentes s\u00e3o sin\u00f4nimo de desperd\u00edcio e risco de acidentes. Por isso, evite o uso de benjamins. Emendas mal feitas causam perda de energia.<\/p>\n<p><strong>Celulares e C\u00e2meras:<\/strong>\u00a0Nunca deixe seu aparelho celular passar a noite carregando, ou seja, d\u00ea a carga e retire-os da tomada. Para c\u00e2meras digitais que n\u00e3o usam pilhas, aplica-se a mesma regra do celular. S\u00f3 carregue o tempo necess\u00e1rio especificado no manual.<\/p>\n<p><strong>Computadores:\u00a0<\/strong>Quando n\u00e3o estiver usando, mantenha o computador desligado. D\u00ea prefer\u00eancia aos notebooks, que consomem menos energia. N\u00e3o deixe os acess\u00f3rios do computador (impressora, scanners etc.) ligados sem necessidade. (Ascom Cemig)<\/p>\n","protected":false},"excerpt":{"rendered":"<p>Nesta semana, a Empresa de Pesquisa Energ\u00e9tica (EPE) divulgou o s\u00e9timo aumento consecutivo no consumo residencial de energia el\u00e9trica no Brasil: 4,6% em setembro. A regi\u00e3o Sudeste foi a que registrou maior aumento nessa classe de consumo, com uma alta de 5,7%. Dessa forma, a Cemig destaca medidas que ajudam a diminuir o consumo e [&hellip;]<\/p>\n","protected":false},"author":1,"featured_media":100767,"comment_status":"open","ping_status":"closed","sticky":false,"template":"","format":"standard","meta":{"amp_status":"","footnotes":""},"categories":[123],"tags":[123745,123742,123746,1018,123747,123749,123739,123740,102986,123743,123741,123744,123748],"class_list":["post-100766","post","type-post","status-publish","format-standard","has-post-thumbnail","hentry","category-gerais","tag-ar-condicionado-tem-o-funcionamento-similar-ao-de-uma-geladeira","tag-cemig-destaca-medidas-que-ajudam-a-diminuir-o-consumo-e-reduzir-o-valor-da-fatura","tag-confira-outras-dicas-de-economia-de-energia","tag-destaque","tag-dicas-de-economia-de-energia","tag-economizar-energia-eletrica-no-periodo-de-altas-temperaturas","tag-empresa-de-pesquisa-energetica","tag-epe","tag-frederico-stark-rezende","tag-medidas-que-ajudam-a-diminuir-o-consumo-e-reduzir-o-valor-da-fatura","tag-setimo-aumento-consecutivo-no-consumo-residencial-de-energia-eletrica-no-brasil","tag-solucoes-energeticas-da-cemig","tag-solucoes-simples-podem-ser-adotadas-para-economizar-energia-eletrica-no-periodo-de-altas-temperaturas"],"_links":{"self":[{"href":"https:\/\/aconteceunovale.com.br\/portal\/index.php?rest_route=\/wp\/v2\/posts\/100766","targetHints":{"allow":["GET"]}}],"collection":[{"href":"https:\/\/aconteceunovale.com.br\/portal\/index.php?rest_route=\/wp\/v2\/posts"}],"about":[{"href":"https:\/\/aconteceunovale.com.br\/portal\/index.php?rest_route=\/wp\/v2\/types\/post"}],"author":[{"embeddable":true,"href":"https:\/\/aconteceunovale.com.br\/portal\/index.php?rest_route=\/wp\/v2\/users\/1"}],"replies":[{"embeddable":true,"href":"https:\/\/aconteceunovale.com.br\/portal\/index.php?rest_route=%2Fwp%2Fv2%2Fcomments&post=100766"}],"version-history":[{"count":0,"href":"https:\/\/aconteceunovale.com.br\/portal\/index.php?rest_route=\/wp\/v2\/posts\/100766\/revisions"}],"wp:featuredmedia":[{"embeddable":true,"href":"https:\/\/aconteceunovale.com.br\/portal\/index.php?rest_route=\/wp\/v2\/media\/100767"}],"wp:attachment":[{"href":"https:\/\/aconteceunovale.com.br\/portal\/index.php?rest_route=%2Fwp%2Fv2%2Fmedia&parent=100766"}],"wp:term":[{"taxonomy":"category","embeddable":true,"href":"https:\/\/aconteceunovale.com.br\/portal\/index.php?rest_route=%2Fwp%2Fv2%2Fcategories&post=100766"},{"taxonomy":"post_tag","embeddable":true,"href":"https:\/\/aconteceunovale.com.br\/portal\/index.php?rest_route=%2Fwp%2Fv2%2Ftags&post=100766"}],"curies":[{"name":"wp","href":"https:\/\/api.w.org\/{rel}","templated":true}]}}