{"id":100759,"date":"2016-11-01T07:39:32","date_gmt":"2016-11-01T10:39:32","guid":{"rendered":"http:\/\/aconteceunovale.com.br\/portal\/?p=100759"},"modified":"2016-11-01T07:39:32","modified_gmt":"2016-11-01T10:39:32","slug":"plantao-samu-macro-norte-terca-feira-01-de-novembro-de-2016","status":"publish","type":"post","link":"https:\/\/aconteceunovale.com.br\/portal\/?p=100759","title":{"rendered":"Plant\u00e3o SAMU Macro Norte, ter\u00e7a-feira, 01 de novembro de 2016"},"content":{"rendered":"<h4><strong><em>Ter\u00e7a-Feira, 01 de novembro de 2016 (6h do dia 31\/10 \u00e0s 6h do dia 01\/11)<\/em><\/strong><\/h4>\n<p>As unidades do SAMU realizaram 231 atendimentos em toda Macro Norte, 132 deles em Montes Claros. Foram 98 casos cl\u00ednicos, 22 acidentes de tr\u00e2nsito, 14 envolveram moto, 11 atendimentos psiqui\u00e1tricos, 5 pessoas  sofreram queda de pr\u00f3pria altura. <\/p>\n<p>Em Montes Claros foram 39 atendimentos cl\u00ednicos, 11 acidentes de tr\u00e2nsito, 10 envolvendo moto, 4 gestantes atendidas pelo SAMU, 4 pessoas sofreram queda de pr\u00f3pria altura. At\u00e9 o momento do fechamento desse relat\u00f3rio nenhuma ocorr\u00eancia de tr\u00e2nsito em andamento. (Ascom Samu)<\/p>\n","protected":false},"excerpt":{"rendered":"<p>Ter\u00e7a-Feira, 01 de novembro de 2016 (6h do dia 31\/10 \u00e0s 6h do dia 01\/11) As unidades do SAMU realizaram 231 atendimentos em toda Macro Norte, 132 deles em Montes Claros. Foram 98 casos cl\u00ednicos, 22 acidentes de tr\u00e2nsito, 14 envolveram moto, 11 atendimentos psiqui\u00e1tricos, 5 pessoas sofreram queda de pr\u00f3pria altura. Em Montes Claros [&hellip;]<\/p>\n","protected":false},"author":1,"featured_media":37592,"comment_status":"open","ping_status":"closed","sticky":false,"template":"","format":"standard","meta":{"amp_status":"","footnotes":""},"categories":[1236],"tags":[123723,13996,210,120003,19864,13995,123725,123724,84221],"class_list":["post-100759","post","type-post","status-publish","format-standard","has-post-thumbnail","hentry","category-norte_de_minas","tag-01-de-novembro-de-2016","tag-atendimentos-do-samu-em-montes-claros","tag-montes-claros","tag-ocorrencias-samu-montes-claros","tag-plantao-do-samu-em-montes-claros","tag-plantao-samu-macro-norte","tag-plantao-samu-macro-norte-terca-feira","tag-plantao-samu-macro-norte-terca-feira-01-de-novembro-de-2016","tag-terca-feira"],"_links":{"self":[{"href":"https:\/\/aconteceunovale.com.br\/portal\/index.php?rest_route=\/wp\/v2\/posts\/100759","targetHints":{"allow":["GET"]}}],"collection":[{"href":"https:\/\/aconteceunovale.com.br\/portal\/index.php?rest_route=\/wp\/v2\/posts"}],"about":[{"href":"https:\/\/aconteceunovale.com.br\/portal\/index.php?rest_route=\/wp\/v2\/types\/post"}],"author":[{"embeddable":true,"href":"https:\/\/aconteceunovale.com.br\/portal\/index.php?rest_route=\/wp\/v2\/users\/1"}],"replies":[{"embeddable":true,"href":"https:\/\/aconteceunovale.com.br\/portal\/index.php?rest_route=%2Fwp%2Fv2%2Fcomments&post=100759"}],"version-history":[{"count":0,"href":"https:\/\/aconteceunovale.com.br\/portal\/index.php?rest_route=\/wp\/v2\/posts\/100759\/revisions"}],"wp:featuredmedia":[{"embeddable":true,"href":"https:\/\/aconteceunovale.com.br\/portal\/index.php?rest_route=\/wp\/v2\/media\/37592"}],"wp:attachment":[{"href":"https:\/\/aconteceunovale.com.br\/portal\/index.php?rest_route=%2Fwp%2Fv2%2Fmedia&parent=100759"}],"wp:term":[{"taxonomy":"category","embeddable":true,"href":"https:\/\/aconteceunovale.com.br\/portal\/index.php?rest_route=%2Fwp%2Fv2%2Fcategories&post=100759"},{"taxonomy":"post_tag","embeddable":true,"href":"https:\/\/aconteceunovale.com.br\/portal\/index.php?rest_route=%2Fwp%2Fv2%2Ftags&post=100759"}],"curies":[{"name":"wp","href":"https:\/\/api.w.org\/{rel}","templated":true}]}}