{"id":100748,"date":"2016-10-31T21:01:18","date_gmt":"2016-11-01T00:01:18","guid":{"rendered":"http:\/\/aconteceunovale.com.br\/portal\/?p=100748"},"modified":"2016-10-31T21:01:18","modified_gmt":"2016-11-01T00:01:18","slug":"alunos-da-ufjf-sao-barrados-na-portaria-de-campus-da-univale-em-governador-valadares","status":"publish","type":"post","link":"https:\/\/aconteceunovale.com.br\/portal\/?p=100748","title":{"rendered":"Alunos da UFJF s\u00e3o barrados na portaria de campus da Univale em Governador Valadares"},"content":{"rendered":"<p>Alunos do campus avan\u00e7ado da Universidade Federal de Juiz de Fora (UFJF) correm o risco de terem suas aulas suspensas, se at\u00e9 a sexta-feira (04\/11) a institui\u00e7\u00e3o n\u00e3o pagar d\u00edvida de R$ 1,3 milh\u00e3o pelo uso das instala\u00e7\u00f5es Universidade do Vale do Rio Doce (Univale).<\/p>\n<p>Na manh\u00e3 desta segunda-feira (31\/10), estudantes dos cursos de medicina, farm\u00e1cia e fisioterapia foram barrados na chegada no campus e informados de que o acesso deles estava condicionado \u00e0 quita\u00e7\u00e3o da d\u00edvida. Depois de reuni\u00e3o entre representantes das institui\u00e7\u00f5es, \u00e0 tarde, foi acertado o prazo para uma solu\u00e7\u00e3o ao impasse. <\/p>\n<p>Por meio de nota, a Universidade Federal de Juiz de Fora considerou de \u201catitude intempestiva\u201d o bloqueio do acesso de seus alunos e professores no campus. A decis\u00e3o foi da dire\u00e7\u00e3o da Funda\u00e7\u00e3o Percival Farquhar (FPF), mantenedora da Univale, que reclama o pagamento em atraso.<\/p>\n<p>A reitoria da UFJF disse que o bloqueio causou constrangimento e preju\u00edzos aos docentes, t\u00e9cnico-administrativos e estudantes da universidade, que foram impedidos entrar no pr\u00e9dio da Univale. A dire\u00e7\u00e3o da institui\u00e7\u00e3o afirma que existe um contrato com a Univale em vigor desde 1\u00ba de setembro de 2016 com vig\u00eancia at\u00e9 o final de agosto de 2017. <\/p>\n<p>\u201cA Universidade Federal de Juiz de Fora est\u00e1 rigorosamente em dia com os pagamentos do contrato\u201d, garante a nota, que \u00e9 assinada pelo reitor, professor Marcus Vin\u00edcius David, e a vice-reitora Girlene Alves Silva. \u201cO impasse existente se refere a um processo de reconhecimento de d\u00edvida referente ao per\u00edodo de fevereiro a agosto de 2016, sem vincula\u00e7\u00e3o com o contrato atual\u201d, completou.<\/p>\n<p><img decoding=\"async\" src=\"http:\/\/aconteceunovale.com.br\/portal\/wp-content\/uploads\/2016\/10\/estudantes_gv.jpg\" alt=\"\" \/><em>Estudantes da UFJF foram impedidos de entrar no campus da Univale para aulas, em Governador Valadares, nesta segunda-feira (Foto: Ana Carolina Magalh\u00e3es\/Inter TV dos Vales\/G1)<\/em><br \/>\n<\/br><\/p>\n<p><strong>Diverg\u00eancia em valor de d\u00edvida dificulta acordo<\/strong><\/p>\n<p>A dire\u00e7\u00e3o da UFJF explicou ainda que h\u00e1 uma diferen\u00e7a entre o valor do d\u00e9bito calculado pela institui\u00e7\u00e3o e o montante cobrado pela Univale. Segundo as assessorias jur\u00eddica e financeira da UFJF, o valor a ser pago \u00e9 de R$ 1.110.497,48 e a Univale entende que deveria ser de R$ 1.332.664,61. \u201cA Advocacia-geral da Uni\u00e3o est\u00e1 agindo para que tal fato (bloqueio doa estudantes) n\u00e3o se repita e o cumprimento do contrato seja mantido\u201d, finalizou o comunicado da universidade federal.<\/p>\n<p>Por\u00e9m, por meio de nota, a Funda\u00e7\u00e3o Percival Farquhar (FPF), mantenedora da Universidade Vale do Rio Doce (Univale), informou que foi estabelecido que a UFJF tem at\u00e9 a pr\u00f3xima sexta-feira (04) para efetuar o pagamento ou apresentar a data para a quita\u00e7\u00e3o do d\u00e9bito. De acordo com a FPF, o prazo foi acertado em reuni\u00e3o com gestores do campus da universidade federal de Governador Valadares, na tarde desta segunda-feira. \u201cDurante este per\u00edodo o acesso de alunos, professores e funcion\u00e1rios administrativos da UFJF ao campus da Univale fica liberado\u201d, afirma o comunicado.<\/p>\n<p>A funda\u00e7\u00e3o justificou ainda que desde outubro do ano passado vem negociando a renova\u00e7\u00e3o do contrato de loca\u00e7\u00e3o do pr\u00e9dio vencido em janeiro \u00faltimo. E que, somente em janeiro houve o fechamento do acordo, que passou a vigorar em 1\u00ba de setembro, com amplia\u00e7\u00e3o do uso do espe\u00e7o f\u00edsico. Por\u00e9m, apesar do valor do d\u00e9bito anterior, de R$ 1,3 milh\u00e3o, ter sido calculado em comum acordo, na data estipulada para o pagamento da d\u00edvida, o compromisso n\u00e3o foi honrado.<\/p>\n<p><strong>Campus avan\u00e7ado de Valadares oferece 10 cursos <\/strong><\/p>\n<p>O Campus Avan\u00e7ado Governador Valadares iniciou suas atividades no dia 19 de novembro de 2012 e oferece atualmente 850 vagas anuais em dez cursos de gradua\u00e7\u00e3o presenciais: Administra\u00e7\u00e3o, Ci\u00eancias Cont\u00e1beis, Ci\u00eancias Econ\u00f4micas, Direito, Educa\u00e7\u00e3o F\u00edsica, Farm\u00e1cia, Fisioterapia, Medicina, Nutri\u00e7\u00e3o e Odontologia \u2013 op\u00e7\u00f5es tamb\u00e9m ofertadas na sede e com conceitos m\u00e1ximos no Enade (Exame Nacional de Desempenho do Estudante) A rela\u00e7\u00e3o de cursos foi acordada, conforme a demanda regional, entre o Minist\u00e9rio da Educa\u00e7\u00e3o, UFJF e Prefeitura de Governador Valadares. N\u00e3o est\u00e1 descartada a possibilidade de aumentar, futuramente, a lista de gradua\u00e7\u00f5es.<\/p>\n<p><img decoding=\"async\" src=\"http:\/\/aconteceunovale.com.br\/portal\/wp-content\/uploads\/2016\/10\/obras_ufjf_gv.jpg\" alt=\"\" \/><em>Obras da cidade universit\u00e1ria est\u00e1 em processo inicial e Universidade Federal de Juiz de Fora depende de pr\u00e9dios alugados em Governador Valadares (Foto: UFJF\/Divulga\u00e7\u00e3o)<\/em><br \/>\n<\/br><\/p>\n<p><em>(Fonte: Estado de Minas)<\/em><\/p>\n","protected":false},"excerpt":{"rendered":"<p>Alunos do campus avan\u00e7ado da Universidade Federal de Juiz de Fora (UFJF) correm o risco de terem suas aulas suspensas, se at\u00e9 a sexta-feira (04\/11) a institui\u00e7\u00e3o n\u00e3o pagar d\u00edvida de R$ 1,3 milh\u00e3o pelo uso das instala\u00e7\u00f5es Universidade do Vale do Rio Doce (Univale). Na manh\u00e3 desta segunda-feira (31\/10), estudantes dos cursos de medicina, [&hellip;]<\/p>\n","protected":false},"author":1,"featured_media":100749,"comment_status":"open","ping_status":"closed","sticky":false,"template":"","format":"standard","meta":{"amp_status":"","footnotes":""},"categories":[121],"tags":[123715,123714,123713,123710,31521,123712,123711,4352,24146,65813,19702],"class_list":["post-100748","post","type-post","status-publish","format-standard","has-post-thumbnail","hentry","category-leste","tag-alunos-da-ufjf-sao-barrados-na-portaria-de-campus-da-univale-em-governador-valadares","tag-campus-avancado-da-ufjf-em-governador-valadares-oferece-10-cursos","tag-campus-avancado-de-valadares-oferece-10-cursos","tag-divida-da-ufjf-com-a-univale","tag-fundacao-percival-farquhar","tag-marcus-vinicius-david","tag-professor-marcus-vinicius-david","tag-ufjf","tag-univale","tag-universidade-do-vale-do-rio-doce","tag-universidade-federal-de-juiz-de-fora"],"_links":{"self":[{"href":"https:\/\/aconteceunovale.com.br\/portal\/index.php?rest_route=\/wp\/v2\/posts\/100748","targetHints":{"allow":["GET"]}}],"collection":[{"href":"https:\/\/aconteceunovale.com.br\/portal\/index.php?rest_route=\/wp\/v2\/posts"}],"about":[{"href":"https:\/\/aconteceunovale.com.br\/portal\/index.php?rest_route=\/wp\/v2\/types\/post"}],"author":[{"embeddable":true,"href":"https:\/\/aconteceunovale.com.br\/portal\/index.php?rest_route=\/wp\/v2\/users\/1"}],"replies":[{"embeddable":true,"href":"https:\/\/aconteceunovale.com.br\/portal\/index.php?rest_route=%2Fwp%2Fv2%2Fcomments&post=100748"}],"version-history":[{"count":0,"href":"https:\/\/aconteceunovale.com.br\/portal\/index.php?rest_route=\/wp\/v2\/posts\/100748\/revisions"}],"wp:featuredmedia":[{"embeddable":true,"href":"https:\/\/aconteceunovale.com.br\/portal\/index.php?rest_route=\/wp\/v2\/media\/100749"}],"wp:attachment":[{"href":"https:\/\/aconteceunovale.com.br\/portal\/index.php?rest_route=%2Fwp%2Fv2%2Fmedia&parent=100748"}],"wp:term":[{"taxonomy":"category","embeddable":true,"href":"https:\/\/aconteceunovale.com.br\/portal\/index.php?rest_route=%2Fwp%2Fv2%2Fcategories&post=100748"},{"taxonomy":"post_tag","embeddable":true,"href":"https:\/\/aconteceunovale.com.br\/portal\/index.php?rest_route=%2Fwp%2Fv2%2Ftags&post=100748"}],"curies":[{"name":"wp","href":"https:\/\/api.w.org\/{rel}","templated":true}]}}