{"id":100713,"date":"2016-10-31T16:48:26","date_gmt":"2016-10-31T19:48:26","guid":{"rendered":"http:\/\/aconteceunovale.com.br\/portal\/?p=100713"},"modified":"2016-10-31T16:48:26","modified_gmt":"2016-10-31T19:48:26","slug":"colisao-entre-onibus-e-caminhao-deixa-pelo-menos-20-mortos-em-cafezal-do-sul","status":"publish","type":"post","link":"https:\/\/aconteceunovale.com.br\/portal\/?p=100713","title":{"rendered":"Colis\u00e3o entre \u00f4nibus e caminh\u00e3o deixa pelo menos 20 mortos em Cafezal do Sul"},"content":{"rendered":"<p>Na manh\u00e3 desta segunda-feira (31\/10\/2016), um acidente entre \u00f4nibus e um caminh\u00e3o na rodovia PR-323, em Cafezal do Sul, no noroeste do Paran\u00e1, matou pelo menos 20 pessoas e v\u00e1rias ficaram feriadas.<\/p>\n<p>Do total de mortos, um era motorista do caminh\u00e3o e 19 estavam no \u00f4nibus, as v\u00edtimas morreram carbonizadas e apenas uma, que tamb\u00e9m estava no \u00f4nibus, foi atendida no local, mas sofreu uma parada cardiorrespirat\u00f3ria.<\/p>\n<p>De acordo com a Pol\u00edcia Rodovi\u00e1ria Estadual, o \u00f4nibus pertencia \u00e0 Secretaria Municipal de Sa\u00fade de Alt\u00f4nia e levava 30 pessoas \u00e0 bordo. O ve\u00edculo seguia sentido a Umuarama e colidiu frontalmente com o caminh\u00e3o que trafegava no  sentido contrario.<\/p>\n<p>A empresa Latco, dona do caminh\u00e3o, informou que o motorista seguia de Cruzeiro do Oeste para Marip\u00e1. O condutor havia descarregado uma carga de leite e voltava para casa. Ele estava sozinho no ve\u00edculo, ainda segundo a empresa Latco.<\/p>\n<p>Ap\u00f3s a colis\u00e3o, o \u00f4nibus foi arrastado pelo caminh\u00e3o e pegou fogo, sendo destru\u00eddo pelas chamas.<\/p>\n<p><img decoding=\"async\" src=\"http:\/\/aconteceunovale.com.br\/portal\/wp-content\/uploads\/2016\/10\/acidente_pr_cafezal_1.jpg\" alt=\"\" \/><em>Acidente em Cafezal do Sul matou ao menos vinte pessoas (Foto: Divulga\u00e7\u00e3o\/PRE-PR)<\/em><br \/>\n<\/br><\/p>\n<p><strong>O Hospital Cemil de Umuarama informou os nomes dos feridos:<\/strong><\/p>\n<p>&#8211; Laudecir de Paula Lopes<br \/>\n&#8211; Bruno Teixeira Ferrarini<br \/>\n&#8211; Itamar Maraston de Mattos<br \/>\n&#8211; Rosa Aparecida Arques<br \/>\n&#8211; Rosilene Geralda dos Santos<br \/>\n&#8211; Antonio Garcia de Mattos<br \/>\n&#8211; Jos\u00e9 Maria Freitas Soares<br \/>\n&#8211; Claudete Brasilino Ten\u00f3rio Martins<br \/>\n&#8211; Maria Moura Barbosa Arques<br \/>\n&#8211; Laisa Maura dos Santos<\/p>\n<p><img decoding=\"async\" src=\"http:\/\/aconteceunovale.com.br\/portal\/wp-content\/uploads\/2016\/10\/acidente_pr_cafezal_2.jpg\" alt=\"\" \/><em>Acidente em Cafezal do Sul matou ao menos vinte pessoas (Foto: Divulga\u00e7\u00e3o\/Corpo de Bombeiros)<\/em><br \/>\n<\/br><\/p>\n<p><img decoding=\"async\" src=\"http:\/\/aconteceunovale.com.br\/portal\/wp-content\/uploads\/2016\/10\/acidente_pr_cafezal_3.jpg\" alt=\"\" \/><em>Acidente em Cafezal do Sul matou ao menos vinte pessoas (Foto: Divulga\u00e7\u00e3o\/Corpo de Bombeiros)<\/em><br \/>\n<\/br><\/p>\n<p><img decoding=\"async\" src=\"http:\/\/aconteceunovale.com.br\/portal\/wp-content\/uploads\/2016\/10\/acidente_pr_cafezal_4.jpg\" alt=\"\" \/><em>Acidente em Cafezal do Sul matou ao menos vinte pessoas (Foto: Divulga\u00e7\u00e3o\/PRE-PR)<\/em><br \/>\n<\/br><\/p>\n<p><img decoding=\"async\" src=\"http:\/\/aconteceunovale.com.br\/portal\/wp-content\/uploads\/2016\/10\/acidente_pr_cafezal_5.jpg\" alt=\"\" \/><em>Acidente em Cafezal do Sul matou ao menos vinte pessoas (Foto: Divulga\u00e7\u00e3o\/Corpo de Bombeiros)<\/em><br \/>\n<\/br><\/p>\n<p><em>(Via O Tempo)<\/em><\/p>\n","protected":false},"excerpt":{"rendered":"<p>Na manh\u00e3 desta segunda-feira (31\/10\/2016), um acidente entre \u00f4nibus e um caminh\u00e3o na rodovia PR-323, em Cafezal do Sul, no noroeste do Paran\u00e1, matou pelo menos 20 pessoas e v\u00e1rias ficaram feriadas. Do total de mortos, um era motorista do caminh\u00e3o e 19 estavam no \u00f4nibus, as v\u00edtimas morreram carbonizadas e apenas uma, que tamb\u00e9m [&hellip;]<\/p>\n","protected":false},"author":1,"featured_media":100714,"comment_status":"open","ping_status":"closed","sticky":false,"template":"","format":"standard","meta":{"amp_status":"","footnotes":""},"categories":[6],"tags":[123652,123656,123657,123655,123650,123649,123644,123654,123642,123641,123643,123647,25279,123645,123658,123660,123661,123659,25280,1018,123651,123653,123646,123648,25278],"class_list":["post-100713","post","type-post","status-publish","format-standard","has-post-thumbnail","hentry","category-br","tag-acidente-com-caminhao-da-latco","tag-acidente-com-caminhao-da-latco-em-cafezal-do-sul","tag-acidente-com-caminhao-da-latco-na-pr-323","tag-acidente-com-caminhao-da-latco-no-parana","tag-acidente-com-moradores-de-altonia","tag-acidente-com-secretaria-municipal-de-saude-de-altonia","tag-acidente-em-cafezal-do-sul","tag-acidente-em-cafezal-do-sul-matou-ao-menos-vinte-pessoas","tag-acidente-entre-onibus-e-um-caminhao-em-cafezal-do-sul","tag-acidente-entre-onibus-e-um-caminhao-na-rodovia-pr-323","tag-acidente-entre-onibus-e-um-caminhao-no-parana","tag-acidente-na-pr-323","tag-altonia","tag-cafezal-do-sul","tag-colisao-entre-onibus-e-caminhao-deixa-pelo-menos-20-mortos-em-cafezal-do-sul","tag-colisao-entre-onibus-e-caminhao-deixa-pelo-menos-20-mortos-na-pr-323","tag-colisao-entre-onibus-e-caminhao-deixa-pelo-menos-20-mortos-no-parana","tag-colisao-entre-onibus-e-caminhao-deixa-pelo-menos-20-mortos-no-pr","tag-cruzeiro-do-oeste","tag-destaque","tag-latco","tag-maripa","tag-pr-323","tag-secretaria-municipal-de-saude-de-altonia","tag-umuarama"],"_links":{"self":[{"href":"https:\/\/aconteceunovale.com.br\/portal\/index.php?rest_route=\/wp\/v2\/posts\/100713","targetHints":{"allow":["GET"]}}],"collection":[{"href":"https:\/\/aconteceunovale.com.br\/portal\/index.php?rest_route=\/wp\/v2\/posts"}],"about":[{"href":"https:\/\/aconteceunovale.com.br\/portal\/index.php?rest_route=\/wp\/v2\/types\/post"}],"author":[{"embeddable":true,"href":"https:\/\/aconteceunovale.com.br\/portal\/index.php?rest_route=\/wp\/v2\/users\/1"}],"replies":[{"embeddable":true,"href":"https:\/\/aconteceunovale.com.br\/portal\/index.php?rest_route=%2Fwp%2Fv2%2Fcomments&post=100713"}],"version-history":[{"count":0,"href":"https:\/\/aconteceunovale.com.br\/portal\/index.php?rest_route=\/wp\/v2\/posts\/100713\/revisions"}],"wp:featuredmedia":[{"embeddable":true,"href":"https:\/\/aconteceunovale.com.br\/portal\/index.php?rest_route=\/wp\/v2\/media\/100714"}],"wp:attachment":[{"href":"https:\/\/aconteceunovale.com.br\/portal\/index.php?rest_route=%2Fwp%2Fv2%2Fmedia&parent=100713"}],"wp:term":[{"taxonomy":"category","embeddable":true,"href":"https:\/\/aconteceunovale.com.br\/portal\/index.php?rest_route=%2Fwp%2Fv2%2Fcategories&post=100713"},{"taxonomy":"post_tag","embeddable":true,"href":"https:\/\/aconteceunovale.com.br\/portal\/index.php?rest_route=%2Fwp%2Fv2%2Ftags&post=100713"}],"curies":[{"name":"wp","href":"https:\/\/api.w.org\/{rel}","templated":true}]}}