{"id":100697,"date":"2016-10-31T15:33:07","date_gmt":"2016-10-31T18:33:07","guid":{"rendered":"http:\/\/aconteceunovale.com.br\/portal\/?p=100697"},"modified":"2016-10-31T15:33:07","modified_gmt":"2016-10-31T18:33:07","slug":"quem-nao-votou-e-nem-justificou-ausencia-a-urna-deve-procurar-cartorio-eleitoral","status":"publish","type":"post","link":"https:\/\/aconteceunovale.com.br\/portal\/?p=100697","title":{"rendered":"Quem n\u00e3o votou e nem justificou aus\u00eancia \u00e0 urna deve procurar cart\u00f3rio eleitoral"},"content":{"rendered":"<p>O eleitor que n\u00e3o p\u00f4de votar nestas elei\u00e7\u00f5es e n\u00e3o justificou a sua aus\u00eancia no mesmo dia do pleito tem prazo de 60 dias, ap\u00f3s a data da vota\u00e7\u00e3o, para apresentar justificativa ao juiz em qualquer cart\u00f3rio eleitoral. O prazo termina no dia 1\u00ba de dezembro com rela\u00e7\u00e3o ao primeiro turno e no dia 29 de dezembro com rela\u00e7\u00e3o ao segundo.<\/p>\n<p>A justificativa \u00e9 v\u00e1lida somente para o turno em que o eleitor n\u00e3o compareceu. Assim, se o eleitor deixou de votar no primeiro e no segundo turno da elei\u00e7\u00e3o, ter\u00e1 de justificar sua aus\u00eancia para cada turno, separadamente, obedecendo aos mesmos requisitos e prazos para cada um deles.<\/p>\n<p>Para justificar a aus\u00eancia, o eleitor deve apresentar o <a href=\"http:\/\/www.tse.jus.br\/eleitor\/justificativa-eleitoral\/requerimento-de-justificativa-eleitoral-pos-eleicao\" target=\"_blank\"><font color=\"blue\">Requerimento de Justificativa Eleitoral<\/font><\/a> pessoalmente em qualquer cart\u00f3rio, para que seja analisada. <a href=\"http:\/\/www.tre-mg.jus.br\/eleitor\/justificativa-eleitoral\/justificativa-eleitoral-1\" target=\"_blank\"><font color=\"blue\">Confira todos os detalhes sobre a justificativa<\/font><\/a>.<\/p>\n<p>O servi\u00e7o Disque- Eleitor (148) continuar\u00e1 atendendo os eleitores que ainda tiverem d\u00favidas sobre o processo eleitoral, com \u00eanfase na justificativa, de segunda a sexta-feira, das 7h \u00e0s 19h.<\/p>\n<p><strong>Impedimentos<\/strong><\/p>\n<p>Sem o comprovante de vota\u00e7\u00e3o ou de quita\u00e7\u00e3o de suas obriga\u00e7\u00f5es eleitorais, o eleitor fica impedido de exercer alguns direitos, tais como: inscrever-se em concurso p\u00fablico, ser empossado em cargo p\u00fablico, obter carteira de identidade ou passaporte, renovar matr\u00edcula em estabelecimento de ensino oficial, obter empr\u00e9stimos em bancos oficiais e participar de concorr\u00eancia p\u00fablica ou administrativa.<\/p>\n<p>Quem n\u00e3o votar em tr\u00eas elei\u00e7\u00f5es consecutivas &#8211; considerando cada turno uma elei\u00e7\u00e3o \u2013 e n\u00e3o justificar sua aus\u00eancia ter\u00e1 sua inscri\u00e7\u00e3o eleitoral cancelada.<\/p>\n<p>Essa regra n\u00e3o se aplica aos eleitores para quem o voto \u00e9 facultativo \u2013 os analfabetos, os que t\u00eam 16 e 17 anos e os maiores de 70 anos &#8211; e aos deficientes para os quais se torne imposs\u00edvel ou demasiadamente oneroso o cumprimento das obriga\u00e7\u00f5es eleitorais.<\/p>\n<p><strong>Eleitor no exterior<\/strong><\/p>\n<p>O brasileiro que estava no exterior no dia do pleito tem at\u00e9 30 dias, contados de seu retorno ao Brasil, para justificar a aus\u00eancia no cart\u00f3rio eleitoral.<\/p>\n<p><em>(Fonte: TRE-MG)<\/em><\/p>\n","protected":false},"excerpt":{"rendered":"<p>O eleitor que n\u00e3o p\u00f4de votar nestas elei\u00e7\u00f5es e n\u00e3o justificou a sua aus\u00eancia no mesmo dia do pleito tem prazo de 60 dias, ap\u00f3s a data da vota\u00e7\u00e3o, para apresentar justificativa ao juiz em qualquer cart\u00f3rio eleitoral. O prazo termina no dia 1\u00ba de dezembro com rela\u00e7\u00e3o ao primeiro turno e no dia 29 [&hellip;]<\/p>\n","protected":false},"author":1,"featured_media":100698,"comment_status":"open","ping_status":"closed","sticky":false,"template":"","format":"standard","meta":{"amp_status":"","footnotes":""},"categories":[6,79927],"tags":[117742,123618,17642,25329,27685,123619],"class_list":["post-100697","post","type-post","status-publish","format-standard","has-post-thumbnail","hentry","category-br","category-eleicoes-2016-2","tag-como-justificar-o-voto","tag-eleitor-que-nao-pode-votar-nestas-eleicoes-e-nao-justificou-a-sua-ausencia-no-mesmo-dia-do-pleito-tem-prazo-de-60-dias","tag-justificar-voto","tag-justificar-voto-primeiro-turno","tag-justificar-voto-segundo-turno","tag-quem-nao-votou-e-nem-justificou-ausencia-a-urna-deve-procurar-cartorio-eleitoral"],"_links":{"self":[{"href":"https:\/\/aconteceunovale.com.br\/portal\/index.php?rest_route=\/wp\/v2\/posts\/100697","targetHints":{"allow":["GET"]}}],"collection":[{"href":"https:\/\/aconteceunovale.com.br\/portal\/index.php?rest_route=\/wp\/v2\/posts"}],"about":[{"href":"https:\/\/aconteceunovale.com.br\/portal\/index.php?rest_route=\/wp\/v2\/types\/post"}],"author":[{"embeddable":true,"href":"https:\/\/aconteceunovale.com.br\/portal\/index.php?rest_route=\/wp\/v2\/users\/1"}],"replies":[{"embeddable":true,"href":"https:\/\/aconteceunovale.com.br\/portal\/index.php?rest_route=%2Fwp%2Fv2%2Fcomments&post=100697"}],"version-history":[{"count":0,"href":"https:\/\/aconteceunovale.com.br\/portal\/index.php?rest_route=\/wp\/v2\/posts\/100697\/revisions"}],"wp:featuredmedia":[{"embeddable":true,"href":"https:\/\/aconteceunovale.com.br\/portal\/index.php?rest_route=\/wp\/v2\/media\/100698"}],"wp:attachment":[{"href":"https:\/\/aconteceunovale.com.br\/portal\/index.php?rest_route=%2Fwp%2Fv2%2Fmedia&parent=100697"}],"wp:term":[{"taxonomy":"category","embeddable":true,"href":"https:\/\/aconteceunovale.com.br\/portal\/index.php?rest_route=%2Fwp%2Fv2%2Fcategories&post=100697"},{"taxonomy":"post_tag","embeddable":true,"href":"https:\/\/aconteceunovale.com.br\/portal\/index.php?rest_route=%2Fwp%2Fv2%2Ftags&post=100697"}],"curies":[{"name":"wp","href":"https:\/\/api.w.org\/{rel}","templated":true}]}}