{"id":100694,"date":"2016-10-31T15:13:47","date_gmt":"2016-10-31T18:13:47","guid":{"rendered":"http:\/\/aconteceunovale.com.br\/portal\/?p=100694"},"modified":"2016-10-31T15:13:47","modified_gmt":"2016-10-31T18:13:47","slug":"governo-inaugura-unidade-do-programa-farmacia-de-todos-em-montes-claros","status":"publish","type":"post","link":"https:\/\/aconteceunovale.com.br\/portal\/?p=100694","title":{"rendered":"Governo inaugura unidade do Programa Farm\u00e1cia de Todos em Montes Claros"},"content":{"rendered":"<p>A Secretaria de Estado de Sa\u00fade de Minas Gerais (SES-MG) inaugurou, nesta segunda-feira (31\/10\/2016), em Montes Claros, uma unidade do Farm\u00e1cia de Todos. A SES-MG investiu R$ 400 mil na farm\u00e1cia, que ir\u00e1 atender uma m\u00e9dia mensal de 10 mil pessoas.<\/p>\n<p>A solenidade de inaugura\u00e7\u00e3o foi presidida pelo prefeito em exerc\u00edcio, Jos\u00e9 Vicente de Medeiros e contou com a participa\u00e7\u00e3o da Coordenadora do N\u00facleo de Assist\u00eancia Farmac\u00eautica da Superintend\u00eancia Regional de Sa\u00fade de Montes Claros, Viviane Verb\u00eania Santos.<\/p>\n<p>Durante a solenidade, o secret\u00e1rio municipal de Sa\u00fade de Montes Claros, Geraldo Edson Guerra, frisou que a implanta\u00e7\u00e3o da Farm\u00e1cia de Todos representa uma importante obra viabilizada por meio de parceria estabelecida entre o Governo do Estado e o munic\u00edpio, o que possibilitar\u00e1 \u00e0 popula\u00e7\u00e3o ter acesso facilitado a medicamentos b\u00e1sicos e tamb\u00e9m de alto custo.<\/p>\n<p>A superintendente Regional de Sa\u00fade de Montes Claros, Patr\u00edcia Aparecida Mendes, entende que a implanta\u00e7\u00e3o da Farm\u00e1cia de Todos tratar\u00e1 muitos benef\u00edcios para a popula\u00e7\u00e3o, sobretudo agilizando o acesso de pacientes \u00e0 aquisi\u00e7\u00e3o de medicamentos adquiridos com recursos financeiros do SUS. <\/p>\n<p>Al\u00e9m disso, com a entrada em funcionamento da Farm\u00e1cia de Todos no maior munic\u00edpio do Norte de Minas, a previs\u00e3o \u00e9 de que a demanda de atendimentos atualmente concentrados no N\u00facleo de Assist\u00eancia Farmac\u00eautica da SRS ter\u00e1 uma redu\u00e7\u00e3o aproximada de 35%, o que agilizar\u00e1 a presta\u00e7\u00e3o de servi\u00e7os a outros 52 munic\u00edpios que comp\u00f5em a \u00e1rea de atua\u00e7\u00e3o da Superintend\u00eancia Regional de Sa\u00fade.<\/p>\n<p>Guerra tamb\u00e9m ressaltou que, pelo fato de a farm\u00e1cia ficar localizada pr\u00f3xima ao centro da cidade e ao lado do Hospital Universit\u00e1rio Clemente de Faria, que presta servi\u00e7os \u00e0 popula\u00e7\u00e3o exclusivamente via Sistema \u00danico de Sa\u00fade (SUS), vai possibilitar \u00e0 popula\u00e7\u00e3o facilidade de acesso \u00e0 unidade. Isso porque a previs\u00e3o \u00e9 de que num futuro pr\u00f3ximo a farm\u00e1cia funcione entre 7 e 22 horas, possibilitando a quem trabalha durante todo o dia receber medicamentos tamb\u00e9m no per\u00edodo noturno.<\/p>\n<p>O prefeito Jos\u00e9 Vicente Medeiros reafirmou a import\u00e2ncia da parceria estabelecida entre o Governo do Estado e o munic\u00edpio. \u201cA inaugura\u00e7\u00e3o da farm\u00e1cia evidencia que a implementa\u00e7\u00e3o de a\u00e7\u00f5es conjuntas entre o Estado e a prefeitura tem condi\u00e7\u00f5es de gerar benef\u00edcios concretos para a popula\u00e7\u00e3o, contemplando as mais diversas \u00e1reas, inclusive da sa\u00fade\u201d, ressaltou.<\/p>\n<p><img decoding=\"async\" src=\"http:\/\/aconteceunovale.com.br\/portal\/wp-content\/uploads\/2016\/10\/farmacia_moc.jpg\" alt=\"\" \/><em>Unidade do Farm\u00e1cia de Todos \u00e9 inaugurada ao lado do HUCF (Pedro Ricardo\/SES-MG)<\/em><br \/>\n<\/br><\/p>\n<p>(Ag\u00eancia Minas)<\/p>\n","protected":false},"excerpt":{"rendered":"<p>A Secretaria de Estado de Sa\u00fade de Minas Gerais (SES-MG) inaugurou, nesta segunda-feira (31\/10\/2016), em Montes Claros, uma unidade do Farm\u00e1cia de Todos. A SES-MG investiu R$ 400 mil na farm\u00e1cia, que ir\u00e1 atender uma m\u00e9dia mensal de 10 mil pessoas. A solenidade de inaugura\u00e7\u00e3o foi presidida pelo prefeito em exerc\u00edcio, Jos\u00e9 Vicente de Medeiros [&hellip;]<\/p>\n","protected":false},"author":1,"featured_media":100695,"comment_status":"open","ping_status":"closed","sticky":false,"template":"","format":"standard","meta":{"amp_status":"","footnotes":""},"categories":[1236,40242],"tags":[123611,123607,123614,123617,123609,123608,123610,210,123615,38784,123613,52113,54113,123616,123612],"class_list":["post-100694","post","type-post","status-publish","format-standard","has-post-thumbnail","hentry","category-norte_de_minas","category-saude-2","tag-coordenadora-do-nucleo-de-assistencia-farmaceutica-da-superintendencia-regional-de-saude-de-montes-claros","tag-farmacia-de-todos-em-montes-claros","tag-geraldo-edson-guerra","tag-governo-inaugura-unidade-do-programa-farmacia-de-todos-em-montes-claros","tag-inauguracao-de-unidade-do-farmacia-de-todos-em-montes-claros","tag-inauguracao-farmacia-de-todos-em-montes-claros","tag-jose-vicente-de-medeiros","tag-montes-claros","tag-patricia-aparecida-mendes","tag-secretaria-de-estado-de-saude-de-minas-gerais","tag-secretario-municipal-de-saude-de-montes-claros","tag-ses-mg","tag-superintendente-regional-de-saude-de-montes-claros","tag-unidade-do-farmacia-de-todos-e-inaugurada-ao-lado-do-hospital-universitario-clemente-de-faria","tag-viviane-verbenia-santos"],"_links":{"self":[{"href":"https:\/\/aconteceunovale.com.br\/portal\/index.php?rest_route=\/wp\/v2\/posts\/100694","targetHints":{"allow":["GET"]}}],"collection":[{"href":"https:\/\/aconteceunovale.com.br\/portal\/index.php?rest_route=\/wp\/v2\/posts"}],"about":[{"href":"https:\/\/aconteceunovale.com.br\/portal\/index.php?rest_route=\/wp\/v2\/types\/post"}],"author":[{"embeddable":true,"href":"https:\/\/aconteceunovale.com.br\/portal\/index.php?rest_route=\/wp\/v2\/users\/1"}],"replies":[{"embeddable":true,"href":"https:\/\/aconteceunovale.com.br\/portal\/index.php?rest_route=%2Fwp%2Fv2%2Fcomments&post=100694"}],"version-history":[{"count":0,"href":"https:\/\/aconteceunovale.com.br\/portal\/index.php?rest_route=\/wp\/v2\/posts\/100694\/revisions"}],"wp:featuredmedia":[{"embeddable":true,"href":"https:\/\/aconteceunovale.com.br\/portal\/index.php?rest_route=\/wp\/v2\/media\/100695"}],"wp:attachment":[{"href":"https:\/\/aconteceunovale.com.br\/portal\/index.php?rest_route=%2Fwp%2Fv2%2Fmedia&parent=100694"}],"wp:term":[{"taxonomy":"category","embeddable":true,"href":"https:\/\/aconteceunovale.com.br\/portal\/index.php?rest_route=%2Fwp%2Fv2%2Fcategories&post=100694"},{"taxonomy":"post_tag","embeddable":true,"href":"https:\/\/aconteceunovale.com.br\/portal\/index.php?rest_route=%2Fwp%2Fv2%2Ftags&post=100694"}],"curies":[{"name":"wp","href":"https:\/\/api.w.org\/{rel}","templated":true}]}}