{"id":100691,"date":"2016-10-31T15:07:06","date_gmt":"2016-10-31T18:07:06","guid":{"rendered":"http:\/\/aconteceunovale.com.br\/portal\/?p=100691"},"modified":"2016-10-31T15:07:06","modified_gmt":"2016-10-31T18:07:06","slug":"vale-abre-inscricoes-para-programa-de-estagio-2","status":"publish","type":"post","link":"https:\/\/aconteceunovale.com.br\/portal\/?p=100691","title":{"rendered":"Vale abre inscri\u00e7\u00f5es para Programa de Est\u00e1gio"},"content":{"rendered":"<p>A Vale abriu inscri\u00e7\u00f5es para seu Programa de Est\u00e1gio nesta segunda-feira, 31 de outubro de 2016. H\u00e1 vagas para estudantes do ensino t\u00e9cnico e superior nos estados de Minas Gerais, Esp\u00edrito Santo, Par\u00e1, Rio de Janeiro e Maranh\u00e3o. As inscri\u00e7\u00f5es podem ser feitas at\u00e9 9 de novembro pelo site <a href=\"http:\/\/www.vale.com\/oportunidades\" target=\"_blank\">www.vale.com\/oportunidades<\/a>.<\/p>\n<p>Este ano, o processo seletivo para o Programa de Est\u00e1gio da Vale foi reformulado. Em uma jornada de autoconhecimento, o estudante identificar\u00e1 quais s\u00e3o seus prop\u00f3sitos de vida e se eles se conectam com os valores praticados pela Vale. A ideia \u00e9 que tanto a escolha do candidato pela empresa como da empresa pelo candidato seja baseada nesses valores e n\u00e3o s\u00f3 na quest\u00e3o t\u00e9cnica.<\/p>\n<p>&#8220;O tema do programa ser\u00e1 &#8216;Minerando seu prop\u00f3sito'&#8221;, explica a gerente de Recrutamento e Sele\u00e7\u00e3o, Sistemas e Planejamento de RH, Paula Sim\u00f5es. &#8220;Assim como o processo de minera\u00e7\u00e3o \u00e9 a busca por recursos naturais e sua posterior transforma\u00e7\u00e3o, o processo seletivo ser\u00e1 a busca do candidato por seu prop\u00f3sito para tamb\u00e9m provocar uma transforma\u00e7\u00e3o, s\u00f3 que esta no plano pessoal e profissional&#8221;.<\/p>\n<p>O processo seletivo agora \u00e9 composto de uma etapa de inscri\u00e7\u00e3o no site, quando o candidato j\u00e1 far\u00e1 uma avalia\u00e7\u00e3o online, duas etapas presenciais com atividades em grupo e uma entrevista.<\/p>\n<p>Podem se candidatar candidatos de n\u00edvel superior que estejam nos tr\u00eas \u00faltimos anos de curso, ou seja, com formatura prevista entre dezembro de 2017 e dezembro de 2019.<\/p>\n<p>Para os candidatos de n\u00edvel t\u00e9cnico, a exig\u00eancia \u00e9 que tenham formatura prevista at\u00e9 dezembro de 2018 ou que sejam formados na parte te\u00f3rica, desde que n\u00e3o tenham cumprido a carga hor\u00e1ria de est\u00e1gio obrigat\u00f3rio e ainda estejam matriculados na institui\u00e7\u00e3o de ensino.<\/p>\n<p>Ser\u00e3o aceitas inscri\u00e7\u00f5es para universit\u00e1rios de todos os cursos, entre eles Engenharia, Administra\u00e7\u00e3o de Empresas, Economia, Ci\u00eancias Cont\u00e1beis e Ci\u00eancias da Computa\u00e7\u00e3o. Tamb\u00e9m ter\u00e3o a oportunidade de se inscrever estudantes de n\u00edvel t\u00e9cnico de mais de 20 cursos, como Metalurgia, Mec\u00e2nica, El\u00e9trica, Eletrot\u00e9cnica, Eletromec\u00e2nica, Minera\u00e7\u00e3o e Seguran\u00e7a do Trabalho. A lista completa de cursos de n\u00edvel t\u00e9cnico est\u00e1 dispon\u00edvel no site.<\/p>\n<p>A Vale estimula fortemente a inscri\u00e7\u00e3o de pessoas com defici\u00eancia, de acordo com sua pol\u00edtica de promover a inclus\u00e3o e valorizar a diversidade.<\/p>\n<p>Os selecionados iniciar\u00e3o o est\u00e1gio a partir de fevereiro de 2017 e receber\u00e3o bolsa-aux\u00edlio mensal de at\u00e9 R$ 1.118 (os valores variam dependendo do curso, t\u00e9cnico ou superior, e da carga hor\u00e1ria), assist\u00eancia m\u00e9dica e seguro de vida. Nas unidades onde a empresa n\u00e3o oferece transporte e restaurante, os estagi\u00e1rios tamb\u00e9m receber\u00e3o vale-transporte e vale-refei\u00e7\u00e3o. A carga hor\u00e1ria do est\u00e1gio varia entre quatro e seis horas, dependendo das atividades a serem desenvolvidas. (Ascom Vale)<\/p>\n","protected":false},"excerpt":{"rendered":"<p>A Vale abriu inscri\u00e7\u00f5es para seu Programa de Est\u00e1gio nesta segunda-feira, 31 de outubro de 2016. H\u00e1 vagas para estudantes do ensino t\u00e9cnico e superior nos estados de Minas Gerais, Esp\u00edrito Santo, Par\u00e1, Rio de Janeiro e Maranh\u00e3o. As inscri\u00e7\u00f5es podem ser feitas at\u00e9 9 de novembro pelo site www.vale.com\/oportunidades. Este ano, o processo seletivo [&hellip;]<\/p>\n","protected":false},"author":1,"featured_media":100692,"comment_status":"open","ping_status":"closed","sticky":false,"template":"","format":"standard","meta":{"amp_status":"","footnotes":""},"categories":[40238,40236],"tags":[123606,123605,6007,2910,123604],"class_list":["post-100691","post","type-post","status-publish","format-standard","has-post-thumbnail","hentry","category-educacao-2","category-empregos-2","tag-inscricoes-para-programa-de-estagio-da-vale","tag-programa-de-estagio","tag-programa-de-estagio-da-vale","tag-vale","tag-vale-abriu-inscricoes-para-seu-programa-de-estagio"],"_links":{"self":[{"href":"https:\/\/aconteceunovale.com.br\/portal\/index.php?rest_route=\/wp\/v2\/posts\/100691","targetHints":{"allow":["GET"]}}],"collection":[{"href":"https:\/\/aconteceunovale.com.br\/portal\/index.php?rest_route=\/wp\/v2\/posts"}],"about":[{"href":"https:\/\/aconteceunovale.com.br\/portal\/index.php?rest_route=\/wp\/v2\/types\/post"}],"author":[{"embeddable":true,"href":"https:\/\/aconteceunovale.com.br\/portal\/index.php?rest_route=\/wp\/v2\/users\/1"}],"replies":[{"embeddable":true,"href":"https:\/\/aconteceunovale.com.br\/portal\/index.php?rest_route=%2Fwp%2Fv2%2Fcomments&post=100691"}],"version-history":[{"count":0,"href":"https:\/\/aconteceunovale.com.br\/portal\/index.php?rest_route=\/wp\/v2\/posts\/100691\/revisions"}],"wp:featuredmedia":[{"embeddable":true,"href":"https:\/\/aconteceunovale.com.br\/portal\/index.php?rest_route=\/wp\/v2\/media\/100692"}],"wp:attachment":[{"href":"https:\/\/aconteceunovale.com.br\/portal\/index.php?rest_route=%2Fwp%2Fv2%2Fmedia&parent=100691"}],"wp:term":[{"taxonomy":"category","embeddable":true,"href":"https:\/\/aconteceunovale.com.br\/portal\/index.php?rest_route=%2Fwp%2Fv2%2Fcategories&post=100691"},{"taxonomy":"post_tag","embeddable":true,"href":"https:\/\/aconteceunovale.com.br\/portal\/index.php?rest_route=%2Fwp%2Fv2%2Ftags&post=100691"}],"curies":[{"name":"wp","href":"https:\/\/api.w.org\/{rel}","templated":true}]}}