{"id":100676,"date":"2016-10-31T11:38:02","date_gmt":"2016-10-31T14:38:02","guid":{"rendered":"http:\/\/aconteceunovale.com.br\/portal\/?p=100676"},"modified":"2016-10-31T11:38:02","modified_gmt":"2016-10-31T14:38:02","slug":"capelinha-recebe-o-espetaculo-memorias-de-um-quintal-nesta-sexta-feira","status":"publish","type":"post","link":"https:\/\/aconteceunovale.com.br\/portal\/?p=100676","title":{"rendered":"Capelinha recebe o espet\u00e1culo \u201cMem\u00f3rias de um quintal\u201d nesta sexta-feira"},"content":{"rendered":"<p>A Insensata companhia de teatro, com sede em Belo Horizonte, trar\u00e1 pela primeira vez a Capelinha\/MG a apresenta\u00e7\u00e3o do Espet\u00e1culo \u201cMem\u00f3rias de um quintal\u201d, dentro do Projeto Trilha Cultural \/ BDMG CULTURAL. A pe\u00e7a \u00e9 baseada na obra \u201cO Matador\u201d, texto de Wander Piroli que se mistura com as mem\u00f3rias dos pr\u00f3prios atores, que narram e comentam seus apelidos e brincadeiras de inf\u00e2ncia.<\/p>\n<p>\u201cMem\u00f3rias de um quintal\u201d \u00e9 livre para todos os p\u00fablicos e ser\u00e1 apresentado as 19 horas, na Pra\u00e7a do Povo de Capelinha, com entrada gratuita. Ara\u00e7ua\u00ed, Coronel Murta e Diamantina tamb\u00e9m receberam a apresenta\u00e7\u00e3o do espet\u00e1culo.<\/p>\n<p>\u201c\u00c9 recorrente percebermos uma certa repeti\u00e7\u00e3o nas produ\u00e7\u00f5es de espet\u00e1culos infantis, indo em sua maioria, para um caminho muito infantilizado, buscando por exemplo, sempre um final feliz. Para se pensar e trabalhar o teatro infantil, precisamos estar sempre ligados a finais felizes e as f\u00e1bulas com in\u00edcio, meio e fim? Aos pr\u00edncipes e princesas, s\u00e3o esses os \u00fanicos pontos de partida para uma narrativa c\u00eanica destinada a tal p\u00fablico? Essas eram as perguntas iniciais. Partindo desse pressuposto, come\u00e7amos a nos reunir em grupo e compartilhar diversas obras escritas para o p\u00fablico infantil. Neste momento pudemos perceber que, em algumas obras liter\u00e1rias, existiam abordagens diferenciadas\u201d. Diz, Keu Freire, ator e produtor da Insensata Cia de Teatro.<\/p>\n<p><img decoding=\"async\" src=\"http:\/\/aconteceunovale.com.br\/portal\/wp-content\/uploads\/2016\/10\/espetaculo_capelinha_1.jpg\" alt=\"\" \/><em>Capelinha recebe o espet\u00e1culo \u201cMem\u00f3rias de um quintal\u201d (Foto: Reprodu\u00e7\u00e3o\/Blog RegisCap1)<\/em><br \/>\n<\/br><\/p>\n<p><strong>Sinopse<\/strong><\/p>\n<p>Em meio a m\u00fasicas e brincadeiras populares, \u201cMem\u00f3rias de um Quintal\u201d traz \u00e0 cena o duelo entre uma crian\u00e7a e um pardal. Manguinha, sonhava em acertar o p\u00e1ssaro com o seu bodoque, mas sua p\u00e9ssima pontaria fazia dele motivo de chacota. Determinado, depois de muito treinar, finalmente consegue acertar um pardal! Mas o que sentiu nesse momento n\u00e3o foi exatamente a alegria que sempre esperou. A dramaturgia \u00e9 livremente inspirada na obra \u201cO Matador\u201d, texto de Wander Piroli que se mistura com as mem\u00f3rias dos pr\u00f3prios atores, que narram e comentam seus apelidos e brincadeiras de inf\u00e2ncia. <\/p>\n<p><strong>Servi\u00e7o<\/strong><\/p>\n<p>Apresenta\u00e7\u00e3o do Espet\u00e1culo \u201cMem\u00f3rias de um quintal\u201d em Capelinha<\/p>\n<p>Data: Sexta-feira (04\/11), a partir das 19h<br \/>\nLocal: Pra\u00e7a do Povo<br \/>\nValor: Gratuito<\/p>\n<p><img decoding=\"async\" src=\"http:\/\/aconteceunovale.com.br\/portal\/wp-content\/uploads\/2016\/10\/espetaculo_capelinha_2.jpg\" alt=\"\" \/><em>Capelinha recebe o espet\u00e1culo \u201cMem\u00f3rias de um quintal\u201d (Foto: Reprodu\u00e7\u00e3o\/Blog RegisCap1)<\/em><br \/>\n<\/br><\/p>\n<p><em>(Via RegisCap1)<\/em><\/p>\n","protected":false},"excerpt":{"rendered":"<p>A Insensata companhia de teatro, com sede em Belo Horizonte, trar\u00e1 pela primeira vez a Capelinha\/MG a apresenta\u00e7\u00e3o do Espet\u00e1culo \u201cMem\u00f3rias de um quintal\u201d, dentro do Projeto Trilha Cultural \/ BDMG CULTURAL. A pe\u00e7a \u00e9 baseada na obra \u201cO Matador\u201d, texto de Wander Piroli que se mistura com as mem\u00f3rias dos pr\u00f3prios atores, que narram [&hellip;]<\/p>\n","protected":false},"author":1,"featured_media":100677,"comment_status":"open","ping_status":"closed","sticky":false,"template":"","format":"standard","meta":{"amp_status":"","footnotes":""},"categories":[125,120],"tags":[123586,186,123591,132,123585,483,198,123589,123590,123588,123587],"class_list":["post-100676","post","type-post","status-publish","format-standard","has-post-thumbnail","hentry","category-noticias","category-jequi","tag-apresentacao-do-espetaculo-memorias-de-um-quintal-em-capelinha","tag-aracuai","tag-ator-e-produtor-da-insensata-cia-de-teatro","tag-capelinha","tag-capelinha-recebe-o-espetaculo-memorias-de-um-quintal-nesta-sexta-feira","tag-coronel-murta","tag-diamantina","tag-insensata-companhia-de-teatro","tag-keu-freire","tag-memorias-de-um-quintal","tag-memorias-de-um-quintal-em-capelinha"],"_links":{"self":[{"href":"https:\/\/aconteceunovale.com.br\/portal\/index.php?rest_route=\/wp\/v2\/posts\/100676","targetHints":{"allow":["GET"]}}],"collection":[{"href":"https:\/\/aconteceunovale.com.br\/portal\/index.php?rest_route=\/wp\/v2\/posts"}],"about":[{"href":"https:\/\/aconteceunovale.com.br\/portal\/index.php?rest_route=\/wp\/v2\/types\/post"}],"author":[{"embeddable":true,"href":"https:\/\/aconteceunovale.com.br\/portal\/index.php?rest_route=\/wp\/v2\/users\/1"}],"replies":[{"embeddable":true,"href":"https:\/\/aconteceunovale.com.br\/portal\/index.php?rest_route=%2Fwp%2Fv2%2Fcomments&post=100676"}],"version-history":[{"count":0,"href":"https:\/\/aconteceunovale.com.br\/portal\/index.php?rest_route=\/wp\/v2\/posts\/100676\/revisions"}],"wp:featuredmedia":[{"embeddable":true,"href":"https:\/\/aconteceunovale.com.br\/portal\/index.php?rest_route=\/wp\/v2\/media\/100677"}],"wp:attachment":[{"href":"https:\/\/aconteceunovale.com.br\/portal\/index.php?rest_route=%2Fwp%2Fv2%2Fmedia&parent=100676"}],"wp:term":[{"taxonomy":"category","embeddable":true,"href":"https:\/\/aconteceunovale.com.br\/portal\/index.php?rest_route=%2Fwp%2Fv2%2Fcategories&post=100676"},{"taxonomy":"post_tag","embeddable":true,"href":"https:\/\/aconteceunovale.com.br\/portal\/index.php?rest_route=%2Fwp%2Fv2%2Ftags&post=100676"}],"curies":[{"name":"wp","href":"https:\/\/api.w.org\/{rel}","templated":true}]}}