{"id":100651,"date":"2016-10-31T08:17:05","date_gmt":"2016-10-31T11:17:05","guid":{"rendered":"http:\/\/aconteceunovale.com.br\/portal\/?p=100651"},"modified":"2016-10-31T08:17:05","modified_gmt":"2016-10-31T11:17:05","slug":"termina-hoje-prazo-dado-pelo-mec-para-que-estudantes-desocupem-escolas","status":"publish","type":"post","link":"https:\/\/aconteceunovale.com.br\/portal\/?p=100651","title":{"rendered":"Termina hoje prazo dado pelo MEC para que estudantes desocupem escolas"},"content":{"rendered":"<p>Termina hoje (31\/10\/2016) o prazo dado pelo Minist\u00e9rio da Educa\u00e7\u00e3o (MEC) para que os estudantes deixem as escolas, universidades e institutos federais ocupados em protesto contra medidas tomadas pelo governo federal. Caso isso n\u00e3o ocorra, o Exame Nacional do Ensino M\u00e9dio (Enem) ser\u00e1 cancelado nessas localidades.<\/p>\n<p>De acordo com o \u00faltimo balan\u00e7o da Uni\u00e3o Brasileira dos Estudantes Secundaristas (Ubes) s\u00e3o 1.177 locais ocupados em todo o pa\u00eds. N\u00e3o h\u00e1 um balan\u00e7o nacional oficial. Os n\u00fameros locais, no entanto, s\u00e3o diferentes. \u00c9 o caso do Paran\u00e1, por exemplo, onde a Ubes diz que h\u00e1 843 estabelecimentos. enquanto a Secretaria de Educa\u00e7\u00e3o fala em 491.<\/p>\n<p>Conforme o \u00faltimo balan\u00e7o do MEC, divulgado h\u00e1 quase duas semanas, 182 locais de prova estavam ocupados e mais de 95 mil candidatos deveriam fazer o exame nesses espa\u00e7os.<\/p>\n<p>Os estudantes que fazem as ocupa\u00e7\u00f5es s\u00e3o contra a Proposta de Emenda \u00e0 Constitui\u00e7\u00e3o (PEC) 241\/2016. A PEC limita os gastos do governo federal pelos pr\u00f3ximos 20 anos. Estudos mostram que a medida pode reduzir os repasses para a \u00e1rea de educa\u00e7\u00e3o que, limitados por um teto geral, resultar\u00e3o na necessidade de retirada recursos de outras \u00e1reas para investimento no ensino. O governo defende a medida como um ajuste necess\u00e1rio em meio \u00e0 crise que o pa\u00eds enfrenta e diz que educa\u00e7\u00e3o e sa\u00fade n\u00e3o ser\u00e3o prejudicadas.<\/p>\n<p>Eles tamb\u00e9m s\u00e3o contra a reforma do ensino m\u00e9dio, proposta pela Medida Provis\u00f3ria (MP) 746\/2016, enviada ao Congresso. Para o governo, a proposta ir\u00e1 acelerar a reformula\u00e7\u00e3o da etapa de ensino que concentra mais reprova\u00e7\u00f5es e abandono de estudantes. Os alunos argumentam que a reforma deve ser debatida amplamente antes de ser implantada por MP, que come\u00e7a a vigorar imediatamente.<\/p>\n<p>De acordo com o MEC, o prazo dado &#8220;\u00e9 para que ainda haja tempo h\u00e1bil para realiza\u00e7\u00e3o das provas nos locais. Caso as ocupa\u00e7\u00f5es sejam mantidas, prejudicando os alunos que fariam prova nesses locais, o Inep [Instituto Nacional de Estudos e Pesquisas Educacionais An\u00edseio Teixeira] ter\u00e1 de fazer a prova em outra data para aqueles estudantes que n\u00e3o conseguiram. N\u00e3o h\u00e1 data definida porque o MEC ainda aguarda que o bom senso prevale\u00e7a&#8221;, diz o minist\u00e9rio por meio da assessoria de imprensa. (Ag\u00eancia Brasil)<\/p>\n","protected":false},"excerpt":{"rendered":"<p>Termina hoje (31\/10\/2016) o prazo dado pelo Minist\u00e9rio da Educa\u00e7\u00e3o (MEC) para que os estudantes deixem as escolas, universidades e institutos federais ocupados em protesto contra medidas tomadas pelo governo federal. Caso isso n\u00e3o ocorra, o Exame Nacional do Ensino M\u00e9dio (Enem) ser\u00e1 cancelado nessas localidades. De acordo com o \u00faltimo balan\u00e7o da Uni\u00e3o Brasileira [&hellip;]<\/p>\n","protected":false},"author":1,"featured_media":99929,"comment_status":"open","ping_status":"closed","sticky":false,"template":"","format":"standard","meta":{"amp_status":"","footnotes":""},"categories":[6,40238],"tags":[18927,123550,88584,31986,123549,19660,121784,121679,123548,123547],"class_list":["post-100651","post","type-post","status-publish","format-standard","has-post-thumbnail","hentry","category-br","category-educacao-2","tag-alunos","tag-desocupacao-de-escolas","tag-enem-2016","tag-escolas","tag-escolas-ocupadas","tag-estudantes","tag-ocupacao-de-escolas","tag-ocupacoes","tag-prazo-dado-pelo-ministerio-da-educacao-mec-para-que-os-estudantes-deixem-as-escolas","tag-termina-hoje-prazo-dado-pelo-mec-para-que-estudantes-desocupem-escolas"],"_links":{"self":[{"href":"https:\/\/aconteceunovale.com.br\/portal\/index.php?rest_route=\/wp\/v2\/posts\/100651","targetHints":{"allow":["GET"]}}],"collection":[{"href":"https:\/\/aconteceunovale.com.br\/portal\/index.php?rest_route=\/wp\/v2\/posts"}],"about":[{"href":"https:\/\/aconteceunovale.com.br\/portal\/index.php?rest_route=\/wp\/v2\/types\/post"}],"author":[{"embeddable":true,"href":"https:\/\/aconteceunovale.com.br\/portal\/index.php?rest_route=\/wp\/v2\/users\/1"}],"replies":[{"embeddable":true,"href":"https:\/\/aconteceunovale.com.br\/portal\/index.php?rest_route=%2Fwp%2Fv2%2Fcomments&post=100651"}],"version-history":[{"count":0,"href":"https:\/\/aconteceunovale.com.br\/portal\/index.php?rest_route=\/wp\/v2\/posts\/100651\/revisions"}],"wp:featuredmedia":[{"embeddable":true,"href":"https:\/\/aconteceunovale.com.br\/portal\/index.php?rest_route=\/wp\/v2\/media\/99929"}],"wp:attachment":[{"href":"https:\/\/aconteceunovale.com.br\/portal\/index.php?rest_route=%2Fwp%2Fv2%2Fmedia&parent=100651"}],"wp:term":[{"taxonomy":"category","embeddable":true,"href":"https:\/\/aconteceunovale.com.br\/portal\/index.php?rest_route=%2Fwp%2Fv2%2Fcategories&post=100651"},{"taxonomy":"post_tag","embeddable":true,"href":"https:\/\/aconteceunovale.com.br\/portal\/index.php?rest_route=%2Fwp%2Fv2%2Ftags&post=100651"}],"curies":[{"name":"wp","href":"https:\/\/api.w.org\/{rel}","templated":true}]}}