{"id":100645,"date":"2016-10-31T08:09:05","date_gmt":"2016-10-31T11:09:05","guid":{"rendered":"http:\/\/aconteceunovale.com.br\/portal\/?p=100645"},"modified":"2016-10-31T08:09:05","modified_gmt":"2016-10-31T11:09:05","slug":"comeca-nesta-terca-a-vacinacao-do-rebanho-mineiro-contra-a-febre-aftosa","status":"publish","type":"post","link":"https:\/\/aconteceunovale.com.br\/portal\/?p=100645","title":{"rendered":"Come\u00e7a nesta ter\u00e7a a vacina\u00e7\u00e3o do rebanho mineiro contra a febre aftosa"},"content":{"rendered":"<p>Nesta ter\u00e7a-feira (01\/11\/2016), em todo o estado, tem in\u00edcio a segunda etapa de vacina\u00e7\u00e3o anual do rebanho mineiro contra a febre aftosa. Os produtores rurais ter\u00e3o at\u00e9 30 de novembro (quarta-feira) para vacinar os bovinos e bubalinos  de sua propriedade, todos com idade de zero a 24 meses. A primeira etapa de vacina\u00e7\u00e3o ocorreu em maio deste ano.<\/p>\n<p>A vacina\u00e7\u00e3o \u00e9 obrigat\u00f3ria e \u00e9 a forma mais eficiente de se proteger os animais contra a doen\u00e7a. O produtor que n\u00e3o vacinar os animais estar\u00e1 sujeito a multa de 25 Unidades Fiscais do Estado de Minas Gerais (Ufemgs) por animal, o equivalente a R$ 75,27 por cabe\u00e7a. <\/p>\n<p>O Instituto Mineiro de Agropecu\u00e1ria (IMA), vinculado \u00e0 Secretaria de Estado de Agricultura, Pecu\u00e1ria e Abastecimento (Seapa) \u00e9 o \u00f3rg\u00e3o respons\u00e1vel por orientar os produtores, supervisionar e fiscalizar a vacina\u00e7\u00e3o do rebanho. O Instituto estima que dever\u00e3o ser vacinados nesta etapa cerca de 9,6 milh\u00f5es de animais.<\/p>\n<p>Para comprar a vacina o produtor deve apresentar CPF e identidade nas lojas de revenda de produtos veterin\u00e1rios. <\/p>\n<p><img decoding=\"async\" src=\"http:\/\/aconteceunovale.com.br\/portal\/wp-content\/uploads\/2016\/10\/aftosa_vacina.jpg\" alt=\"\" \/><em>Minas completou 20 anos sem registros de ocorr\u00eancia de focos de aftosa (Divulga\u00e7\u00e3o\/IMA)<\/em><br \/>\n<\/br><\/p>\n<p><strong>Cuidados para vacinar <\/strong><\/p>\n<p>O diretor-geral do IMA, Marc\u00edlio de Sousa Magalh\u00e3es, lembra que o produtor deve adotar alguns cuidados que s\u00e3o importantes para garantir a efici\u00eancia da vacina. Entre eles, Magalh\u00e3es alerta para o transporte e armazenamento corretos deste produto. <\/p>\n<p>\u201cDo momento em que forem adquiridas na loja, durante o transporte e  at\u00e9 o momento da aplica\u00e7\u00e3o as vacinas dever\u00e3o permanecer em ambiente refrigerado. \u00c9 fundamental mant\u00ea-las em geladeiras ou em caixas t\u00e9rmicas com muito gelo, de forma que estejam armazenadas em temperatura entre 2 e 8 graus cent\u00edgrados, inclusive no momento da aplica\u00e7\u00e3o. Al\u00e9m disso, deve-se agitar o frasco da vacina antes da utiliza\u00e7\u00e3o e administrar a dose correta, que \u00e9 de 5 ml. S\u00e3o cuidados que ir\u00e3o garantir a efici\u00eancia da vacina\u00e7\u00e3o e a imuniza\u00e7\u00e3o dos animais\u201d, ressalta.  <\/p>\n<p><strong>Comprova\u00e7\u00e3o no site<\/strong> <\/p>\n<p>A legisla\u00e7\u00e3o prev\u00ea como obrigat\u00f3rio que os produtores rurais comprovem a vacina\u00e7\u00e3o dos animais de sua propriedade junto ao IMA. Marc\u00edlio Magalh\u00e3es chama a aten\u00e7\u00e3o dos produtores para que utilizem o site do IMA para fazer essa comprova\u00e7\u00e3o.<\/p>\n<p>\u201c\u00c9 uma forma r\u00e1pida e eficaz de comprovar a vacina\u00e7\u00e3o, sem a necessidade de ter que se deslocar at\u00e9 uma unidade do IMA. Basta que o produtor acesse o endere\u00e7o <a href=\"http:\/\/www.ima.mg.gov.br\/\" target=\"_blank\">www.ima.mg.gov.br<\/a>, onde ter\u00e1 um link para o Formul\u00e1rio de Declara\u00e7\u00e3o de Vacina\u00e7\u00e3o, tamb\u00e9m conhecido como Carta Aviso de Vacina\u00e7\u00e3o, onde ele poder\u00e1 fazer essa  comprova\u00e7\u00e3o\u201d, informa o diretor-geral.<\/p>\n<p>Para fazer essa comprova\u00e7\u00e3o, ser\u00e1 necess\u00e1rio que o produtor tenha em m\u00e3os as notas fiscais de compra da vacina, informa\u00e7\u00f5es necess\u00e1rias para se comprovar a vacina\u00e7\u00e3o. \u201cO IMA oferece essa op\u00e7\u00e3o pelo seu site, o que \u00e9 uma comodidade para os produtores.  Esse link  estar\u00e1 dispon\u00edvel a partir de 1\u00ba. de novembro\u201d, informa Magalh\u00e3es.  <\/p>\n<p><strong>Exporta\u00e7\u00f5es <\/strong><\/p>\n<p>Minas Gerais possui o segundo maior rebanho bovino do Brasil com cerca de 23,5 milh\u00f5es de animais, de acordo com os registros do IMA.  \u00c9 o maior produtor de leite do pa\u00eds com  9,1 bilh\u00f5es de litros\/ano.  De janeiro a setembro deste ano o estado exportou  o equivalente a  US$  269,1 milh\u00f5es em carne bovina. <\/p>\n<p>Neste ano, Minas completou 20 anos sem registros de ocorr\u00eancia de focos de febre aftosa. Com isso, o estado mant\u00e9m o status obtido junto \u00e0 Organiza\u00e7\u00e3o Mundial de Sa\u00fade Animal (OIE) de \u00e1rea livre de febre aftosa com vacina\u00e7\u00e3o, o que lhe permite exportar os produtos da bovinocultura para diversos pa\u00edses, inclusive conquistando novos mercados. (Ag\u00eancia Minas)<\/p>\n","protected":false},"excerpt":{"rendered":"<p>Nesta ter\u00e7a-feira (01\/11\/2016), em todo o estado, tem in\u00edcio a segunda etapa de vacina\u00e7\u00e3o anual do rebanho mineiro contra a febre aftosa. Os produtores rurais ter\u00e3o at\u00e9 30 de novembro (quarta-feira) para vacinar os bovinos e bubalinos de sua propriedade, todos com idade de zero a 24 meses. A primeira etapa de vacina\u00e7\u00e3o ocorreu em [&hellip;]<\/p>\n","protected":false},"author":1,"featured_media":100646,"comment_status":"open","ping_status":"closed","sticky":false,"template":"","format":"standard","meta":{"amp_status":"","footnotes":""},"categories":[123],"tags":[123540,43202,123543,20955,20954,104982,123544,123542,123541,7022,90648,3641,74268,74270],"class_list":["post-100645","post","type-post","status-publish","format-standard","has-post-thumbnail","hentry","category-gerais","tag-comeca-nesta-terca-a-vacinacao-do-rebanho-mineiro-contra-a-febre-aftosa","tag-diretor-geral-do-ima","tag-em-2016","tag-ima","tag-instituto-mineiro-de-agropecuaria","tag-marcilio-de-sousa-magalhaes","tag-minas-gerais-completou-20-anos-sem-registros-de-ocorrencia-de-focos-de-febre-aftosa","tag-produtores-rurais-terao-ate-30-de-novembro-quarta-feira-para-vacinar-os-bovinos-e-bubalinos-de-sua-propriedade","tag-segunda-etapa-de-vacinacao-anual-do-rebanho-mineiro-contra-a-febre-aftosa","tag-vacinacao-contra-a-febre-aftosa","tag-vacinacao-contra-a-febre-aftosa-em-minas-gerais","tag-vacinacao-contra-aftosa","tag-vacinacao-contra-aftosa-em-minas-gerais","tag-vacinacao-do-rebanho-mineiro-contra-a-febre-aftosa"],"_links":{"self":[{"href":"https:\/\/aconteceunovale.com.br\/portal\/index.php?rest_route=\/wp\/v2\/posts\/100645","targetHints":{"allow":["GET"]}}],"collection":[{"href":"https:\/\/aconteceunovale.com.br\/portal\/index.php?rest_route=\/wp\/v2\/posts"}],"about":[{"href":"https:\/\/aconteceunovale.com.br\/portal\/index.php?rest_route=\/wp\/v2\/types\/post"}],"author":[{"embeddable":true,"href":"https:\/\/aconteceunovale.com.br\/portal\/index.php?rest_route=\/wp\/v2\/users\/1"}],"replies":[{"embeddable":true,"href":"https:\/\/aconteceunovale.com.br\/portal\/index.php?rest_route=%2Fwp%2Fv2%2Fcomments&post=100645"}],"version-history":[{"count":0,"href":"https:\/\/aconteceunovale.com.br\/portal\/index.php?rest_route=\/wp\/v2\/posts\/100645\/revisions"}],"wp:featuredmedia":[{"embeddable":true,"href":"https:\/\/aconteceunovale.com.br\/portal\/index.php?rest_route=\/wp\/v2\/media\/100646"}],"wp:attachment":[{"href":"https:\/\/aconteceunovale.com.br\/portal\/index.php?rest_route=%2Fwp%2Fv2%2Fmedia&parent=100645"}],"wp:term":[{"taxonomy":"category","embeddable":true,"href":"https:\/\/aconteceunovale.com.br\/portal\/index.php?rest_route=%2Fwp%2Fv2%2Fcategories&post=100645"},{"taxonomy":"post_tag","embeddable":true,"href":"https:\/\/aconteceunovale.com.br\/portal\/index.php?rest_route=%2Fwp%2Fv2%2Ftags&post=100645"}],"curies":[{"name":"wp","href":"https:\/\/api.w.org\/{rel}","templated":true}]}}