{"id":100640,"date":"2016-10-31T07:42:53","date_gmt":"2016-10-31T10:42:53","guid":{"rendered":"http:\/\/aconteceunovale.com.br\/portal\/?p=100640"},"modified":"2016-10-31T07:42:53","modified_gmt":"2016-10-31T10:42:53","slug":"previsao-do-tempo-para-minas-gerais-nesta-segunda-feira-31-de-outubro","status":"publish","type":"post","link":"https:\/\/aconteceunovale.com.br\/portal\/?p=100640","title":{"rendered":"Previs\u00e3o do tempo para Minas Gerais, nesta segunda-feira, 31 de outubro"},"content":{"rendered":"<h4><strong><em>C\u00e9u parcialmente nublado, com possibilidade de chuvas em algumas regi\u00f5es do estado. Na capital, temperatura m\u00e1xima chega a 27 graus.<\/em><\/strong><\/h4>\n<p>Nesta segunda-feira (31\/10) o tempo segue est\u00e1vel em grande parte do Sudeste brasileiro. Em Minas Gerais o tempo deve ficar parcialmente nublado, com possibilidade de chuva fraca no Rio Doce, Mucuri e Jequitinhonha. C\u00e9u parcialmente nublado, com pancadas de chuva isolada \u00e0 tarde no Noroeste, Norte e Tri\u00e2ngulo Mineiro.<\/p>\n<p>Nas outras regi\u00f5es do estado o tempo deve ficar parcialmente nublado sem chuva.<\/p>\n<p>Na Regi\u00e3o Metropolitana de Belo Horizonte a semana come\u00e7a com tempo parcialmente nublado e sem chuva. Em Belo Horizonte o tempo deve ficar parcialmente nublado, a temperatura deve variar entre 14\u00b0C e 27\u00b0C, com umidade relativa do ar em torno de 50% \u00e0 tarde.<\/p>\n","protected":false},"excerpt":{"rendered":"<p>C\u00e9u parcialmente nublado, com possibilidade de chuvas em algumas regi\u00f5es do estado. Na capital, temperatura m\u00e1xima chega a 27 graus. Nesta segunda-feira (31\/10) o tempo segue est\u00e1vel em grande parte do Sudeste brasileiro. Em Minas Gerais o tempo deve ficar parcialmente nublado, com possibilidade de chuva fraca no Rio Doce, Mucuri e Jequitinhonha. C\u00e9u parcialmente [&hellip;]<\/p>\n","protected":false},"author":1,"featured_media":82499,"comment_status":"open","ping_status":"closed","sticky":false,"template":"","format":"standard","meta":{"amp_status":"","footnotes":""},"categories":[123],"tags":[123533,194,131,44471,1956,27340,123538,86833,123537,1839,123535,28170,123534,123536],"class_list":["post-100640","post","type-post","status-publish","format-standard","has-post-thumbnail","hentry","category-gerais","tag-31-de-outubro","tag-belo-horizonte","tag-minas-gerais","tag-nesta-segunda-feira","tag-previsao-do-tempo","tag-previsao-do-tempo-para-belo-horizonte","tag-previsao-do-tempo-para-belo-horizonte-31-de-outubro","tag-previsao-do-tempo-para-belo-horizonte-nesta-segunda-feira","tag-previsao-do-tempo-para-belo-horizonte-nesta-segunda-feira-31-de-outubro","tag-previsao-do-tempo-para-minas-gerais","tag-previsao-do-tempo-para-minas-gerais-31-de-outubro","tag-previsao-do-tempo-para-minas-gerais-nesta-segunda-feira","tag-previsao-do-tempo-para-minas-gerais-nesta-segunda-feira-31-de-outubro","tag-segunda-feira-31-de-outubro"],"_links":{"self":[{"href":"https:\/\/aconteceunovale.com.br\/portal\/index.php?rest_route=\/wp\/v2\/posts\/100640","targetHints":{"allow":["GET"]}}],"collection":[{"href":"https:\/\/aconteceunovale.com.br\/portal\/index.php?rest_route=\/wp\/v2\/posts"}],"about":[{"href":"https:\/\/aconteceunovale.com.br\/portal\/index.php?rest_route=\/wp\/v2\/types\/post"}],"author":[{"embeddable":true,"href":"https:\/\/aconteceunovale.com.br\/portal\/index.php?rest_route=\/wp\/v2\/users\/1"}],"replies":[{"embeddable":true,"href":"https:\/\/aconteceunovale.com.br\/portal\/index.php?rest_route=%2Fwp%2Fv2%2Fcomments&post=100640"}],"version-history":[{"count":0,"href":"https:\/\/aconteceunovale.com.br\/portal\/index.php?rest_route=\/wp\/v2\/posts\/100640\/revisions"}],"wp:featuredmedia":[{"embeddable":true,"href":"https:\/\/aconteceunovale.com.br\/portal\/index.php?rest_route=\/wp\/v2\/media\/82499"}],"wp:attachment":[{"href":"https:\/\/aconteceunovale.com.br\/portal\/index.php?rest_route=%2Fwp%2Fv2%2Fmedia&parent=100640"}],"wp:term":[{"taxonomy":"category","embeddable":true,"href":"https:\/\/aconteceunovale.com.br\/portal\/index.php?rest_route=%2Fwp%2Fv2%2Fcategories&post=100640"},{"taxonomy":"post_tag","embeddable":true,"href":"https:\/\/aconteceunovale.com.br\/portal\/index.php?rest_route=%2Fwp%2Fv2%2Ftags&post=100640"}],"curies":[{"name":"wp","href":"https:\/\/api.w.org\/{rel}","templated":true}]}}