{"id":100614,"date":"2016-10-30T21:43:40","date_gmt":"2016-10-31T00:43:40","guid":{"rendered":"http:\/\/aconteceunovale.com.br\/portal\/?p=100614"},"modified":"2016-10-30T21:43:40","modified_gmt":"2016-10-31T00:43:40","slug":"eleito-em-bh-kalil-se-diz-aberto-ao-dialogo-cita-alckmin-e-ignora-aecio","status":"publish","type":"post","link":"https:\/\/aconteceunovale.com.br\/portal\/?p=100614","title":{"rendered":"Eleito em BH, Kalil se diz aberto ao di\u00e1logo, cita Alckmin e ignora A\u00e9cio"},"content":{"rendered":"<p>Eleito prefeito de Belo Horizonte neste domingo (30\/10\/2016), Alexandre Kalil (PHS) declarou, ap\u00f3s a confirma\u00e7\u00e3o da vit\u00f3ria, que vai procurar todos os partidos para dialogar. Ele fez men\u00e7\u00e3o ao governador mineiro Fernando Pimentel (PT), ao presidente Michel Temer (PMDB) e ao governador de S\u00e3o Paulo, Geraldo Alckmin (PSDB). Questionado se tamb\u00e9m procuraria o senador mineiro e atual presidente do PSDB, A\u00e9cio Neves, o futuro prefeito da capital desconversou.<\/p>\n<p>\u201cVamos conversar com todo mundo. Com o PT do governador, com o PSDB e vamos tentar conversar com o Alckmin tamb\u00e9m. Vamos tentar conversar com lideran\u00e7as e expoentes de todas as legendas e com o PMDB, de Michel Temer. N\u00f3s somos apartid\u00e1rios e queremos levar o meu governo para todos, n\u00e3o interessa de qual partido a pessoa for\u201d, disse. Eleito com 52,98% dos votos v\u00e1lidos, Alexandre Kalil disputou o segundo turno com Jo\u00e3o Leite (PSDB). O tucano teve 47,02% da prefer\u00eancia do eleitorado.<\/p>\n<p>Apesar de se colocar aberto do di\u00e1logo, ele fez uma pondera\u00e7\u00e3o sobre os seus advers\u00e1rios, mas evitou citar nominalmente A\u00e9cio Neves, padrinho pol\u00edtico da candidatura de Jo\u00e3o Leite. &#8220;Eu respeito meus advers\u00e1rios, mas eles n\u00e3o deixam de ser advers\u00e1rios. Eles foram na televis\u00e3o fazer propaganda contra mim. Eu posso ser um homem bom, de cora\u00e7\u00e3o aberto, e querer lidar com todo mundo, mas o que aconteceu comigo n\u00e3o foi pouca coisa. Eu vou procurar quem eu acho que devo procurar. Opositor n\u00e3o \u00e9 inimigo, mas eu tenho direito de escolher com quem eu quero sentar. \u00c9 uma prerrogativa minha de quem ganhou a elei\u00e7\u00e3o em Belo Horizonte&#8221;, disse.<\/p>\n<p>Kalil disse que se sentiu muito ofendido na campanha e chorou algumas vezes antes de dormir, mas n\u00e3o vai guardar m\u00e1goas. Ele tamb\u00e9m afirmou que n\u00e3o tem receio de que seus advers\u00e1rios atuem para inviabilizar seu governo. &#8220;N\u00e3o acredito nisso. A elei\u00e7\u00e3o acabou. Eu que fui t\u00e3o agredido, estou com o cora\u00e7\u00e3o aberto. Acho que agora \u00e9 governar para o povo&#8221;.<\/p>\n<p>No segundo turno de Belo Horizonte, absten\u00e7\u00f5es (438.968), nulos (230.951) e brancos (72.131) somaram 742.050. Assim como no primeiro turno, este n\u00famero foi superior \u00e0 quantidade de votos do candidato mais votado. Kalil obteve 628.050. O futuro prefeito de Belo Horizonte disse que ainda n\u00e3o recebeu nenhum telefonema de Jo\u00e3o Leite, mas que j\u00e1 foi cumprimentado pelo governador Fernando Pimentel.<\/p>\n<p><strong>Primeiras medidas<\/strong><\/p>\n<p>Repetindo o que havia dito mais cedo ao votar, Kalil reiterou que j\u00e1 na fase de transi\u00e7\u00e3o pretende discutir com o poder p\u00fablico medidas para retirar fam\u00edlias de \u00e1reas de risco. &#8220;N\u00f3s assumimos em janeiro, quando j\u00e1 tem casa caindo e gente morrendo. Ent\u00e3o a primeira provid\u00eancia agora \u00e9 sentar com a prefeitura e o governo do estado e definir a\u00e7\u00f5es concretas para que as chuvas n\u00e3o fa\u00e7am v\u00edtimas como vem fazendo nessa cidade&#8221;. Ele disse que ainda \u00e9 cedo para dizer quais ser\u00e3o as primeiras medidas a serem tomadas ap\u00f3s sua posse. Tamb\u00e9m disse que n\u00e3o definiu o secretariado e que pretende descansar uma semana.<\/p>\n<p>Bem-humorado, o futuro prefeito da capital mineira terminou sua coletiva \u00e0 imprensa fazendo uma piada: &#8220;Acabou coxinha e acabou mortadela. O papo agora \u00e9 quibe&#8221;. Na linguagem popular, coxinha \u00e9 uma palavra usada para designar uma pessoa que se diz de direita, e mortadela para aquele que \u00e9 de esquerda. J\u00e1 o quibe, alimento \u00e1rabe, foi uma refer\u00eancia \u00e0s origens da fam\u00edlia de Alexandre Kalil. A brincadeira refor\u00e7a o discurso que ele adotou ao longo de sua campanha, se proclamando apartid\u00e1rio.<\/p>\n<p><em>(Ag\u00eancia Brasil)<\/em><\/p>\n","protected":false},"excerpt":{"rendered":"<p>Eleito prefeito de Belo Horizonte neste domingo (30\/10\/2016), Alexandre Kalil (PHS) declarou, ap\u00f3s a confirma\u00e7\u00e3o da vit\u00f3ria, que vai procurar todos os partidos para dialogar. Ele fez men\u00e7\u00e3o ao governador mineiro Fernando Pimentel (PT), ao presidente Michel Temer (PMDB) e ao governador de S\u00e3o Paulo, Geraldo Alckmin (PSDB). Questionado se tamb\u00e9m procuraria o senador mineiro [&hellip;]<\/p>\n","protected":false},"author":1,"featured_media":98530,"comment_status":"open","ping_status":"closed","sticky":false,"template":"","format":"standard","meta":{"amp_status":"","footnotes":""},"categories":[79927,123],"tags":[123407,25087,123409,123408,123411,123410,123398,123392,123393,123394,123391,117706,117713,123401,111101,111102,107300,111103,123491,117705,117715,117703,117712,111104,117716,117708,117701,117709,59515,111105,107324,78864,111106,107330,123400,123489,123405,118755,123490,123484,123406,123399,118756,123395,123396,123397,117702,117710,117707,117714,117704,117711,123402,123404,123403],"class_list":["post-100614","post","type-post","status-publish","format-standard","has-post-thumbnail","hentry","category-eleicoes-2016-2","category-gerais","tag-abstencoes-belo-horizonte","tag-alexandre-kalil","tag-alexandre-kalil-e-eleito-prefeito-de-belo-horizonte","tag-alexandre-kalil-e-eleito-prefeito-de-belo-horizonte-no-segundo-turno","tag-alexandre-kalil-vence-joao-leite-em-belo-horizonte","tag-alexandre-kalil-vence-joao-leite-no-segundo-turno","tag-apuracao-belo-horizonte","tag-apuracao-do-segundo-turno-em-belo-horizonte","tag-apuracao-dos-votos-das-eleicoes-2016-em-belo-horizonte","tag-apuracao-dos-votos-das-eleicoes-municipais-2016-em-belo-horizonte","tag-apuracao-dos-votos-em-belo-horizonte","tag-apuracao-eleicoes-2016","tag-apuracao-eleicoes-municipais-2016","tag-apuracao-em-tempo-real-belo-horizonte","tag-candidato-a-prefeito-de-belo-horizonte","tag-candidato-a-prefeito-eleicoes-2016-belo-horizonte","tag-candidatos-a-prefeito-de-belo-horizonte","tag-candidatos-em-belo-horizonte","tag-cita-alckmin-e-ignora-aecio","tag-consultar-apuracao-eleicoes-2016","tag-consultar-apuracao-eleicoes-municipais-2016","tag-consultar-resultados-das-eleicoes-2016","tag-consultar-resultados-das-eleicoes-municipais-2016","tag-disputa-eleitoral-belo-horizonte","tag-divulgacao-apuracao-eleicoes-municipais-2016","tag-divulgacao-da-apuracao-eleicoes-2016","tag-divulgacao-dos-resultados-das-eleicoes-2016","tag-divulgacao-dos-resultados-das-eleicoes-municipais-2016","tag-eleicoes-2016","tag-eleicoes-2016-belo-horizonte","tag-eleicoes-2016-minas-gerais","tag-eleicoes-municipais-2016","tag-eleicoes-municipais-2016-em-belo-horizonte","tag-eleicoes-municipais-2016-minas-gerais","tag-eleito-em-belo-horizonte","tag-eleito-em-bh","tag-eleitorado-de-belo-horizonte","tag-eleitos-em-belo-horizonte","tag-kalil-se-diz-aberto-ao-dialogo","tag-novo-prefeito-de-belo-horizonte","tag-numero-de-eleitores-de-belo-horizonte","tag-prefeito-eleito-em-2016-em-belo-horizonte","tag-prefeito-eleito-em-belo-horizonte","tag-resultado-das-eleicoes-2016-em-belo-horizonte","tag-resultado-das-eleicoes-municipais-2016-em-belo-horizonte","tag-resultado-do-segundo-turno-em-belo-horizonte","tag-resultados-das-eleicoes-2016","tag-resultados-das-eleicoes-municipais-2016","tag-ver-apuracao-eleicoes-2016","tag-ver-apuracao-eleicoes-municipais-2016","tag-ver-resultados-das-eleicoes-2016","tag-ver-resultados-das-eleicoes-municipais-2016","tag-votos-apurados-em-belo-horizonte","tag-votos-brancos-belo-horizonte","tag-votos-nulos-belo-horizonte"],"yoast_head":"<!-- This site is optimized with the Yoast SEO plugin v28.3 - https:\/\/yoast.com\/product\/yoast-seo-wordpress\/ -->\n<title>Eleito em BH, Kalil se diz aberto ao di\u00e1logo, cita Alckmin e ignora A\u00e9cio - Aconteceu no Vale<\/title>\n<meta name=\"robots\" content=\"index, follow, max-snippet:-1, max-image-preview:large, max-video-preview:-1\" \/>\n<link rel=\"canonical\" href=\"https:\/\/aconteceunovale.com.br\/portal\/?p=100614\" \/>\n<meta property=\"og:locale\" content=\"pt_BR\" \/>\n<meta property=\"og:type\" content=\"article\" \/>\n<meta property=\"og:title\" content=\"Eleito em BH, Kalil se diz aberto ao di\u00e1logo, cita Alckmin e ignora A\u00e9cio - Aconteceu no Vale\" \/>\n<meta property=\"og:description\" content=\"Eleito prefeito de Belo Horizonte neste domingo (30\/10\/2016), Alexandre Kalil (PHS) declarou, ap\u00f3s a confirma\u00e7\u00e3o da vit\u00f3ria, que vai procurar todos os partidos para dialogar. Ele fez men\u00e7\u00e3o ao governador mineiro Fernando Pimentel (PT), ao presidente Michel Temer (PMDB) e ao governador de S\u00e3o Paulo, Geraldo Alckmin (PSDB). Questionado se tamb\u00e9m procuraria o senador mineiro [&hellip;]\" \/>\n<meta property=\"og:url\" content=\"https:\/\/aconteceunovale.com.br\/portal\/?p=100614\" \/>\n<meta property=\"og:site_name\" content=\"Aconteceu no Vale\" \/>\n<meta property=\"article:publisher\" content=\"https:\/\/www.facebook.com\/aconteceunovale\/\" \/>\n<meta property=\"article:published_time\" content=\"2016-10-31T00:43:40+00:00\" \/>\n<meta property=\"og:image\" content=\"https:\/\/aconteceunovale.com.br\/portal\/wp-content\/uploads\/2016\/10\/kalil.png\" \/>\n\t<meta property=\"og:image:width\" content=\"553\" \/>\n\t<meta property=\"og:image:height\" content=\"315\" \/>\n\t<meta property=\"og:image:type\" content=\"image\/png\" \/>\n<meta name=\"author\" content=\"Aconteceu no Vale\" \/>\n<meta name=\"twitter:card\" content=\"summary_large_image\" \/>\n<meta name=\"twitter:creator\" content=\"@noticiadosvales\" \/>\n<meta name=\"twitter:site\" content=\"@noticiadosvales\" \/>\n<meta name=\"twitter:label1\" content=\"Escrito por\" \/>\n\t<meta name=\"twitter:data1\" content=\"Aconteceu no Vale\" \/>\n\t<meta name=\"twitter:label2\" content=\"Est. tempo de leitura\" \/>\n\t<meta name=\"twitter:data2\" content=\"3 minutos\" \/>\n<script type=\"application\/ld+json\" class=\"yoast-schema-graph\">{\"@context\":\"https:\\\/\\\/schema.org\",\"@graph\":[{\"@type\":\"Article\",\"@id\":\"https:\\\/\\\/aconteceunovale.com.br\\\/portal\\\/?p=100614#article\",\"isPartOf\":{\"@id\":\"https:\\\/\\\/aconteceunovale.com.br\\\/portal\\\/?p=100614\"},\"author\":{\"name\":\"Aconteceu no Vale\",\"@id\":\"https:\\\/\\\/aconteceunovale.com.br\\\/portal\\\/#\\\/schema\\\/person\\\/633529146f2c94272bef50ac2953d589\"},\"headline\":\"Eleito em BH, Kalil se diz aberto ao di\u00e1logo, cita Alckmin e ignora A\u00e9cio\",\"datePublished\":\"2016-10-31T00:43:40+00:00\",\"mainEntityOfPage\":{\"@id\":\"https:\\\/\\\/aconteceunovale.com.br\\\/portal\\\/?p=100614\"},\"wordCount\":630,\"commentCount\":0,\"image\":{\"@id\":\"https:\\\/\\\/aconteceunovale.com.br\\\/portal\\\/?p=100614#primaryimage\"},\"thumbnailUrl\":\"https:\\\/\\\/aconteceunovale.com.br\\\/portal\\\/wp-content\\\/uploads\\\/2016\\\/10\\\/kalil.png\",\"keywords\":[\"Absten\u00e7\u00f5es Belo Horizonte\",\"Alexandre Kalil\",\"Alexandre Kalil \u00e9 eleito prefeito de Belo Horizonte\",\"Alexandre Kalil \u00e9 eleito prefeito de Belo Horizonte no segundo turno\",\"Alexandre Kalil vence Jo\u00e3o Leite em Belo Horizonte\",\"Alexandre Kalil vence Jo\u00e3o Leite no segundo turno\",\"Apura\u00e7\u00e3o Belo Horizonte\",\"Apura\u00e7\u00e3o do segundo turno em Belo Horizonte\",\"Apura\u00e7\u00e3o dos votos das elei\u00e7\u00f5es 2016 em Belo Horizonte\",\"Apura\u00e7\u00e3o dos votos das elei\u00e7\u00f5es municipais 2016 em Belo Horizonte\",\"Apura\u00e7\u00e3o dos votos em Belo Horizonte\",\"Apura\u00e7\u00e3o Elei\u00e7\u00f5es 2016\",\"Apura\u00e7\u00e3o Elei\u00e7\u00f5es Municipais 2016\",\"Apura\u00e7\u00e3o em tempo real Belo Horizonte\",\"Candidato a prefeito de Belo Horizonte\",\"Candidato a prefeito elei\u00e7\u00f5es 2016 Belo Horizonte\",\"Candidatos a prefeito de Belo Horizonte\",\"Candidatos em Belo Horizonte\",\"cita Alckmin e ignora A\u00e9cio\",\"Consultar Apura\u00e7\u00e3o Elei\u00e7\u00f5es 2016\",\"Consultar Apura\u00e7\u00e3o Elei\u00e7\u00f5es Municipais 2016\",\"Consultar Resultados das Elei\u00e7\u00f5es 2016\",\"Consultar resultados das Elei\u00e7\u00f5es Municipais 2016\",\"Disputa eleitoral Belo Horizonte\",\"Divulga\u00e7\u00e3o Apura\u00e7\u00e3o Elei\u00e7\u00f5es Municipais 2016\",\"Divulga\u00e7\u00e3o da Apura\u00e7\u00e3o Elei\u00e7\u00f5es 2016\",\"Divulga\u00e7\u00e3o dos resultados das Elei\u00e7\u00f5es 2016\",\"Divulga\u00e7\u00e3o dos resultados das Elei\u00e7\u00f5es Municipais 2016\",\"elei\u00e7\u00f5es 2016\",\"Elei\u00e7\u00f5es 2016 Belo Horizonte\",\"Elei\u00e7\u00f5es 2016 Minas Gerais\",\"elei\u00e7\u00f5es municipais 2016\",\"Elei\u00e7\u00f5es municipais 2016 em Belo Horizonte\",\"Elei\u00e7\u00f5es Municipais 2016 Minas Gerais\",\"Eleito em Belo Horizonte\",\"Eleito em BH\",\"Eleitorado de Belo Horizonte\",\"Eleitos em Belo Horizonte\",\"Kalil se diz aberto ao di\u00e1logo\",\"novo prefeito de Belo Horizonte\",\"N\u00famero de eleitores de Belo Horizonte\",\"Prefeito eleito em 2016 em Belo Horizonte\",\"Prefeito eleito em Belo Horizonte\",\"Resultado das elei\u00e7\u00f5es 2016 em Belo Horizonte\",\"Resultado das elei\u00e7\u00f5es municipais 2016 em Belo Horizonte\",\"Resultado do segundo turno em Belo Horizonte\",\"Resultados das Elei\u00e7\u00f5es 2016\",\"resultados das Elei\u00e7\u00f5es Municipais 2016\",\"Ver Apura\u00e7\u00e3o Elei\u00e7\u00f5es 2016\",\"Ver Apura\u00e7\u00e3o Elei\u00e7\u00f5es Municipais 2016\",\"Ver Resultados das Elei\u00e7\u00f5es 2016\",\"Ver resultados das Elei\u00e7\u00f5es Municipais 2016\",\"Votos apurados em Belo Horizonte\",\"Votos brancos Belo Horizonte\",\"Votos nulos Belo Horizonte\"],\"articleSection\":[\"Elei\u00e7\u00f5es 2016\",\"Minas Gerais\"],\"inLanguage\":\"pt-BR\",\"potentialAction\":[{\"@type\":\"CommentAction\",\"name\":\"Comment\",\"target\":[\"https:\\\/\\\/aconteceunovale.com.br\\\/portal\\\/?p=100614#respond\"]}]},{\"@type\":\"WebPage\",\"@id\":\"https:\\\/\\\/aconteceunovale.com.br\\\/portal\\\/?p=100614\",\"url\":\"https:\\\/\\\/aconteceunovale.com.br\\\/portal\\\/?p=100614\",\"name\":\"Eleito em BH, Kalil se diz aberto ao di\u00e1logo, cita Alckmin e ignora A\u00e9cio - Aconteceu no Vale\",\"isPartOf\":{\"@id\":\"https:\\\/\\\/aconteceunovale.com.br\\\/portal\\\/#website\"},\"primaryImageOfPage\":{\"@id\":\"https:\\\/\\\/aconteceunovale.com.br\\\/portal\\\/?p=100614#primaryimage\"},\"image\":{\"@id\":\"https:\\\/\\\/aconteceunovale.com.br\\\/portal\\\/?p=100614#primaryimage\"},\"thumbnailUrl\":\"https:\\\/\\\/aconteceunovale.com.br\\\/portal\\\/wp-content\\\/uploads\\\/2016\\\/10\\\/kalil.png\",\"datePublished\":\"2016-10-31T00:43:40+00:00\",\"author\":{\"@id\":\"https:\\\/\\\/aconteceunovale.com.br\\\/portal\\\/#\\\/schema\\\/person\\\/633529146f2c94272bef50ac2953d589\"},\"breadcrumb\":{\"@id\":\"https:\\\/\\\/aconteceunovale.com.br\\\/portal\\\/?p=100614#breadcrumb\"},\"inLanguage\":\"pt-BR\",\"potentialAction\":[{\"@type\":\"ReadAction\",\"target\":[\"https:\\\/\\\/aconteceunovale.com.br\\\/portal\\\/?p=100614\"]}]},{\"@type\":\"ImageObject\",\"inLanguage\":\"pt-BR\",\"@id\":\"https:\\\/\\\/aconteceunovale.com.br\\\/portal\\\/?p=100614#primaryimage\",\"url\":\"https:\\\/\\\/aconteceunovale.com.br\\\/portal\\\/wp-content\\\/uploads\\\/2016\\\/10\\\/kalil.png\",\"contentUrl\":\"https:\\\/\\\/aconteceunovale.com.br\\\/portal\\\/wp-content\\\/uploads\\\/2016\\\/10\\\/kalil.png\",\"width\":553,\"height\":315},{\"@type\":\"BreadcrumbList\",\"@id\":\"https:\\\/\\\/aconteceunovale.com.br\\\/portal\\\/?p=100614#breadcrumb\",\"itemListElement\":[{\"@type\":\"ListItem\",\"position\":1,\"name\":\"In\u00edcio\",\"item\":\"https:\\\/\\\/aconteceunovale.com.br\\\/portal\\\/\"},{\"@type\":\"ListItem\",\"position\":2,\"name\":\"Eleito em BH, Kalil se diz aberto ao di\u00e1logo, cita Alckmin e ignora A\u00e9cio\"}]},{\"@type\":\"WebSite\",\"@id\":\"https:\\\/\\\/aconteceunovale.com.br\\\/portal\\\/#website\",\"url\":\"https:\\\/\\\/aconteceunovale.com.br\\\/portal\\\/\",\"name\":\"Aconteceu no Vale\",\"description\":\"Portal de Not\u00edcias\",\"potentialAction\":[{\"@type\":\"SearchAction\",\"target\":{\"@type\":\"EntryPoint\",\"urlTemplate\":\"https:\\\/\\\/aconteceunovale.com.br\\\/portal\\\/?s={search_term_string}\"},\"query-input\":{\"@type\":\"PropertyValueSpecification\",\"valueRequired\":true,\"valueName\":\"search_term_string\"}}],\"inLanguage\":\"pt-BR\"},{\"@type\":\"Person\",\"@id\":\"https:\\\/\\\/aconteceunovale.com.br\\\/portal\\\/#\\\/schema\\\/person\\\/633529146f2c94272bef50ac2953d589\",\"name\":\"Aconteceu no Vale\",\"description\":\"Equipe de reportagem do Aconteceu no Vale, portal de not\u00edcias do Vale do Jequitinhonha, em Minas Gerais. Cobrimos as 51 cidades do Vale desde 2013. Sugest\u00f5es de pauta e pedidos de corre\u00e7\u00e3o: contato@aconteceunovale.com.br\",\"sameAs\":[\"http:\\\/\\\/www.aconteceunovale.com.br\"],\"url\":\"https:\\\/\\\/aconteceunovale.com.br\\\/portal\\\/?author=1\"}]}<\/script>\n<!-- \/ Yoast SEO plugin. -->","yoast_head_json":{"title":"Eleito em BH, Kalil se diz aberto ao di\u00e1logo, cita Alckmin e ignora A\u00e9cio - Aconteceu no Vale","robots":{"index":"index","follow":"follow","max-snippet":"max-snippet:-1","max-image-preview":"max-image-preview:large","max-video-preview":"max-video-preview:-1"},"canonical":"https:\/\/aconteceunovale.com.br\/portal\/?p=100614","og_locale":"pt_BR","og_type":"article","og_title":"Eleito em BH, Kalil se diz aberto ao di\u00e1logo, cita Alckmin e ignora A\u00e9cio - Aconteceu no Vale","og_description":"Eleito prefeito de Belo Horizonte neste domingo (30\/10\/2016), Alexandre Kalil (PHS) declarou, ap\u00f3s a confirma\u00e7\u00e3o da vit\u00f3ria, que vai procurar todos os partidos para dialogar. Ele fez men\u00e7\u00e3o ao governador mineiro Fernando Pimentel (PT), ao presidente Michel Temer (PMDB) e ao governador de S\u00e3o Paulo, Geraldo Alckmin (PSDB). Questionado se tamb\u00e9m procuraria o senador mineiro [&hellip;]","og_url":"https:\/\/aconteceunovale.com.br\/portal\/?p=100614","og_site_name":"Aconteceu no Vale","article_publisher":"https:\/\/www.facebook.com\/aconteceunovale\/","article_published_time":"2016-10-31T00:43:40+00:00","og_image":[{"width":553,"height":315,"url":"https:\/\/aconteceunovale.com.br\/portal\/wp-content\/uploads\/2016\/10\/kalil.png","type":"image\/png"}],"author":"Aconteceu no Vale","twitter_card":"summary_large_image","twitter_creator":"@noticiadosvales","twitter_site":"@noticiadosvales","twitter_misc":{"Escrito por":"Aconteceu no Vale","Est. tempo de leitura":"3 minutos"},"schema":{"@context":"https:\/\/schema.org","@graph":[{"@type":"Article","@id":"https:\/\/aconteceunovale.com.br\/portal\/?p=100614#article","isPartOf":{"@id":"https:\/\/aconteceunovale.com.br\/portal\/?p=100614"},"author":{"name":"Aconteceu no Vale","@id":"https:\/\/aconteceunovale.com.br\/portal\/#\/schema\/person\/633529146f2c94272bef50ac2953d589"},"headline":"Eleito em BH, Kalil se diz aberto ao di\u00e1logo, cita Alckmin e ignora A\u00e9cio","datePublished":"2016-10-31T00:43:40+00:00","mainEntityOfPage":{"@id":"https:\/\/aconteceunovale.com.br\/portal\/?p=100614"},"wordCount":630,"commentCount":0,"image":{"@id":"https:\/\/aconteceunovale.com.br\/portal\/?p=100614#primaryimage"},"thumbnailUrl":"https:\/\/aconteceunovale.com.br\/portal\/wp-content\/uploads\/2016\/10\/kalil.png","keywords":["Absten\u00e7\u00f5es Belo Horizonte","Alexandre Kalil","Alexandre Kalil \u00e9 eleito prefeito de Belo Horizonte","Alexandre Kalil \u00e9 eleito prefeito de Belo Horizonte no segundo turno","Alexandre Kalil vence Jo\u00e3o Leite em Belo Horizonte","Alexandre Kalil vence Jo\u00e3o Leite no segundo turno","Apura\u00e7\u00e3o Belo Horizonte","Apura\u00e7\u00e3o do segundo turno em Belo Horizonte","Apura\u00e7\u00e3o dos votos das elei\u00e7\u00f5es 2016 em Belo Horizonte","Apura\u00e7\u00e3o dos votos das elei\u00e7\u00f5es municipais 2016 em Belo Horizonte","Apura\u00e7\u00e3o dos votos em Belo Horizonte","Apura\u00e7\u00e3o Elei\u00e7\u00f5es 2016","Apura\u00e7\u00e3o Elei\u00e7\u00f5es Municipais 2016","Apura\u00e7\u00e3o em tempo real Belo Horizonte","Candidato a prefeito de Belo Horizonte","Candidato a prefeito elei\u00e7\u00f5es 2016 Belo Horizonte","Candidatos a prefeito de Belo Horizonte","Candidatos em Belo Horizonte","cita Alckmin e ignora A\u00e9cio","Consultar Apura\u00e7\u00e3o Elei\u00e7\u00f5es 2016","Consultar Apura\u00e7\u00e3o Elei\u00e7\u00f5es Municipais 2016","Consultar Resultados das Elei\u00e7\u00f5es 2016","Consultar resultados das Elei\u00e7\u00f5es Municipais 2016","Disputa eleitoral Belo Horizonte","Divulga\u00e7\u00e3o Apura\u00e7\u00e3o Elei\u00e7\u00f5es Municipais 2016","Divulga\u00e7\u00e3o da Apura\u00e7\u00e3o Elei\u00e7\u00f5es 2016","Divulga\u00e7\u00e3o dos resultados das Elei\u00e7\u00f5es 2016","Divulga\u00e7\u00e3o dos resultados das Elei\u00e7\u00f5es Municipais 2016","elei\u00e7\u00f5es 2016","Elei\u00e7\u00f5es 2016 Belo Horizonte","Elei\u00e7\u00f5es 2016 Minas Gerais","elei\u00e7\u00f5es municipais 2016","Elei\u00e7\u00f5es municipais 2016 em Belo Horizonte","Elei\u00e7\u00f5es Municipais 2016 Minas Gerais","Eleito em Belo Horizonte","Eleito em BH","Eleitorado de Belo Horizonte","Eleitos em Belo Horizonte","Kalil se diz aberto ao di\u00e1logo","novo prefeito de Belo Horizonte","N\u00famero de eleitores de Belo Horizonte","Prefeito eleito em 2016 em Belo Horizonte","Prefeito eleito em Belo Horizonte","Resultado das elei\u00e7\u00f5es 2016 em Belo Horizonte","Resultado das elei\u00e7\u00f5es municipais 2016 em Belo Horizonte","Resultado do segundo turno em Belo Horizonte","Resultados das Elei\u00e7\u00f5es 2016","resultados das Elei\u00e7\u00f5es Municipais 2016","Ver Apura\u00e7\u00e3o Elei\u00e7\u00f5es 2016","Ver Apura\u00e7\u00e3o Elei\u00e7\u00f5es Municipais 2016","Ver Resultados das Elei\u00e7\u00f5es 2016","Ver resultados das Elei\u00e7\u00f5es Municipais 2016","Votos apurados em Belo Horizonte","Votos brancos Belo Horizonte","Votos nulos Belo Horizonte"],"articleSection":["Elei\u00e7\u00f5es 2016","Minas Gerais"],"inLanguage":"pt-BR","potentialAction":[{"@type":"CommentAction","name":"Comment","target":["https:\/\/aconteceunovale.com.br\/portal\/?p=100614#respond"]}]},{"@type":"WebPage","@id":"https:\/\/aconteceunovale.com.br\/portal\/?p=100614","url":"https:\/\/aconteceunovale.com.br\/portal\/?p=100614","name":"Eleito em BH, Kalil se diz aberto ao di\u00e1logo, cita Alckmin e ignora A\u00e9cio - Aconteceu no Vale","isPartOf":{"@id":"https:\/\/aconteceunovale.com.br\/portal\/#website"},"primaryImageOfPage":{"@id":"https:\/\/aconteceunovale.com.br\/portal\/?p=100614#primaryimage"},"image":{"@id":"https:\/\/aconteceunovale.com.br\/portal\/?p=100614#primaryimage"},"thumbnailUrl":"https:\/\/aconteceunovale.com.br\/portal\/wp-content\/uploads\/2016\/10\/kalil.png","datePublished":"2016-10-31T00:43:40+00:00","author":{"@id":"https:\/\/aconteceunovale.com.br\/portal\/#\/schema\/person\/633529146f2c94272bef50ac2953d589"},"breadcrumb":{"@id":"https:\/\/aconteceunovale.com.br\/portal\/?p=100614#breadcrumb"},"inLanguage":"pt-BR","potentialAction":[{"@type":"ReadAction","target":["https:\/\/aconteceunovale.com.br\/portal\/?p=100614"]}]},{"@type":"ImageObject","inLanguage":"pt-BR","@id":"https:\/\/aconteceunovale.com.br\/portal\/?p=100614#primaryimage","url":"https:\/\/aconteceunovale.com.br\/portal\/wp-content\/uploads\/2016\/10\/kalil.png","contentUrl":"https:\/\/aconteceunovale.com.br\/portal\/wp-content\/uploads\/2016\/10\/kalil.png","width":553,"height":315},{"@type":"BreadcrumbList","@id":"https:\/\/aconteceunovale.com.br\/portal\/?p=100614#breadcrumb","itemListElement":[{"@type":"ListItem","position":1,"name":"In\u00edcio","item":"https:\/\/aconteceunovale.com.br\/portal\/"},{"@type":"ListItem","position":2,"name":"Eleito em BH, Kalil se diz aberto ao di\u00e1logo, cita Alckmin e ignora A\u00e9cio"}]},{"@type":"WebSite","@id":"https:\/\/aconteceunovale.com.br\/portal\/#website","url":"https:\/\/aconteceunovale.com.br\/portal\/","name":"Aconteceu no Vale","description":"Portal de Not\u00edcias","potentialAction":[{"@type":"SearchAction","target":{"@type":"EntryPoint","urlTemplate":"https:\/\/aconteceunovale.com.br\/portal\/?s={search_term_string}"},"query-input":{"@type":"PropertyValueSpecification","valueRequired":true,"valueName":"search_term_string"}}],"inLanguage":"pt-BR"},{"@type":"Person","@id":"https:\/\/aconteceunovale.com.br\/portal\/#\/schema\/person\/633529146f2c94272bef50ac2953d589","name":"Aconteceu no Vale","description":"Equipe de reportagem do Aconteceu no Vale, portal de not\u00edcias do Vale do Jequitinhonha, em Minas Gerais. Cobrimos as 51 cidades do Vale desde 2013. Sugest\u00f5es de pauta e pedidos de corre\u00e7\u00e3o: contato@aconteceunovale.com.br","sameAs":["http:\/\/www.aconteceunovale.com.br"],"url":"https:\/\/aconteceunovale.com.br\/portal\/?author=1"}]}},"_links":{"self":[{"href":"https:\/\/aconteceunovale.com.br\/portal\/index.php?rest_route=\/wp\/v2\/posts\/100614","targetHints":{"allow":["GET"]}}],"collection":[{"href":"https:\/\/aconteceunovale.com.br\/portal\/index.php?rest_route=\/wp\/v2\/posts"}],"about":[{"href":"https:\/\/aconteceunovale.com.br\/portal\/index.php?rest_route=\/wp\/v2\/types\/post"}],"author":[{"embeddable":true,"href":"https:\/\/aconteceunovale.com.br\/portal\/index.php?rest_route=\/wp\/v2\/users\/1"}],"replies":[{"embeddable":true,"href":"https:\/\/aconteceunovale.com.br\/portal\/index.php?rest_route=%2Fwp%2Fv2%2Fcomments&post=100614"}],"version-history":[{"count":0,"href":"https:\/\/aconteceunovale.com.br\/portal\/index.php?rest_route=\/wp\/v2\/posts\/100614\/revisions"}],"wp:featuredmedia":[{"embeddable":true,"href":"https:\/\/aconteceunovale.com.br\/portal\/index.php?rest_route=\/wp\/v2\/media\/98530"}],"wp:attachment":[{"href":"https:\/\/aconteceunovale.com.br\/portal\/index.php?rest_route=%2Fwp%2Fv2%2Fmedia&parent=100614"}],"wp:term":[{"taxonomy":"category","embeddable":true,"href":"https:\/\/aconteceunovale.com.br\/portal\/index.php?rest_route=%2Fwp%2Fv2%2Fcategories&post=100614"},{"taxonomy":"post_tag","embeddable":true,"href":"https:\/\/aconteceunovale.com.br\/portal\/index.php?rest_route=%2Fwp%2Fv2%2Ftags&post=100614"}],"curies":[{"name":"wp","href":"https:\/\/api.w.org\/{rel}","templated":true}]}}