{"id":100369,"date":"2016-10-28T18:23:41","date_gmt":"2016-10-28T21:23:41","guid":{"rendered":"http:\/\/aconteceunovale.com.br\/portal\/?p=100369"},"modified":"2016-10-28T18:23:41","modified_gmt":"2016-10-28T21:23:41","slug":"homem-e-condenado-a-21-anos-de-prisao-por-mandar-matar-cabeleireira-em-timoteo","status":"publish","type":"post","link":"https:\/\/aconteceunovale.com.br\/portal\/?p=100369","title":{"rendered":"Homem \u00e9 condenado a 21 anos de pris\u00e3o por mandar matar cabeleireira em Tim\u00f3teo"},"content":{"rendered":"<p>O acusado de mandar matar a esposa em Tim\u00f3teo foi condenado a 21 anos de pris\u00e3o em regime fechado. O crime ocorreu em outubro de 2015 e a v\u00edtima foi morta a tiros. Maur\u00edlio Bretas Lage, de 57 anos, foi julgado no f\u00f3rum de Coronel Fabriciano. A sess\u00e3o come\u00e7ou na manh\u00e3 de quinta e terminou na madrugada desta sexta-feira (28).<\/p>\n<p>O executor do crime tamb\u00e9m foi julgado durante a sess\u00e3o. Jos\u00e9 Viana Silva Neto, de 20 anos, pegou 9 anos e 6 meses de pris\u00e3o tamb\u00e9m de regime fechado.<\/p>\n<p><strong>Entenda o caso<\/strong><\/p>\n<p>A cabeleireira Mariza Gon\u00e7alves Fialho, de 33 anos, foi assassinada com aproximadamente 10 tiros. No dia do crime, o marido dela informou para a pol\u00edcia que ele e a esposa estavam a caminho de um motel, quando foram abordados por uma dupla armada em uma motocicleta. Os criminosos teriam anunciado um assalto.<\/p>\n<p>Ainda de acordo com o marido, a dupla interceptou o carro em que eles estavam e o garupa pediu que a v\u00edtima descesse do ve\u00edculo e ajoelhasse no ch\u00e3o. Antes de se ajoelhar, a mulher tentou correr. Em seguida, um dos criminosos efetuou os disparos. Ela morreu no local do crime. O marido disse que acionou a pol\u00edcia ap\u00f3s o assassinato.<\/p>\n<p>Por\u00e9m, a Pol\u00edcia Civil desconfiou da vers\u00e3o dada pelo homem, que foi preso em flagrante um dia ap\u00f3s o crime. Ele \u00e9 apontado pela PC como o mandante do assassinato.<\/p>\n<p><img decoding=\"async\" src=\"http:\/\/aconteceunovale.com.br\/portal\/wp-content\/uploads\/2016\/10\/caso_cabelereira_timoteo.jpg\" alt=\"\" \/><em>Os dois homens foram condenados pela morte da cabeleireira (Reprodu\u00e7\u00e3o)<\/em><br \/>\n<\/br><\/p>\n<p><em>(Fonte: G1 dos Vales)<\/em><\/p>\n","protected":false},"excerpt":{"rendered":"<p>O acusado de mandar matar a esposa em Tim\u00f3teo foi condenado a 21 anos de pris\u00e3o em regime fechado. O crime ocorreu em outubro de 2015 e a v\u00edtima foi morta a tiros. Maur\u00edlio Bretas Lage, de 57 anos, foi julgado no f\u00f3rum de Coronel Fabriciano. A sess\u00e3o come\u00e7ou na manh\u00e3 de quinta e terminou [&hellip;]<\/p>\n","protected":false},"author":1,"featured_media":100370,"comment_status":"open","ping_status":"closed","sticky":false,"template":"","format":"standard","meta":{"amp_status":"","footnotes":""},"categories":[121],"tags":[63864,63863,63862,64084,64083,123075,1524,64081,123077,64090,64091,64089,64088,201,64082,64541,64543,64542,63860,63858,63857,63856,64087,64085,123076,64086,63859,63861,64540,64539,64538,1105],"class_list":["post-100369","post","type-post","status-publish","format-standard","has-post-thumbnail","hentry","category-leste","tag-cabeleireira-e-executada-a-tiros-em-coronel-fabriciano","tag-cabeleireira-e-executada-a-tiros-em-timoteo","tag-cabeleireira-e-executada-a-tiros-no-vale-do-aco","tag-cabeleireira-mariza-fialho","tag-cabeleireira-mariza-goncalves-fialho","tag-condenacao-de-maurilio-bretas-lage","tag-coronel-fabriciano","tag-delegado-jorge-caldeira","tag-homem-e-condenado-a-21-anos-de-prisao-por-mandar-matar-cabeleireira-em-timoteo","tag-investigacao-aponta-envolvimento-de-marido-em-assassinato-de-cabeleireira-de-timoteo","tag-investigacao-aponta-envolvimento-de-marido-em-assassinato-de-cabeleireira-em-timoteo","tag-investigacao-aponta-envolvimento-de-marido-em-assassinato-de-cabeleireira-no-vale-do-aco","tag-investigacao-aponta-que-marido-mandou-matar-cabeleireira-no-vale-do-aco","tag-ipatinga","tag-jorge-caldeira","tag-jose-viana-silva-neto","tag-jovem-de-19-anos-se-entrega-a-policia-e-confessa-execucao-de-cabeleireira-em-timoteo","tag-jovem-de-19-anos-se-entrega-a-policia-e-confessa-execucao-de-cabeleireira-no-vale-do-aco","tag-mariza-fialho","tag-mariza-fialho-instituto-de-beleza","tag-mariza-goncalves-fialho","tag-mauricio-bretas-lage","tag-maurilio-bretas","tag-maurilio-bretas-lage","tag-maurilio-bretas-lage-e-condenado","tag-maurilio-lage","tag-morte-da-dona-do-salao-mariza-fialho-instituto-de-beleza","tag-morte-de-mariza-fialho","tag-suspeito-de-matar-cabeleireira-em-timoteo","tag-suspeito-de-matar-cabeleireira-no-vale-do-aco","tag-suspeito-de-matar-cabeleireira-no-vale-do-aco-se-entrega-a-policia","tag-timoteo"],"_links":{"self":[{"href":"https:\/\/aconteceunovale.com.br\/portal\/index.php?rest_route=\/wp\/v2\/posts\/100369","targetHints":{"allow":["GET"]}}],"collection":[{"href":"https:\/\/aconteceunovale.com.br\/portal\/index.php?rest_route=\/wp\/v2\/posts"}],"about":[{"href":"https:\/\/aconteceunovale.com.br\/portal\/index.php?rest_route=\/wp\/v2\/types\/post"}],"author":[{"embeddable":true,"href":"https:\/\/aconteceunovale.com.br\/portal\/index.php?rest_route=\/wp\/v2\/users\/1"}],"replies":[{"embeddable":true,"href":"https:\/\/aconteceunovale.com.br\/portal\/index.php?rest_route=%2Fwp%2Fv2%2Fcomments&post=100369"}],"version-history":[{"count":0,"href":"https:\/\/aconteceunovale.com.br\/portal\/index.php?rest_route=\/wp\/v2\/posts\/100369\/revisions"}],"wp:featuredmedia":[{"embeddable":true,"href":"https:\/\/aconteceunovale.com.br\/portal\/index.php?rest_route=\/wp\/v2\/media\/100370"}],"wp:attachment":[{"href":"https:\/\/aconteceunovale.com.br\/portal\/index.php?rest_route=%2Fwp%2Fv2%2Fmedia&parent=100369"}],"wp:term":[{"taxonomy":"category","embeddable":true,"href":"https:\/\/aconteceunovale.com.br\/portal\/index.php?rest_route=%2Fwp%2Fv2%2Fcategories&post=100369"},{"taxonomy":"post_tag","embeddable":true,"href":"https:\/\/aconteceunovale.com.br\/portal\/index.php?rest_route=%2Fwp%2Fv2%2Ftags&post=100369"}],"curies":[{"name":"wp","href":"https:\/\/api.w.org\/{rel}","templated":true}]}}