{"id":100349,"date":"2016-10-28T16:42:40","date_gmt":"2016-10-28T19:42:40","guid":{"rendered":"http:\/\/aconteceunovale.com.br\/portal\/?p=100349"},"modified":"2016-10-28T22:41:36","modified_gmt":"2016-10-29T01:41:36","slug":"guanhaes-festival-e-adiado-apos-tempestade-destruir-estrutura-do-evento","status":"publish","type":"post","link":"https:\/\/aconteceunovale.com.br\/portal\/?p=100349","title":{"rendered":"Guanh\u00e3es Festival \u00e9 adiado ap\u00f3s tempestade destruir estrutura do evento"},"content":{"rendered":"<p>A chuva de granizo e o forte vento que atingiram a cidade de Guanh\u00e3es (MG), na tarde desta sexta-feira (28\/10\/2016), deixaram um rastro de destrui\u00e7\u00e3o e provocaram o adiamento do Primeiro Guanh\u00e3es Festival, programado para este fim de semana. A ventania destruiu o palco onde aconteceriam as apresenta\u00e7\u00f5es dos cantores sertanejos Fernando &#038; Sorocaba e Gustavo Lima. <\/p>\n<p>A informa\u00e7\u00e3o foi divulgada pelo produtor Fernando Tavernaro. Segundo ele, o evento acontecer\u00e1 nos dias 3, 4 e 5 de novembro (pr\u00f3xima semana). <\/p>\n<p>De acordo com a assessoria de comunica\u00e7\u00e3o do Empres\u00e1rio Jo\u00e3o Wellington, o show da dupla sertaneja Fernando &#038; Sorocaba foi transferido para o dia 3\/11 (quinta-feira). J\u00e1 Gusttavo Lima se apresentar\u00e1 no s\u00e1bado (5\/11). Para a sexta-feira (4\/11), a empresa contratou a dupla Marcos &#038; Belutti. <\/p>\n<p>A assessoria de Jo\u00e3o Wellington informou ainda que o passaporte comprado para esta sexta e s\u00e1bado valer\u00e1 para os tr\u00eas dias da semana que vem.<\/p>\n<p><img decoding=\"async\" src=\"http:\/\/aconteceunovale.com.br\/portal\/wp-content\/uploads\/2016\/10\/guanhaes_festival_nova_data_1.jpg\" alt=\"\" \/><img decoding=\"async\" src=\"http:\/\/aconteceunovale.com.br\/portal\/wp-content\/uploads\/2016\/10\/guanhaes_festival_nova_data_2.jpg\" alt=\"\" \/><\/p>\n<h3><strong>Fotos<\/strong><\/h3>\n<p><img decoding=\"async\" src=\"http:\/\/aconteceunovale.com.br\/portal\/wp-content\/uploads\/2016\/10\/guanhaes_festival_estrutura_1.jpg\" alt=\"\" \/><em>Estrutura do evento foi danificada pela tempestade (Foto: WhatsApp\/Cris Matos)<\/em><br \/>\n<\/br><\/p>\n<p><img decoding=\"async\" src=\"http:\/\/aconteceunovale.com.br\/portal\/wp-content\/uploads\/2016\/10\/guanhaes_festival_estrutura_3.jpg\" alt=\"\" \/><em>Estrutura do evento foi danificada pela tempestade (Foto: WhatsApp\/Douglas Miranda)<\/em><br \/>\n<\/br><\/p>\n<p><img decoding=\"async\" src=\"http:\/\/aconteceunovale.com.br\/portal\/wp-content\/uploads\/2016\/10\/guanhaes_festival_estrutura_4.jpg\" alt=\"\" \/><em>Estrutura do evento foi danificada pela tempestade (Foto: WhatsApp\/Douglas Miranda)<\/em><br \/>\n<\/br><\/p>\n<p><img decoding=\"async\" src=\"http:\/\/aconteceunovale.com.br\/portal\/wp-content\/uploads\/2016\/10\/guanhaes_festival_estrutura_5.jpg\" alt=\"\" \/><em>Estrutura do evento foi danificada pela tempestade (Foto: WhatsApp\/Douglas Miranda)<\/em><br \/>\n<\/br><\/p>\n<p><img decoding=\"async\" src=\"http:\/\/aconteceunovale.com.br\/portal\/wp-content\/uploads\/2016\/10\/guanhaes_festival_estrutura_6.jpg\" alt=\"\" \/><em>Estrutura do evento foi danificada pela tempestade (Foto: WhatsApp\/Douglas Miranda)<\/em><br \/>\n<\/br><\/p>\n<p><img decoding=\"async\" src=\"http:\/\/aconteceunovale.com.br\/portal\/wp-content\/uploads\/2016\/10\/guanhaes_festival_estrutura_7.jpg\" alt=\"\" \/><em>Estrutura do evento foi danificada pela tempestade (Foto: WhatsApp\/Douglas Miranda)<\/em><br \/>\n<\/br><\/p>\n<p><img decoding=\"async\" src=\"http:\/\/aconteceunovale.com.br\/portal\/wp-content\/uploads\/2016\/10\/guanhaes_festival_estrutura_2.jpg\" alt=\"\" \/><em>Tempestade tamb\u00e9m causou estragos na cidade (Foto: WhatsApp\/Cris Matos)<\/em><br \/>\n<\/br><\/p>\n<p><img decoding=\"async\" src=\"http:\/\/aconteceunovale.com.br\/portal\/wp-content\/uploads\/2016\/10\/guanhaes_festival_estrutura_8.jpg\" alt=\"\" \/><em>Tempestade tamb\u00e9m causou estragos na cidade (Foto: R\u00e1dio Vida Nova FM)<\/em><br \/>\n<\/br><\/p>\n<p><img decoding=\"async\" src=\"http:\/\/aconteceunovale.com.br\/portal\/wp-content\/uploads\/2016\/10\/guanhaes_festival_estrutura_9.jpg\" alt=\"\" \/><em>Tempestade tamb\u00e9m causou estragos na cidade (Foto: R\u00e1dio Vida Nova FM)<\/em><br \/>\n<\/br><\/p>\n<p><img decoding=\"async\" src=\"http:\/\/aconteceunovale.com.br\/portal\/wp-content\/uploads\/2016\/10\/guanhaes_festival_estrutura_10.jpg\" alt=\"\" \/><em>Tempestade tamb\u00e9m causou estragos na cidade (Foto: R\u00e1dio Vida Nova FM)<\/em><br \/>\n<\/br><\/p>\n<p><img decoding=\"async\" src=\"http:\/\/aconteceunovale.com.br\/portal\/wp-content\/uploads\/2016\/10\/guanhaes_festival_estrutura_11.jpg\" alt=\"\" \/><em>Tempestade tamb\u00e9m causou estragos na cidade (Foto: R\u00e1dio Vida Nova FM)<\/em><br \/>\n<\/br><\/p>\n<p><img decoding=\"async\" src=\"http:\/\/aconteceunovale.com.br\/portal\/wp-content\/uploads\/2016\/10\/guanhaes_festival_estrutura_12.jpg\" alt=\"\" \/><em>Tempestade tamb\u00e9m causou estragos na cidade (Foto: R\u00e1dio Vida Nova FM)<\/em><br \/>\n<\/br><\/p>\n<p><img decoding=\"async\" src=\"http:\/\/aconteceunovale.com.br\/portal\/wp-content\/uploads\/2016\/10\/guanhaes_festival_estrutura_13.jpg\" alt=\"\" \/><em>Tempestade tamb\u00e9m causou estragos na cidade (Foto: R\u00e1dio Vida Nova FM)<\/em><br \/>\n<\/br><\/p>\n<p><img decoding=\"async\" src=\"http:\/\/aconteceunovale.com.br\/portal\/wp-content\/uploads\/2016\/10\/guanhaes_festival_estrutura_14.jpg\" alt=\"\" \/><em>Tempestade tamb\u00e9m causou estragos na cidade (Foto: R\u00e1dio Vida Nova FM)<\/em><\/p>\n","protected":false},"excerpt":{"rendered":"<p>A chuva de granizo e o forte vento que atingiram a cidade de Guanh\u00e3es (MG), na tarde desta sexta-feira (28\/10\/2016), deixaram um rastro de destrui\u00e7\u00e3o e provocaram o adiamento do Primeiro Guanh\u00e3es Festival, programado para este fim de semana. A ventania destruiu o palco onde aconteceriam as apresenta\u00e7\u00f5es dos cantores sertanejos Fernando &#038; Sorocaba e [&hellip;]<\/p>\n","protected":false},"author":1,"featured_media":100355,"comment_status":"open","ping_status":"closed","sticky":false,"template":"","format":"standard","meta":{"amp_status":"","footnotes":""},"categories":[125,121],"tags":[116132,123073,123069,65259,116296,116304,473,116293,65251,65252,116298,116306,116295,116303,123074,123072,65257,78493,1018,156,158,116291,116292,116307,116134,116136,65258,155,116300,116301,123070,123071,116299,65659,32971,116289,116290,116297,116305,116135,65254,78489,65256,65250,65260,65261,19674,19675,116138,65255,65253,1180,65263,116133,116137,65262,65350,65351,116294,116302],"class_list":["post-100349","post","type-post","status-publish","format-standard","has-post-thumbnail","hentry","category-noticias","category-leste","tag-acao-civil-publica-contra-prefeito-de-guanhaes","tag-adiamento-da-festa-de-guanhaes","tag-adiamento-do-guanhaes-festival","tag-adriano-de-oliveira","tag-agenda-aniversario-de-guanhaes-2016","tag-agenda-guanhaes-festival-2016","tag-aniversario-de-guanhaes","tag-aniversario-de-guanhaes-2016","tag-apreensao-de-documentos-na-prefeitura-de-guanhaes","tag-apreensao-na-prefeitura-de-guanhaes","tag-atracoes-aniversario-de-guanhaes-2016","tag-atracoes-guanhaes-festival-2016","tag-bandas-aniversario-de-guanhaes-2016","tag-bandas-guanhaes-festival-2016","tag-cancelamento-da-festa-de-guanhaes","tag-cancelamento-do-guanhaes-festival","tag-contador-da-prefeitura-de-guanhaes","tag-corrupcao-guanhaes","tag-destaque","tag-empresario-joao-wellington","tag-fernando-sorocaba","tag-fernando-sorocaba-em-guanhaes","tag-fernando-sorocaba-no-aniversario-de-guanhaes","tag-festa-empresario-joao-wellington-em-guanhaes","tag-fraude-em-licitacao-em-guanhaes","tag-fraudes-aniversario-de-guanhaes","tag-georgia-de-fatima-gandra","tag-guanhaes","tag-guanhaes-festival","tag-guanhaes-festival-2016","tag-guanhaes-festival-e-adiado","tag-guanhaes-festival-e-cancelado","tag-guanhaes-festival-tera-shows-com-gusttavo-lima-e-fernando-sorocaba","tag-guilherme-heringer-de-carvalho-rocha","tag-gusttavo-lima","tag-gusttavo-lima-em-guanhaes","tag-gusttavo-lima-no-aniversario-de-guanhaes","tag-ingressos-aniversario-de-guanhaes-2016","tag-ingressos-guanhaes-festival-2016","tag-investigacao-de-fraude-em-licitacao-em-guanhaes","tag-investigacao-na-prefeitura-de-guanhaes","tag-investigacao-prefeito-de-guanhaes","tag-jose-rainero","tag-justica-apreende-computadores-e-documentos-na-prefeitura-de-guanhaes","tag-lair-bueno","tag-lucilene-martins-de-paula","tag-ministerio-publico-de-minas-gerais","tag-mpmg","tag-mpmg-propoe-acao-civil-publica-contra-prefeito-e-empresarios-de-guanhaes-por-fraude-em-licitacao","tag-operacao-cartas-marcadas","tag-operacao-na-prefeitura-de-guanhaes","tag-prefeitura-de-guanhaes","tag-prisao-de-funcionarios-da-prefeitura-de-guanhaes","tag-processo-contra-prefeito-de-guanhaes","tag-promotor-de-justica-guilherme-heringer-de-carvalho-rocha","tag-promotor-luciano-sotero-santiago","tag-servidores-da-prefeitura-de-guanhaes-sao-presos-em-acao-do-ministerio-publico","tag-servidores-da-prefeitura-de-guanhaes-sao-presos-em-operacao-do-ministerio-publico","tag-shows-aniversario-de-guanhaes-2016","tag-shows-guanhaes-festival-2016"],"yoast_head":"<!-- This site is optimized with the Yoast SEO plugin v28.3 - https:\/\/yoast.com\/product\/yoast-seo-wordpress\/ -->\n<title>Guanh\u00e3es Festival \u00e9 adiado ap\u00f3s tempestade destruir estrutura do evento - Aconteceu no Vale<\/title>\n<meta name=\"robots\" content=\"index, follow, max-snippet:-1, max-image-preview:large, max-video-preview:-1\" \/>\n<link rel=\"canonical\" href=\"https:\/\/aconteceunovale.com.br\/portal\/?p=100349\" \/>\n<meta property=\"og:locale\" content=\"pt_BR\" \/>\n<meta property=\"og:type\" content=\"article\" \/>\n<meta property=\"og:title\" content=\"Guanh\u00e3es Festival \u00e9 adiado ap\u00f3s tempestade destruir estrutura do evento - Aconteceu no Vale\" \/>\n<meta property=\"og:description\" content=\"A chuva de granizo e o forte vento que atingiram a cidade de Guanh\u00e3es (MG), na tarde desta sexta-feira (28\/10\/2016), deixaram um rastro de destrui\u00e7\u00e3o e provocaram o adiamento do Primeiro Guanh\u00e3es Festival, programado para este fim de semana. A ventania destruiu o palco onde aconteceriam as apresenta\u00e7\u00f5es dos cantores sertanejos Fernando &#038; Sorocaba e [&hellip;]\" \/>\n<meta property=\"og:url\" content=\"https:\/\/aconteceunovale.com.br\/portal\/?p=100349\" \/>\n<meta property=\"og:site_name\" content=\"Aconteceu no Vale\" \/>\n<meta property=\"article:publisher\" content=\"https:\/\/www.facebook.com\/aconteceunovale\/\" \/>\n<meta property=\"article:published_time\" content=\"2016-10-28T19:42:40+00:00\" \/>\n<meta property=\"article:modified_time\" content=\"2016-10-29T01:41:36+00:00\" \/>\n<meta property=\"og:image\" content=\"https:\/\/aconteceunovale.com.br\/portal\/wp-content\/uploads\/2016\/10\/guanhaes_festival_estrutura_6.jpg\" \/>\n\t<meta property=\"og:image:width\" content=\"678\" \/>\n\t<meta property=\"og:image:height\" content=\"381\" \/>\n\t<meta property=\"og:image:type\" content=\"image\/jpeg\" \/>\n<meta name=\"author\" content=\"Aconteceu no Vale\" \/>\n<meta name=\"twitter:card\" content=\"summary_large_image\" \/>\n<meta name=\"twitter:creator\" content=\"@noticiadosvales\" \/>\n<meta name=\"twitter:site\" content=\"@noticiadosvales\" \/>\n<meta name=\"twitter:label1\" content=\"Escrito por\" \/>\n\t<meta name=\"twitter:data1\" content=\"Aconteceu no Vale\" \/>\n\t<meta name=\"twitter:label2\" content=\"Est. tempo de leitura\" \/>\n\t<meta name=\"twitter:data2\" content=\"2 minutos\" \/>\n<script type=\"application\/ld+json\" class=\"yoast-schema-graph\">{\"@context\":\"https:\\\/\\\/schema.org\",\"@graph\":[{\"@type\":\"Article\",\"@id\":\"https:\\\/\\\/aconteceunovale.com.br\\\/portal\\\/?p=100349#article\",\"isPartOf\":{\"@id\":\"https:\\\/\\\/aconteceunovale.com.br\\\/portal\\\/?p=100349\"},\"author\":{\"name\":\"Aconteceu no Vale\",\"@id\":\"https:\\\/\\\/aconteceunovale.com.br\\\/portal\\\/#\\\/schema\\\/person\\\/633529146f2c94272bef50ac2953d589\"},\"headline\":\"Guanh\u00e3es Festival \u00e9 adiado ap\u00f3s tempestade destruir estrutura do evento\",\"datePublished\":\"2016-10-28T19:42:40+00:00\",\"dateModified\":\"2016-10-29T01:41:36+00:00\",\"mainEntityOfPage\":{\"@id\":\"https:\\\/\\\/aconteceunovale.com.br\\\/portal\\\/?p=100349\"},\"wordCount\":334,\"commentCount\":0,\"image\":{\"@id\":\"https:\\\/\\\/aconteceunovale.com.br\\\/portal\\\/?p=100349#primaryimage\"},\"thumbnailUrl\":\"https:\\\/\\\/aconteceunovale.com.br\\\/portal\\\/wp-content\\\/uploads\\\/2016\\\/10\\\/guanhaes_festival_estrutura_6.jpg\",\"keywords\":[\"A\u00e7\u00e3o civil p\u00fablica contra prefeito de Guanh\u00e3es\",\"Adiamento da festa de Guanh\u00e3es\",\"Adiamento do Guanh\u00e3es Festival\",\"Adriano de Oliveira\",\"Agenda Anivers\u00e1rio de Guanh\u00e3es 2016\",\"Agenda Guanh\u00e3es Festival 2016\",\"Anivers\u00e3rio de Guanh\u00e3es\",\"Anivers\u00e1rio de Guanh\u00e3es 2016\",\"Apreens\u00e3o de documentos na Prefeitura de Guanh\u00e3es\",\"apreens\u00e3o na Prefeitura de Guanh\u00e3es\",\"Atra\u00e7\u00f5es Anivers\u00e1rio de Guanh\u00e3es 2016\",\"Atra\u00e7\u00f5es Guanh\u00e3es Festival 2016\",\"Bandas Anivers\u00e1rio de Guanh\u00e3es 2016\",\"Bandas Guanh\u00e3es Festival 2016\",\"Cancelamento da festa de Guanh\u00e3es\",\"Cancelamento do Guanh\u00e3es Festival\",\"contador da prefeitura de guanh\u00e3es\",\"corrup\u00e7\u00e3o Guanh\u00e3es\",\"destaque\",\"Empresario Jo\u00e3o Wellington\",\"Fernando &amp; Sorocaba\",\"Fernando &amp; Sorocaba em Guanh\u00e3es\",\"Fernando &amp; Sorocaba no anivers\u00e1rio de Guanh\u00e3es\",\"Festa empres\u00e1rio Jo\u00e3o Wellington em Guanh\u00e3es\",\"fraude em licita\u00e7\u00e3o em Guanh\u00e3es\",\"Fraudes anivers\u00e1rio de Guanh\u00e3es\",\"Ge\u00f3rgia de F\u00e1tima Gandra\",\"Guanh\u00e3es\",\"Guanh\u00e3es Festival\",\"Guanh\u00e3es Festival 2016\",\"Guanh\u00e3es Festival \u00e9 adiado\",\"Guanh\u00e3es Festival \u00e9 cancelado\",\"Guanh\u00e3es Festival ter\u00e1 shows com Gusttavo Lima e Fernando &amp; Sorocaba\",\"Guilherme Heringer de Carvalho Rocha\",\"Gusttavo Lima\",\"Gusttavo Lima em Guanh\u00e3es\",\"Gusttavo Lima no anivers\u00e1rio de Guanh\u00e3es\",\"Ingressos Anivers\u00e1rio de Guanh\u00e3es 2016\",\"Ingressos Guanh\u00e3es Festival 2016\",\"Investiga\u00e7\u00e3o de fraude em licita\u00e7\u00e3o em Guanh\u00e3es\",\"investiga\u00e7\u00e3o na prefeitura de guanh\u00e3es\",\"investiga\u00e7\u00e3o prefeito de Guanh\u00e3es\",\"Jos\u00e9 Rainero\",\"Justi\u00e7a apreende computadores e documentos na Prefeitura de Guanh\u00e3es\",\"Lair Bueno\",\"Lucilene Martins de Paula\",\"Minist\u00e9rio P\u00fablico de Minas Gerais\",\"MPMG\",\"MPMG prop\u00f5e A\u00e7\u00e3o Civil P\u00fablica contra prefeito e empres\u00e1rios de Guanh\u00e3es por fraude em licita\u00e7\u00e3o\",\"Opera\u00e7\u00e3o Cartas Marcadas\",\"opera\u00e7\u00e3o na Prefeitura de Guanh\u00e3es\",\"prefeitura de guanh\u00e3es\",\"pris\u00e3o de funcion\u00e1rios da prefeitura de guanh\u00e3es\",\"Processo contra prefeito de Guanh\u00e3es\",\"promotor de Justi\u00e7a Guilherme Heringer de Carvalho Rocha\",\"Promotor Luciano Sotero Santiago\",\"Servidores da prefeitura de Guanh\u00e3es s\u00e3o presos em a\u00e7\u00e3o do Minist\u00e9rio P\u00fablico\",\"Servidores da prefeitura de Guanh\u00e3es s\u00e3o presos em opera\u00e7\u00e3o do Minist\u00e9rio P\u00fablico\",\"Shows Anivers\u00e1rio de Guanh\u00e3es 2016\",\"Shows Guanh\u00e3es Festival 2016\"],\"articleSection\":[\"Eventos\",\"Leste de Minas\"],\"inLanguage\":\"pt-BR\",\"potentialAction\":[{\"@type\":\"CommentAction\",\"name\":\"Comment\",\"target\":[\"https:\\\/\\\/aconteceunovale.com.br\\\/portal\\\/?p=100349#respond\"]}]},{\"@type\":\"WebPage\",\"@id\":\"https:\\\/\\\/aconteceunovale.com.br\\\/portal\\\/?p=100349\",\"url\":\"https:\\\/\\\/aconteceunovale.com.br\\\/portal\\\/?p=100349\",\"name\":\"Guanh\u00e3es Festival \u00e9 adiado ap\u00f3s tempestade destruir estrutura do evento - Aconteceu no Vale\",\"isPartOf\":{\"@id\":\"https:\\\/\\\/aconteceunovale.com.br\\\/portal\\\/#website\"},\"primaryImageOfPage\":{\"@id\":\"https:\\\/\\\/aconteceunovale.com.br\\\/portal\\\/?p=100349#primaryimage\"},\"image\":{\"@id\":\"https:\\\/\\\/aconteceunovale.com.br\\\/portal\\\/?p=100349#primaryimage\"},\"thumbnailUrl\":\"https:\\\/\\\/aconteceunovale.com.br\\\/portal\\\/wp-content\\\/uploads\\\/2016\\\/10\\\/guanhaes_festival_estrutura_6.jpg\",\"datePublished\":\"2016-10-28T19:42:40+00:00\",\"dateModified\":\"2016-10-29T01:41:36+00:00\",\"author\":{\"@id\":\"https:\\\/\\\/aconteceunovale.com.br\\\/portal\\\/#\\\/schema\\\/person\\\/633529146f2c94272bef50ac2953d589\"},\"breadcrumb\":{\"@id\":\"https:\\\/\\\/aconteceunovale.com.br\\\/portal\\\/?p=100349#breadcrumb\"},\"inLanguage\":\"pt-BR\",\"potentialAction\":[{\"@type\":\"ReadAction\",\"target\":[\"https:\\\/\\\/aconteceunovale.com.br\\\/portal\\\/?p=100349\"]}]},{\"@type\":\"ImageObject\",\"inLanguage\":\"pt-BR\",\"@id\":\"https:\\\/\\\/aconteceunovale.com.br\\\/portal\\\/?p=100349#primaryimage\",\"url\":\"https:\\\/\\\/aconteceunovale.com.br\\\/portal\\\/wp-content\\\/uploads\\\/2016\\\/10\\\/guanhaes_festival_estrutura_6.jpg\",\"contentUrl\":\"https:\\\/\\\/aconteceunovale.com.br\\\/portal\\\/wp-content\\\/uploads\\\/2016\\\/10\\\/guanhaes_festival_estrutura_6.jpg\",\"width\":678,\"height\":381},{\"@type\":\"BreadcrumbList\",\"@id\":\"https:\\\/\\\/aconteceunovale.com.br\\\/portal\\\/?p=100349#breadcrumb\",\"itemListElement\":[{\"@type\":\"ListItem\",\"position\":1,\"name\":\"In\u00edcio\",\"item\":\"https:\\\/\\\/aconteceunovale.com.br\\\/portal\\\/\"},{\"@type\":\"ListItem\",\"position\":2,\"name\":\"Guanh\u00e3es Festival \u00e9 adiado ap\u00f3s tempestade destruir estrutura do evento\"}]},{\"@type\":\"WebSite\",\"@id\":\"https:\\\/\\\/aconteceunovale.com.br\\\/portal\\\/#website\",\"url\":\"https:\\\/\\\/aconteceunovale.com.br\\\/portal\\\/\",\"name\":\"Aconteceu no Vale\",\"description\":\"Portal de Not\u00edcias\",\"potentialAction\":[{\"@type\":\"SearchAction\",\"target\":{\"@type\":\"EntryPoint\",\"urlTemplate\":\"https:\\\/\\\/aconteceunovale.com.br\\\/portal\\\/?s={search_term_string}\"},\"query-input\":{\"@type\":\"PropertyValueSpecification\",\"valueRequired\":true,\"valueName\":\"search_term_string\"}}],\"inLanguage\":\"pt-BR\"},{\"@type\":\"Person\",\"@id\":\"https:\\\/\\\/aconteceunovale.com.br\\\/portal\\\/#\\\/schema\\\/person\\\/633529146f2c94272bef50ac2953d589\",\"name\":\"Aconteceu no Vale\",\"description\":\"Equipe de reportagem do Aconteceu no Vale, portal de not\u00edcias do Vale do Jequitinhonha, em Minas Gerais. Cobrimos as 51 cidades do Vale desde 2013. Sugest\u00f5es de pauta e pedidos de corre\u00e7\u00e3o: contato@aconteceunovale.com.br\",\"sameAs\":[\"http:\\\/\\\/www.aconteceunovale.com.br\"],\"url\":\"https:\\\/\\\/aconteceunovale.com.br\\\/portal\\\/?author=1\"}]}<\/script>\n<!-- \/ Yoast SEO plugin. -->","yoast_head_json":{"title":"Guanh\u00e3es Festival \u00e9 adiado ap\u00f3s tempestade destruir estrutura do evento - Aconteceu no Vale","robots":{"index":"index","follow":"follow","max-snippet":"max-snippet:-1","max-image-preview":"max-image-preview:large","max-video-preview":"max-video-preview:-1"},"canonical":"https:\/\/aconteceunovale.com.br\/portal\/?p=100349","og_locale":"pt_BR","og_type":"article","og_title":"Guanh\u00e3es Festival \u00e9 adiado ap\u00f3s tempestade destruir estrutura do evento - Aconteceu no Vale","og_description":"A chuva de granizo e o forte vento que atingiram a cidade de Guanh\u00e3es (MG), na tarde desta sexta-feira (28\/10\/2016), deixaram um rastro de destrui\u00e7\u00e3o e provocaram o adiamento do Primeiro Guanh\u00e3es Festival, programado para este fim de semana. A ventania destruiu o palco onde aconteceriam as apresenta\u00e7\u00f5es dos cantores sertanejos Fernando &#038; Sorocaba e [&hellip;]","og_url":"https:\/\/aconteceunovale.com.br\/portal\/?p=100349","og_site_name":"Aconteceu no Vale","article_publisher":"https:\/\/www.facebook.com\/aconteceunovale\/","article_published_time":"2016-10-28T19:42:40+00:00","article_modified_time":"2016-10-29T01:41:36+00:00","og_image":[{"width":678,"height":381,"url":"https:\/\/aconteceunovale.com.br\/portal\/wp-content\/uploads\/2016\/10\/guanhaes_festival_estrutura_6.jpg","type":"image\/jpeg"}],"author":"Aconteceu no Vale","twitter_card":"summary_large_image","twitter_creator":"@noticiadosvales","twitter_site":"@noticiadosvales","twitter_misc":{"Escrito por":"Aconteceu no Vale","Est. tempo de leitura":"2 minutos"},"schema":{"@context":"https:\/\/schema.org","@graph":[{"@type":"Article","@id":"https:\/\/aconteceunovale.com.br\/portal\/?p=100349#article","isPartOf":{"@id":"https:\/\/aconteceunovale.com.br\/portal\/?p=100349"},"author":{"name":"Aconteceu no Vale","@id":"https:\/\/aconteceunovale.com.br\/portal\/#\/schema\/person\/633529146f2c94272bef50ac2953d589"},"headline":"Guanh\u00e3es Festival \u00e9 adiado ap\u00f3s tempestade destruir estrutura do evento","datePublished":"2016-10-28T19:42:40+00:00","dateModified":"2016-10-29T01:41:36+00:00","mainEntityOfPage":{"@id":"https:\/\/aconteceunovale.com.br\/portal\/?p=100349"},"wordCount":334,"commentCount":0,"image":{"@id":"https:\/\/aconteceunovale.com.br\/portal\/?p=100349#primaryimage"},"thumbnailUrl":"https:\/\/aconteceunovale.com.br\/portal\/wp-content\/uploads\/2016\/10\/guanhaes_festival_estrutura_6.jpg","keywords":["A\u00e7\u00e3o civil p\u00fablica contra prefeito de Guanh\u00e3es","Adiamento da festa de Guanh\u00e3es","Adiamento do Guanh\u00e3es Festival","Adriano de Oliveira","Agenda Anivers\u00e1rio de Guanh\u00e3es 2016","Agenda Guanh\u00e3es Festival 2016","Anivers\u00e3rio de Guanh\u00e3es","Anivers\u00e1rio de Guanh\u00e3es 2016","Apreens\u00e3o de documentos na Prefeitura de Guanh\u00e3es","apreens\u00e3o na Prefeitura de Guanh\u00e3es","Atra\u00e7\u00f5es Anivers\u00e1rio de Guanh\u00e3es 2016","Atra\u00e7\u00f5es Guanh\u00e3es Festival 2016","Bandas Anivers\u00e1rio de Guanh\u00e3es 2016","Bandas Guanh\u00e3es Festival 2016","Cancelamento da festa de Guanh\u00e3es","Cancelamento do Guanh\u00e3es Festival","contador da prefeitura de guanh\u00e3es","corrup\u00e7\u00e3o Guanh\u00e3es","destaque","Empresario Jo\u00e3o Wellington","Fernando &amp; Sorocaba","Fernando &amp; Sorocaba em Guanh\u00e3es","Fernando &amp; Sorocaba no anivers\u00e1rio de Guanh\u00e3es","Festa empres\u00e1rio Jo\u00e3o Wellington em Guanh\u00e3es","fraude em licita\u00e7\u00e3o em Guanh\u00e3es","Fraudes anivers\u00e1rio de Guanh\u00e3es","Ge\u00f3rgia de F\u00e1tima Gandra","Guanh\u00e3es","Guanh\u00e3es Festival","Guanh\u00e3es Festival 2016","Guanh\u00e3es Festival \u00e9 adiado","Guanh\u00e3es Festival \u00e9 cancelado","Guanh\u00e3es Festival ter\u00e1 shows com Gusttavo Lima e Fernando &amp; Sorocaba","Guilherme Heringer de Carvalho Rocha","Gusttavo Lima","Gusttavo Lima em Guanh\u00e3es","Gusttavo Lima no anivers\u00e1rio de Guanh\u00e3es","Ingressos Anivers\u00e1rio de Guanh\u00e3es 2016","Ingressos Guanh\u00e3es Festival 2016","Investiga\u00e7\u00e3o de fraude em licita\u00e7\u00e3o em Guanh\u00e3es","investiga\u00e7\u00e3o na prefeitura de guanh\u00e3es","investiga\u00e7\u00e3o prefeito de Guanh\u00e3es","Jos\u00e9 Rainero","Justi\u00e7a apreende computadores e documentos na Prefeitura de Guanh\u00e3es","Lair Bueno","Lucilene Martins de Paula","Minist\u00e9rio P\u00fablico de Minas Gerais","MPMG","MPMG prop\u00f5e A\u00e7\u00e3o Civil P\u00fablica contra prefeito e empres\u00e1rios de Guanh\u00e3es por fraude em licita\u00e7\u00e3o","Opera\u00e7\u00e3o Cartas Marcadas","opera\u00e7\u00e3o na Prefeitura de Guanh\u00e3es","prefeitura de guanh\u00e3es","pris\u00e3o de funcion\u00e1rios da prefeitura de guanh\u00e3es","Processo contra prefeito de Guanh\u00e3es","promotor de Justi\u00e7a Guilherme Heringer de Carvalho Rocha","Promotor Luciano Sotero Santiago","Servidores da prefeitura de Guanh\u00e3es s\u00e3o presos em a\u00e7\u00e3o do Minist\u00e9rio P\u00fablico","Servidores da prefeitura de Guanh\u00e3es s\u00e3o presos em opera\u00e7\u00e3o do Minist\u00e9rio P\u00fablico","Shows Anivers\u00e1rio de Guanh\u00e3es 2016","Shows Guanh\u00e3es Festival 2016"],"articleSection":["Eventos","Leste de Minas"],"inLanguage":"pt-BR","potentialAction":[{"@type":"CommentAction","name":"Comment","target":["https:\/\/aconteceunovale.com.br\/portal\/?p=100349#respond"]}]},{"@type":"WebPage","@id":"https:\/\/aconteceunovale.com.br\/portal\/?p=100349","url":"https:\/\/aconteceunovale.com.br\/portal\/?p=100349","name":"Guanh\u00e3es Festival \u00e9 adiado ap\u00f3s tempestade destruir estrutura do evento - Aconteceu no Vale","isPartOf":{"@id":"https:\/\/aconteceunovale.com.br\/portal\/#website"},"primaryImageOfPage":{"@id":"https:\/\/aconteceunovale.com.br\/portal\/?p=100349#primaryimage"},"image":{"@id":"https:\/\/aconteceunovale.com.br\/portal\/?p=100349#primaryimage"},"thumbnailUrl":"https:\/\/aconteceunovale.com.br\/portal\/wp-content\/uploads\/2016\/10\/guanhaes_festival_estrutura_6.jpg","datePublished":"2016-10-28T19:42:40+00:00","dateModified":"2016-10-29T01:41:36+00:00","author":{"@id":"https:\/\/aconteceunovale.com.br\/portal\/#\/schema\/person\/633529146f2c94272bef50ac2953d589"},"breadcrumb":{"@id":"https:\/\/aconteceunovale.com.br\/portal\/?p=100349#breadcrumb"},"inLanguage":"pt-BR","potentialAction":[{"@type":"ReadAction","target":["https:\/\/aconteceunovale.com.br\/portal\/?p=100349"]}]},{"@type":"ImageObject","inLanguage":"pt-BR","@id":"https:\/\/aconteceunovale.com.br\/portal\/?p=100349#primaryimage","url":"https:\/\/aconteceunovale.com.br\/portal\/wp-content\/uploads\/2016\/10\/guanhaes_festival_estrutura_6.jpg","contentUrl":"https:\/\/aconteceunovale.com.br\/portal\/wp-content\/uploads\/2016\/10\/guanhaes_festival_estrutura_6.jpg","width":678,"height":381},{"@type":"BreadcrumbList","@id":"https:\/\/aconteceunovale.com.br\/portal\/?p=100349#breadcrumb","itemListElement":[{"@type":"ListItem","position":1,"name":"In\u00edcio","item":"https:\/\/aconteceunovale.com.br\/portal\/"},{"@type":"ListItem","position":2,"name":"Guanh\u00e3es Festival \u00e9 adiado ap\u00f3s tempestade destruir estrutura do evento"}]},{"@type":"WebSite","@id":"https:\/\/aconteceunovale.com.br\/portal\/#website","url":"https:\/\/aconteceunovale.com.br\/portal\/","name":"Aconteceu no Vale","description":"Portal de Not\u00edcias","potentialAction":[{"@type":"SearchAction","target":{"@type":"EntryPoint","urlTemplate":"https:\/\/aconteceunovale.com.br\/portal\/?s={search_term_string}"},"query-input":{"@type":"PropertyValueSpecification","valueRequired":true,"valueName":"search_term_string"}}],"inLanguage":"pt-BR"},{"@type":"Person","@id":"https:\/\/aconteceunovale.com.br\/portal\/#\/schema\/person\/633529146f2c94272bef50ac2953d589","name":"Aconteceu no Vale","description":"Equipe de reportagem do Aconteceu no Vale, portal de not\u00edcias do Vale do Jequitinhonha, em Minas Gerais. Cobrimos as 51 cidades do Vale desde 2013. Sugest\u00f5es de pauta e pedidos de corre\u00e7\u00e3o: contato@aconteceunovale.com.br","sameAs":["http:\/\/www.aconteceunovale.com.br"],"url":"https:\/\/aconteceunovale.com.br\/portal\/?author=1"}]}},"_links":{"self":[{"href":"https:\/\/aconteceunovale.com.br\/portal\/index.php?rest_route=\/wp\/v2\/posts\/100349","targetHints":{"allow":["GET"]}}],"collection":[{"href":"https:\/\/aconteceunovale.com.br\/portal\/index.php?rest_route=\/wp\/v2\/posts"}],"about":[{"href":"https:\/\/aconteceunovale.com.br\/portal\/index.php?rest_route=\/wp\/v2\/types\/post"}],"author":[{"embeddable":true,"href":"https:\/\/aconteceunovale.com.br\/portal\/index.php?rest_route=\/wp\/v2\/users\/1"}],"replies":[{"embeddable":true,"href":"https:\/\/aconteceunovale.com.br\/portal\/index.php?rest_route=%2Fwp%2Fv2%2Fcomments&post=100349"}],"version-history":[{"count":0,"href":"https:\/\/aconteceunovale.com.br\/portal\/index.php?rest_route=\/wp\/v2\/posts\/100349\/revisions"}],"wp:featuredmedia":[{"embeddable":true,"href":"https:\/\/aconteceunovale.com.br\/portal\/index.php?rest_route=\/wp\/v2\/media\/100355"}],"wp:attachment":[{"href":"https:\/\/aconteceunovale.com.br\/portal\/index.php?rest_route=%2Fwp%2Fv2%2Fmedia&parent=100349"}],"wp:term":[{"taxonomy":"category","embeddable":true,"href":"https:\/\/aconteceunovale.com.br\/portal\/index.php?rest_route=%2Fwp%2Fv2%2Fcategories&post=100349"},{"taxonomy":"post_tag","embeddable":true,"href":"https:\/\/aconteceunovale.com.br\/portal\/index.php?rest_route=%2Fwp%2Fv2%2Ftags&post=100349"}],"curies":[{"name":"wp","href":"https:\/\/api.w.org\/{rel}","templated":true}]}}