{"id":100340,"date":"2016-10-28T15:34:52","date_gmt":"2016-10-28T18:34:52","guid":{"rendered":"http:\/\/aconteceunovale.com.br\/portal\/?p=100340"},"modified":"2016-10-28T15:34:52","modified_gmt":"2016-10-28T18:34:52","slug":"ela-e-exemplo-de-carater-diz-renan-sobre-presidente-do-supremo","status":"publish","type":"post","link":"https:\/\/aconteceunovale.com.br\/portal\/?p=100340","title":{"rendered":"&#8220;Ela \u00e9 exemplo de car\u00e1ter&#8221;, diz Renan sobre presidente do Supremo"},"content":{"rendered":"<p>Primeiro a se manifestar depois do encontro entre os chefes dos Tr\u00eas Poderes da Rep\u00fablica, o presidente do Senado, Renan Calheiros (PMDB-AL), disse que a reuni\u00e3o marcada para tratar de problemas de seguran\u00e7a p\u00fablica serviu tamb\u00e9m para que o Congresso Nacional e o Supremo Tribunal Federal (STF) superassem a crise entre os dois Poderes.<\/p>\n<p>\u201cAproveito a oportunidade para dizer que tenho muito orgulho de ser presidente do Congresso Nacional no exato momento em que a presidente Carm\u00e9n L\u00facia \u00e9 presidente do STF. Ela \u00e9 o exemplo do car\u00e1ter que identifica o povo brasileiro\u201d, afirmou.<\/p>\n<p>Esta semana, Renan e a ministra se desentenderam publicamente por causa da Opera\u00e7\u00e3o M\u00e9tis da Pol\u00edcia Federal. Renan criticou a opera\u00e7\u00e3o, que fez buscas na sede da pol\u00edcia legislativa e acabou criticando o juiz que autorizou a a\u00e7\u00e3o e o ministro da Justi\u00e7a, Alexandre de Moraes. A ministra reagiu a manifesta\u00e7\u00e3o do senador afirmando que tomava para si qualquer ofensa a ju\u00edzes.<\/p>\n<p>A cena de Renan e C\u00e1rmem L\u00facia entrando lado a lado para o encontro j\u00e1 sinalizava a tr\u00e9gua entre os dois chefes de Poder. &#8220;A reuni\u00e3o foi muito boa, produtiva e precisa ser repetida&#8221;.<\/p>\n<p>Mesmo antes da reuni\u00e3o, Temer tentou amenizar o clima entre os dois e chegou a afirmar que h\u00e1 um \u201cambiente de harmonia decretado\u201d e que as quest\u00f5es que surgem nestas rela\u00e7\u00f5es entre os Poderes s\u00e3o resolvidas pouco a pouco.<\/p>\n<p><strong>Seguran\u00e7a P\u00fablica<\/strong><\/p>\n<p>A pauta oficial da reuni\u00e3o divulgada pelo Pal\u00e1cio do Planalto era seguran\u00e7a p\u00fablica. A ideia \u00e9 que os tr\u00eas Poderes construam um pacto nacional para a \u00e1rea, na busca por solu\u00e7\u00f5es aos problemas do setor recentemente registrados em estados como Rio Grande do Norte, Maranh\u00e3o, Rio Grande do Sul e Rio de Janeiro. <\/p>\n<p>Responsabilidade dos estados, a \u00e1rea, segundo havia antecipado o presidente Michel Temer, vive um momento de \u201cang\u00fastia\u201d que exige o envolvimento dos tr\u00eas Poderes. Mesmo com a reuni\u00e3o do alto escal\u00e3o, o tema ainda vai ser debatido com governadores e secret\u00e1rios da \u00e1rea.<\/p>\n<p>Coube ao ministro da Defesa, Raul Jungmann, falar sobre o pacto. \u201cRenan ainda prop\u00f4s a cria\u00e7\u00e3o de uma Comiss\u00e3o Parlamentar de Inqu\u00e9rito (CPI) para investigar a participa\u00e7\u00e3o do crime organizado nas elei\u00e7\u00f5es. E a presidente do STF prop\u00f4s a cria\u00e7\u00e3o de uma base de dados \u00fanica para que pudesse exatamente saber qual a realidade prisional do crime e do delito no pa\u00eds\u201d, apontou o ministro.<\/p>\n<p>Outra proposta veio do procurador-geral da Rep\u00fablica, Rodrigo Janot, que defende acordos firmados com pa\u00edses vizinhos, integrantes do Mercosul, para permitir deten\u00e7\u00f5es fora das fronteiras do Brasil. Segundo Jungmann, este acordo j\u00e1 existe e precisaria apenas ser implementado.<\/p>\n<p>Jungmann anunciou que ser\u00e3o criados grupos de trabalho, que ser\u00e3o coordenados por Janot com representantes da Defesa, Justi\u00e7a e Seguran\u00e7a Institucional. Reuni\u00f5es no mesmo modelo da realizada hoje ocorrer\u00e3o periodicamente. \u201cO ministro da Justi\u00e7a apresentou uma proposta cooperativa e o desdobramento ser\u00e1 colocar para os governadores e secret\u00e1rios de Seguran\u00e7a P\u00fablica para promover o desenvolvimento desta proposta. T\u00eam propostas abrangendo temas como droga, armas, processos, C\u00f3digo Penal\u201d, exemplificou.<\/p>\n<p>O ministro da Defesa defendeu, como forma de diminuir a superlota\u00e7\u00e3o dos pres\u00eddios, a aplica\u00e7\u00e3o de penas alternativas para crimes menos violentos.<\/p>\n<p>\u201cAl\u00e9m disso, [falamos sobre] a necessidade de fazer com que as pris\u00f5es sejam de melhor qualidade. Quero dizer o seguinte: Quem est\u00e1 fora [e cometeu crimes] ir para dentro da pris\u00e3o e quem est\u00e1 dentro da pris\u00e3o sem ter cometido crime doloso contra a vida e sem porte de armas pode pegar penas alternativas, reduzindo o sistema penitenci\u00e1rio&#8221;.<\/p>\n<p>Sobre viol\u00eancia policial,  Jungmann mencionou de se reduzir os assassinatos cometidos por agentes da corpora\u00e7\u00e3o e tamb\u00e9m de policiais.<\/p>\n<p><img decoding=\"async\" src=\"http:\/\/aconteceunovale.com.br\/portal\/wp-content\/uploads\/2016\/10\/encontro_tres_poderes.jpg\" alt=\"\" \/><em>Presidente Michel Temer ao lado dos presidentes C\u00e1rmen L\u00facia, do STF, e Renan Calheiros, do Senado Federal, durante reuni\u00e3o sobre seguran\u00e7a p\u00fablica no Itamaraty (Foto: Beto Barata\/PR)<\/em><br \/>\n<\/br><\/p>\n<p><em>(Fonte: Ag\u00eancia Brasil)<\/em><\/p>\n","protected":false},"excerpt":{"rendered":"<p>Primeiro a se manifestar depois do encontro entre os chefes dos Tr\u00eas Poderes da Rep\u00fablica, o presidente do Senado, Renan Calheiros (PMDB-AL), disse que a reuni\u00e3o marcada para tratar de problemas de seguran\u00e7a p\u00fablica serviu tamb\u00e9m para que o Congresso Nacional e o Supremo Tribunal Federal (STF) superassem a crise entre os dois Poderes. \u201cAproveito [&hellip;]<\/p>\n","protected":false},"author":1,"featured_media":100341,"comment_status":"open","ping_status":"closed","sticky":false,"template":"","format":"standard","meta":{"amp_status":"","footnotes":""},"categories":[6],"tags":[123052,77984,123048,123050,123051,20181,31968,100912,28594,123049,28511,28510],"class_list":["post-100340","post","type-post","status-publish","format-standard","has-post-thumbnail","hentry","category-br","tag-carmem-lucia","tag-carmen-lucia","tag-ela-e-exemplo-de-carater","tag-ela-e-exemplo-de-carater-diz-renan-sobre-presidente-do-supremo","tag-encontro-entre-os-chefes-dos-tres-poderes-da-republica","tag-michel-temer","tag-presidente-do-senado","tag-presidente-do-supremo","tag-renan-calheiros","tag-renan-sobre-presidente-do-supremo","tag-stf","tag-supremo-tribunal-federal"],"yoast_head":"<!-- This site is optimized with the Yoast SEO plugin v28.3 - https:\/\/yoast.com\/product\/yoast-seo-wordpress\/ -->\n<title>&quot;Ela \u00e9 exemplo de car\u00e1ter&quot;, diz Renan sobre presidente do Supremo - Aconteceu no Vale<\/title>\n<meta name=\"robots\" content=\"index, follow, max-snippet:-1, max-image-preview:large, max-video-preview:-1\" \/>\n<link rel=\"canonical\" href=\"https:\/\/aconteceunovale.com.br\/portal\/?p=100340\" \/>\n<meta property=\"og:locale\" content=\"pt_BR\" \/>\n<meta property=\"og:type\" content=\"article\" \/>\n<meta property=\"og:title\" content=\"&quot;Ela \u00e9 exemplo de car\u00e1ter&quot;, diz Renan sobre presidente do Supremo - Aconteceu no Vale\" \/>\n<meta property=\"og:description\" content=\"Primeiro a se manifestar depois do encontro entre os chefes dos Tr\u00eas Poderes da Rep\u00fablica, o presidente do Senado, Renan Calheiros (PMDB-AL), disse que a reuni\u00e3o marcada para tratar de problemas de seguran\u00e7a p\u00fablica serviu tamb\u00e9m para que o Congresso Nacional e o Supremo Tribunal Federal (STF) superassem a crise entre os dois Poderes. \u201cAproveito [&hellip;]\" \/>\n<meta property=\"og:url\" content=\"https:\/\/aconteceunovale.com.br\/portal\/?p=100340\" \/>\n<meta property=\"og:site_name\" content=\"Aconteceu no Vale\" \/>\n<meta property=\"article:publisher\" content=\"https:\/\/www.facebook.com\/aconteceunovale\/\" \/>\n<meta property=\"article:published_time\" content=\"2016-10-28T18:34:52+00:00\" \/>\n<meta property=\"og:image\" content=\"https:\/\/aconteceunovale.com.br\/portal\/wp-content\/uploads\/2016\/10\/encontro_tres_poderes.jpg\" \/>\n\t<meta property=\"og:image:width\" content=\"678\" \/>\n\t<meta property=\"og:image:height\" content=\"382\" \/>\n\t<meta property=\"og:image:type\" content=\"image\/jpeg\" \/>\n<meta name=\"author\" content=\"Aconteceu no Vale\" \/>\n<meta name=\"twitter:card\" content=\"summary_large_image\" \/>\n<meta name=\"twitter:creator\" content=\"@noticiadosvales\" \/>\n<meta name=\"twitter:site\" content=\"@noticiadosvales\" \/>\n<meta name=\"twitter:label1\" content=\"Escrito por\" \/>\n\t<meta name=\"twitter:data1\" content=\"Aconteceu no Vale\" \/>\n\t<meta name=\"twitter:label2\" content=\"Est. tempo de leitura\" \/>\n\t<meta name=\"twitter:data2\" content=\"4 minutos\" \/>\n<script type=\"application\/ld+json\" class=\"yoast-schema-graph\">{\"@context\":\"https:\\\/\\\/schema.org\",\"@graph\":[{\"@type\":\"Article\",\"@id\":\"https:\\\/\\\/aconteceunovale.com.br\\\/portal\\\/?p=100340#article\",\"isPartOf\":{\"@id\":\"https:\\\/\\\/aconteceunovale.com.br\\\/portal\\\/?p=100340\"},\"author\":{\"name\":\"Aconteceu no Vale\",\"@id\":\"https:\\\/\\\/aconteceunovale.com.br\\\/portal\\\/#\\\/schema\\\/person\\\/633529146f2c94272bef50ac2953d589\"},\"headline\":\"&#8220;Ela \u00e9 exemplo de car\u00e1ter&#8221;, diz Renan sobre presidente do Supremo\",\"datePublished\":\"2016-10-28T18:34:52+00:00\",\"mainEntityOfPage\":{\"@id\":\"https:\\\/\\\/aconteceunovale.com.br\\\/portal\\\/?p=100340\"},\"wordCount\":717,\"commentCount\":0,\"image\":{\"@id\":\"https:\\\/\\\/aconteceunovale.com.br\\\/portal\\\/?p=100340#primaryimage\"},\"thumbnailUrl\":\"https:\\\/\\\/aconteceunovale.com.br\\\/portal\\\/wp-content\\\/uploads\\\/2016\\\/10\\\/encontro_tres_poderes.jpg\",\"keywords\":[\"C\u00e1rmem L\u00facia\",\"C\u00e1rmen L\u00facia\",\"Ela \u00e9 exemplo de car\u00e1ter\",\"Ela \u00e9 exemplo de car\u00e1ter diz Renan sobre presidente do Supremo\",\"encontro entre os chefes dos Tr\u00eas Poderes da Rep\u00fablica\",\"Michel Temer\",\"presidente do senado\",\"presidente do Supremo\",\"Renan Calheiros\",\"Renan sobre presidente do Supremo\",\"STF\",\"Supremo Tribunal Federal\"],\"articleSection\":[\"Brasil\"],\"inLanguage\":\"pt-BR\",\"potentialAction\":[{\"@type\":\"CommentAction\",\"name\":\"Comment\",\"target\":[\"https:\\\/\\\/aconteceunovale.com.br\\\/portal\\\/?p=100340#respond\"]}]},{\"@type\":\"WebPage\",\"@id\":\"https:\\\/\\\/aconteceunovale.com.br\\\/portal\\\/?p=100340\",\"url\":\"https:\\\/\\\/aconteceunovale.com.br\\\/portal\\\/?p=100340\",\"name\":\"\\\"Ela \u00e9 exemplo de car\u00e1ter\\\", diz Renan sobre presidente do Supremo - Aconteceu no Vale\",\"isPartOf\":{\"@id\":\"https:\\\/\\\/aconteceunovale.com.br\\\/portal\\\/#website\"},\"primaryImageOfPage\":{\"@id\":\"https:\\\/\\\/aconteceunovale.com.br\\\/portal\\\/?p=100340#primaryimage\"},\"image\":{\"@id\":\"https:\\\/\\\/aconteceunovale.com.br\\\/portal\\\/?p=100340#primaryimage\"},\"thumbnailUrl\":\"https:\\\/\\\/aconteceunovale.com.br\\\/portal\\\/wp-content\\\/uploads\\\/2016\\\/10\\\/encontro_tres_poderes.jpg\",\"datePublished\":\"2016-10-28T18:34:52+00:00\",\"author\":{\"@id\":\"https:\\\/\\\/aconteceunovale.com.br\\\/portal\\\/#\\\/schema\\\/person\\\/633529146f2c94272bef50ac2953d589\"},\"breadcrumb\":{\"@id\":\"https:\\\/\\\/aconteceunovale.com.br\\\/portal\\\/?p=100340#breadcrumb\"},\"inLanguage\":\"pt-BR\",\"potentialAction\":[{\"@type\":\"ReadAction\",\"target\":[\"https:\\\/\\\/aconteceunovale.com.br\\\/portal\\\/?p=100340\"]}]},{\"@type\":\"ImageObject\",\"inLanguage\":\"pt-BR\",\"@id\":\"https:\\\/\\\/aconteceunovale.com.br\\\/portal\\\/?p=100340#primaryimage\",\"url\":\"https:\\\/\\\/aconteceunovale.com.br\\\/portal\\\/wp-content\\\/uploads\\\/2016\\\/10\\\/encontro_tres_poderes.jpg\",\"contentUrl\":\"https:\\\/\\\/aconteceunovale.com.br\\\/portal\\\/wp-content\\\/uploads\\\/2016\\\/10\\\/encontro_tres_poderes.jpg\",\"width\":678,\"height\":382},{\"@type\":\"BreadcrumbList\",\"@id\":\"https:\\\/\\\/aconteceunovale.com.br\\\/portal\\\/?p=100340#breadcrumb\",\"itemListElement\":[{\"@type\":\"ListItem\",\"position\":1,\"name\":\"In\u00edcio\",\"item\":\"https:\\\/\\\/aconteceunovale.com.br\\\/portal\\\/\"},{\"@type\":\"ListItem\",\"position\":2,\"name\":\"&#8220;Ela \u00e9 exemplo de car\u00e1ter&#8221;, diz Renan sobre presidente do Supremo\"}]},{\"@type\":\"WebSite\",\"@id\":\"https:\\\/\\\/aconteceunovale.com.br\\\/portal\\\/#website\",\"url\":\"https:\\\/\\\/aconteceunovale.com.br\\\/portal\\\/\",\"name\":\"Aconteceu no Vale\",\"description\":\"Portal de Not\u00edcias\",\"potentialAction\":[{\"@type\":\"SearchAction\",\"target\":{\"@type\":\"EntryPoint\",\"urlTemplate\":\"https:\\\/\\\/aconteceunovale.com.br\\\/portal\\\/?s={search_term_string}\"},\"query-input\":{\"@type\":\"PropertyValueSpecification\",\"valueRequired\":true,\"valueName\":\"search_term_string\"}}],\"inLanguage\":\"pt-BR\"},{\"@type\":\"Person\",\"@id\":\"https:\\\/\\\/aconteceunovale.com.br\\\/portal\\\/#\\\/schema\\\/person\\\/633529146f2c94272bef50ac2953d589\",\"name\":\"Aconteceu no Vale\",\"description\":\"Equipe de reportagem do Aconteceu no Vale, portal de not\u00edcias do Vale do Jequitinhonha, em Minas Gerais. Cobrimos as 51 cidades do Vale desde 2013. Sugest\u00f5es de pauta e pedidos de corre\u00e7\u00e3o: contato@aconteceunovale.com.br\",\"sameAs\":[\"http:\\\/\\\/www.aconteceunovale.com.br\"],\"url\":\"https:\\\/\\\/aconteceunovale.com.br\\\/portal\\\/?author=1\"}]}<\/script>\n<!-- \/ Yoast SEO plugin. -->","yoast_head_json":{"title":"\"Ela \u00e9 exemplo de car\u00e1ter\", diz Renan sobre presidente do Supremo - Aconteceu no Vale","robots":{"index":"index","follow":"follow","max-snippet":"max-snippet:-1","max-image-preview":"max-image-preview:large","max-video-preview":"max-video-preview:-1"},"canonical":"https:\/\/aconteceunovale.com.br\/portal\/?p=100340","og_locale":"pt_BR","og_type":"article","og_title":"\"Ela \u00e9 exemplo de car\u00e1ter\", diz Renan sobre presidente do Supremo - Aconteceu no Vale","og_description":"Primeiro a se manifestar depois do encontro entre os chefes dos Tr\u00eas Poderes da Rep\u00fablica, o presidente do Senado, Renan Calheiros (PMDB-AL), disse que a reuni\u00e3o marcada para tratar de problemas de seguran\u00e7a p\u00fablica serviu tamb\u00e9m para que o Congresso Nacional e o Supremo Tribunal Federal (STF) superassem a crise entre os dois Poderes. \u201cAproveito [&hellip;]","og_url":"https:\/\/aconteceunovale.com.br\/portal\/?p=100340","og_site_name":"Aconteceu no Vale","article_publisher":"https:\/\/www.facebook.com\/aconteceunovale\/","article_published_time":"2016-10-28T18:34:52+00:00","og_image":[{"width":678,"height":382,"url":"https:\/\/aconteceunovale.com.br\/portal\/wp-content\/uploads\/2016\/10\/encontro_tres_poderes.jpg","type":"image\/jpeg"}],"author":"Aconteceu no Vale","twitter_card":"summary_large_image","twitter_creator":"@noticiadosvales","twitter_site":"@noticiadosvales","twitter_misc":{"Escrito por":"Aconteceu no Vale","Est. tempo de leitura":"4 minutos"},"schema":{"@context":"https:\/\/schema.org","@graph":[{"@type":"Article","@id":"https:\/\/aconteceunovale.com.br\/portal\/?p=100340#article","isPartOf":{"@id":"https:\/\/aconteceunovale.com.br\/portal\/?p=100340"},"author":{"name":"Aconteceu no Vale","@id":"https:\/\/aconteceunovale.com.br\/portal\/#\/schema\/person\/633529146f2c94272bef50ac2953d589"},"headline":"&#8220;Ela \u00e9 exemplo de car\u00e1ter&#8221;, diz Renan sobre presidente do Supremo","datePublished":"2016-10-28T18:34:52+00:00","mainEntityOfPage":{"@id":"https:\/\/aconteceunovale.com.br\/portal\/?p=100340"},"wordCount":717,"commentCount":0,"image":{"@id":"https:\/\/aconteceunovale.com.br\/portal\/?p=100340#primaryimage"},"thumbnailUrl":"https:\/\/aconteceunovale.com.br\/portal\/wp-content\/uploads\/2016\/10\/encontro_tres_poderes.jpg","keywords":["C\u00e1rmem L\u00facia","C\u00e1rmen L\u00facia","Ela \u00e9 exemplo de car\u00e1ter","Ela \u00e9 exemplo de car\u00e1ter diz Renan sobre presidente do Supremo","encontro entre os chefes dos Tr\u00eas Poderes da Rep\u00fablica","Michel Temer","presidente do senado","presidente do Supremo","Renan Calheiros","Renan sobre presidente do Supremo","STF","Supremo Tribunal Federal"],"articleSection":["Brasil"],"inLanguage":"pt-BR","potentialAction":[{"@type":"CommentAction","name":"Comment","target":["https:\/\/aconteceunovale.com.br\/portal\/?p=100340#respond"]}]},{"@type":"WebPage","@id":"https:\/\/aconteceunovale.com.br\/portal\/?p=100340","url":"https:\/\/aconteceunovale.com.br\/portal\/?p=100340","name":"\"Ela \u00e9 exemplo de car\u00e1ter\", diz Renan sobre presidente do Supremo - Aconteceu no Vale","isPartOf":{"@id":"https:\/\/aconteceunovale.com.br\/portal\/#website"},"primaryImageOfPage":{"@id":"https:\/\/aconteceunovale.com.br\/portal\/?p=100340#primaryimage"},"image":{"@id":"https:\/\/aconteceunovale.com.br\/portal\/?p=100340#primaryimage"},"thumbnailUrl":"https:\/\/aconteceunovale.com.br\/portal\/wp-content\/uploads\/2016\/10\/encontro_tres_poderes.jpg","datePublished":"2016-10-28T18:34:52+00:00","author":{"@id":"https:\/\/aconteceunovale.com.br\/portal\/#\/schema\/person\/633529146f2c94272bef50ac2953d589"},"breadcrumb":{"@id":"https:\/\/aconteceunovale.com.br\/portal\/?p=100340#breadcrumb"},"inLanguage":"pt-BR","potentialAction":[{"@type":"ReadAction","target":["https:\/\/aconteceunovale.com.br\/portal\/?p=100340"]}]},{"@type":"ImageObject","inLanguage":"pt-BR","@id":"https:\/\/aconteceunovale.com.br\/portal\/?p=100340#primaryimage","url":"https:\/\/aconteceunovale.com.br\/portal\/wp-content\/uploads\/2016\/10\/encontro_tres_poderes.jpg","contentUrl":"https:\/\/aconteceunovale.com.br\/portal\/wp-content\/uploads\/2016\/10\/encontro_tres_poderes.jpg","width":678,"height":382},{"@type":"BreadcrumbList","@id":"https:\/\/aconteceunovale.com.br\/portal\/?p=100340#breadcrumb","itemListElement":[{"@type":"ListItem","position":1,"name":"In\u00edcio","item":"https:\/\/aconteceunovale.com.br\/portal\/"},{"@type":"ListItem","position":2,"name":"&#8220;Ela \u00e9 exemplo de car\u00e1ter&#8221;, diz Renan sobre presidente do Supremo"}]},{"@type":"WebSite","@id":"https:\/\/aconteceunovale.com.br\/portal\/#website","url":"https:\/\/aconteceunovale.com.br\/portal\/","name":"Aconteceu no Vale","description":"Portal de Not\u00edcias","potentialAction":[{"@type":"SearchAction","target":{"@type":"EntryPoint","urlTemplate":"https:\/\/aconteceunovale.com.br\/portal\/?s={search_term_string}"},"query-input":{"@type":"PropertyValueSpecification","valueRequired":true,"valueName":"search_term_string"}}],"inLanguage":"pt-BR"},{"@type":"Person","@id":"https:\/\/aconteceunovale.com.br\/portal\/#\/schema\/person\/633529146f2c94272bef50ac2953d589","name":"Aconteceu no Vale","description":"Equipe de reportagem do Aconteceu no Vale, portal de not\u00edcias do Vale do Jequitinhonha, em Minas Gerais. Cobrimos as 51 cidades do Vale desde 2013. Sugest\u00f5es de pauta e pedidos de corre\u00e7\u00e3o: contato@aconteceunovale.com.br","sameAs":["http:\/\/www.aconteceunovale.com.br"],"url":"https:\/\/aconteceunovale.com.br\/portal\/?author=1"}]}},"_links":{"self":[{"href":"https:\/\/aconteceunovale.com.br\/portal\/index.php?rest_route=\/wp\/v2\/posts\/100340","targetHints":{"allow":["GET"]}}],"collection":[{"href":"https:\/\/aconteceunovale.com.br\/portal\/index.php?rest_route=\/wp\/v2\/posts"}],"about":[{"href":"https:\/\/aconteceunovale.com.br\/portal\/index.php?rest_route=\/wp\/v2\/types\/post"}],"author":[{"embeddable":true,"href":"https:\/\/aconteceunovale.com.br\/portal\/index.php?rest_route=\/wp\/v2\/users\/1"}],"replies":[{"embeddable":true,"href":"https:\/\/aconteceunovale.com.br\/portal\/index.php?rest_route=%2Fwp%2Fv2%2Fcomments&post=100340"}],"version-history":[{"count":0,"href":"https:\/\/aconteceunovale.com.br\/portal\/index.php?rest_route=\/wp\/v2\/posts\/100340\/revisions"}],"wp:featuredmedia":[{"embeddable":true,"href":"https:\/\/aconteceunovale.com.br\/portal\/index.php?rest_route=\/wp\/v2\/media\/100341"}],"wp:attachment":[{"href":"https:\/\/aconteceunovale.com.br\/portal\/index.php?rest_route=%2Fwp%2Fv2%2Fmedia&parent=100340"}],"wp:term":[{"taxonomy":"category","embeddable":true,"href":"https:\/\/aconteceunovale.com.br\/portal\/index.php?rest_route=%2Fwp%2Fv2%2Fcategories&post=100340"},{"taxonomy":"post_tag","embeddable":true,"href":"https:\/\/aconteceunovale.com.br\/portal\/index.php?rest_route=%2Fwp%2Fv2%2Ftags&post=100340"}],"curies":[{"name":"wp","href":"https:\/\/api.w.org\/{rel}","templated":true}]}}