{"id":100337,"date":"2016-10-28T15:07:17","date_gmt":"2016-10-28T18:07:17","guid":{"rendered":"http:\/\/aconteceunovale.com.br\/portal\/?p=100337"},"modified":"2016-10-28T15:07:17","modified_gmt":"2016-10-28T18:07:17","slug":"pacto-pelo-cidadao-reune-metas-de-cada-area-do-governo-de-minas-para-os-proximos-dois-anos","status":"publish","type":"post","link":"https:\/\/aconteceunovale.com.br\/portal\/?p=100337","title":{"rendered":"Pacto pelo Cidad\u00e3o re\u00fane metas de cada \u00e1rea do Governo de Minas para os pr\u00f3ximos dois anos"},"content":{"rendered":"<p>Um novo instrumento de gest\u00e3o de pol\u00edticas p\u00fablicas, o Pacto pelo Cidad\u00e3o, foi institu\u00eddo pelo Governo de Minas Gerais. O texto possui um conjunto de metas que traduz os compromissos do governo com a popula\u00e7\u00e3o do Estado. O Pacto re\u00fane as a\u00e7\u00f5es escolhidas como priorit\u00e1rias pela popula\u00e7\u00e3o durante os F\u00f3runs Regionais e tamb\u00e9m as metas setoriais definidas nos Comit\u00eas Tem\u00e1ticos, institu\u00eddos pelo governador Fernando Pimentel para dinamizar a administra\u00e7\u00e3o p\u00fablica com a presen\u00e7a de todos os secret\u00e1rios.<\/p>\n<p>Cada \u00e1rea do governo pactuou metas final\u00edsticas \u2013 que, de fato, ir\u00e3o fazer diferen\u00e7a na vida das pessoas \u2013 para os pr\u00f3ximos dois anos. Elas est\u00e3o divididas em duas categorias: \u201cMetas Territoriais\u201d, j\u00e1 inseridas no Plano de A\u00e7\u00e3o dos F\u00f3runs Regionais e no Plano de Obras nos Territ\u00f3rios; e \u201cMetas Setoriais\u201d, com as a\u00e7\u00f5es priorit\u00e1rias dos Comit\u00eas Tem\u00e1ticos.<\/p>\n<p>Com o Pacto pelo Cidad\u00e3o, o governo aprimora e intensifica o acompanhamento da execu\u00e7\u00e3o das pol\u00edticas priorit\u00e1rias. A avalia\u00e7\u00e3o peri\u00f3dica do Pacto pelo Cidad\u00e3o ser\u00e1 realizada de forma simplificada e objetiva, e n\u00e3o ter\u00e1 como foco a gera\u00e7\u00e3o de \u201cnotas de desempenho\u201d, mas a elabora\u00e7\u00e3o de relat\u00f3rio de situa\u00e7\u00e3o das entregas com justificativa do andamento das a\u00e7\u00f5es a ser encaminhado e discutido com o governador.<\/p>\n<p>O Pacto pelo Cidad\u00e3o consagra no processo de planejamento o componente da participa\u00e7\u00e3o social como elemento fundamental, possibilitando o acompanhamento intensivo das a\u00e7\u00f5es estrat\u00e9gicas de governo em todas suas etapas. Com isso, amplia-se o controle social sobre todo ciclo das pol\u00edticas p\u00fablicas, observada a necess\u00e1ria margem de flexibilidade e de ajustes diante da conjuntura nacional e internacional. (Ag\u00eancia Minas)<\/p>\n","protected":false},"excerpt":{"rendered":"<p>Um novo instrumento de gest\u00e3o de pol\u00edticas p\u00fablicas, o Pacto pelo Cidad\u00e3o, foi institu\u00eddo pelo Governo de Minas Gerais. O texto possui um conjunto de metas que traduz os compromissos do governo com a popula\u00e7\u00e3o do Estado. O Pacto re\u00fane as a\u00e7\u00f5es escolhidas como priorit\u00e1rias pela popula\u00e7\u00e3o durante os F\u00f3runs Regionais e tamb\u00e9m as metas [&hellip;]<\/p>\n","protected":false},"author":1,"featured_media":100338,"comment_status":"open","ping_status":"closed","sticky":false,"template":"","format":"standard","meta":{"amp_status":"","footnotes":""},"categories":[123],"tags":[123046,12826,29798,123044,123045,123047],"class_list":["post-100337","post","type-post","status-publish","format-standard","has-post-thumbnail","hentry","category-gerais","tag-acoes-escolhidas-como-prioritarias-pela-populacao-durante-os-foruns-regionais","tag-fernando-pimentel","tag-governador-fernando-pimentel","tag-pacto-pelo-cidadao","tag-pacto-pelo-cidadao-do-governo-de-minas","tag-pacto-pelo-cidadao-reune-metas-de-cada-area-do-governo-de-minas-para-os-proximos-dois-anos"],"_links":{"self":[{"href":"https:\/\/aconteceunovale.com.br\/portal\/index.php?rest_route=\/wp\/v2\/posts\/100337","targetHints":{"allow":["GET"]}}],"collection":[{"href":"https:\/\/aconteceunovale.com.br\/portal\/index.php?rest_route=\/wp\/v2\/posts"}],"about":[{"href":"https:\/\/aconteceunovale.com.br\/portal\/index.php?rest_route=\/wp\/v2\/types\/post"}],"author":[{"embeddable":true,"href":"https:\/\/aconteceunovale.com.br\/portal\/index.php?rest_route=\/wp\/v2\/users\/1"}],"replies":[{"embeddable":true,"href":"https:\/\/aconteceunovale.com.br\/portal\/index.php?rest_route=%2Fwp%2Fv2%2Fcomments&post=100337"}],"version-history":[{"count":0,"href":"https:\/\/aconteceunovale.com.br\/portal\/index.php?rest_route=\/wp\/v2\/posts\/100337\/revisions"}],"wp:featuredmedia":[{"embeddable":true,"href":"https:\/\/aconteceunovale.com.br\/portal\/index.php?rest_route=\/wp\/v2\/media\/100338"}],"wp:attachment":[{"href":"https:\/\/aconteceunovale.com.br\/portal\/index.php?rest_route=%2Fwp%2Fv2%2Fmedia&parent=100337"}],"wp:term":[{"taxonomy":"category","embeddable":true,"href":"https:\/\/aconteceunovale.com.br\/portal\/index.php?rest_route=%2Fwp%2Fv2%2Fcategories&post=100337"},{"taxonomy":"post_tag","embeddable":true,"href":"https:\/\/aconteceunovale.com.br\/portal\/index.php?rest_route=%2Fwp%2Fv2%2Ftags&post=100337"}],"curies":[{"name":"wp","href":"https:\/\/api.w.org\/{rel}","templated":true}]}}