{"id":100327,"date":"2016-10-28T09:56:59","date_gmt":"2016-10-28T12:56:59","guid":{"rendered":"http:\/\/aconteceunovale.com.br\/portal\/?p=100327"},"modified":"2016-10-28T09:56:59","modified_gmt":"2016-10-28T12:56:59","slug":"governo-de-minas-amplia-projeto-de-integracao-aerea-e-inclui-cinco-novos-destinos","status":"publish","type":"post","link":"https:\/\/aconteceunovale.com.br\/portal\/?p=100327","title":{"rendered":"Governo de Minas amplia projeto de integra\u00e7\u00e3o a\u00e9rea e inclui cinco novos destinos"},"content":{"rendered":"<p>O Governo do Estado de Minas Gerais, por meio da Companhia de Desenvolvimento Econ\u00f4mico de Minas Gerais (Codemig) e da Secretaria de Estado de Transportes e Obras P\u00fablicas (Setop), inicia a segunda fase do Projeto de Integra\u00e7\u00e3o Regional de Minas Gerais &#8211; Modal A\u00e9reo (PIRMA). Cinco novas cidades foram inclu\u00eddas \u00e0s rotas, que passam a ter, al\u00e9m de voos diretos para o Aeroporto da Pampulha, em Belo Horizonte, op\u00e7\u00f5es de escala, com voos que ligam os munic\u00edpios do interior entre si.<\/p>\n<p>Com as mudan\u00e7as, mais dois dos 17 territ\u00f3rios de desenvolvimento definidos pelo Governo do Estado ser\u00e3o atendidos pelo projeto: Sudoeste e Tri\u00e2ngulo Sul. <\/p>\n<p>As novas cidades inclu\u00eddas ao projeto s\u00e3o: Arax\u00e1, Lavras, Manhua\u00e7u, Passos e Pouso Alegre. Elas ter\u00e3o voos de liga\u00e7\u00e3o com Belo Horizonte e ser\u00e3o inclu\u00eddas aos circuitos criados para conex\u00e3o entre os outros 12 munic\u00edpios da primeira fase do projeto: Curvelo, Diamantina, Divin\u00f3polis, Juiz de Fora, Muria\u00e9, Patos de Minas, Ponte Nova, S\u00e3o Jo\u00e3o del-Rei, Te\u00f3filo Otoni, Ub\u00e1, Varginha e Vi\u00e7osa. Com a cria\u00e7\u00e3o dos circuitos, o projeto oferecer\u00e1 voos diretos e voos com mais de um trecho. <\/p>\n<p>As novas rotas j\u00e1 est\u00e3o dispon\u00edveis para comercializa\u00e7\u00e3o e os novos voos come\u00e7am na quarta-feira (2\/11). A venda dos vouchers continua a ser feita pelo site <a href=\"http:\/\/www.voeminasgerais.com.br\" target=\"_blank\">www.voeminasgerais.com.br<\/a>.<\/p>\n<p>A plataforma de compras tamb\u00e9m foi aprimorada: agora, o cliente possuir\u00e1 uma conta de usu\u00e1rio, por meio da qual poder\u00e1 acessar seu hist\u00f3rico de compras, atualizar dados pessoais e solicitar reembolsos, reemiss\u00f5es, remarca\u00e7\u00f5es e cancelamentos.<\/p>\n<p>Al\u00e9m disso: o web check-in foi viabilizado; a pesquisa de voos oferece resultados mais precisos aos interessados (com op\u00e7\u00f5es do destino para toda a semana); a interface de compras est\u00e1 mais amig\u00e1vel; e o acesso por dispositivos port\u00e1teis foi aperfei\u00e7oado.<\/p>\n<p>Desde seu lan\u00e7amento, o site recebeu mais de 110 mil acessos.<\/p>\n<p><strong>Vouchers<\/strong><\/p>\n<p>O passageiro agora poder\u00e1 adquirir seu voucher at\u00e9 40 minutos antes do voo, havendo disponibilidade. Outra novidade \u00e9 a possibilidade de venda de vouchers no balc\u00e3o de atendimento dos aeroportos. Nos voos com sa\u00edda programada, os usu\u00e1rios poder\u00e3o comprar at\u00e9 a abertura do check-in (venda tipo go-show). Ag\u00eancias tamb\u00e9m poder\u00e3o realizar reserva de bilhete, assegurando o voucher para seus clientes dentro de um prazo pr\u00e9-estabelecido, at\u00e9 a efetiva\u00e7\u00e3o da compra.<\/p>\n<p>As rotas da primeira fase do projeto foram definidas a partir de uma pesquisa, que ouviu mais de 2.000 pessoas em 31 munic\u00edpios. Nesta segunda fase, a partir da avalia\u00e7\u00e3o do primeiro m\u00eas de funcionamento, os voos foram remanejados para garantir a presta\u00e7\u00e3o do servi\u00e7o mais intensa nos locais onde houve maior procura de vouchers e tamb\u00e9m atender a demanda das novas cidades.<\/p>\n<p>Tamb\u00e9m foram consideradas as sugest\u00f5es feitas por passageiros e moradores dos munic\u00edpios atendidos na primeira fase do projeto, sobre dias e hor\u00e1rios dos voos. <\/p>\n<p>O valor dos vouchers varia de R$ 100 a R$ 550, de acordo com a dist\u00e2ncia percorrida. As aeronaves, modelo Cessna Grand Caravan 208 B, transportam at\u00e9 nove passageiros e, em breve, far\u00e3o tamb\u00e9m transporte de carga.<\/p>\n<p><strong>Experi\u00eancia<\/strong><\/p>\n<p>O administrador Rodrigo Sim\u00f5es fez o trajeto de Curvelo a Belo Horizonte, trocando cerca de tr\u00eas horas de estrada por 27 minutos de voo. \u201cFoi muito bom! Avi\u00e3o \u00f3timo, confort\u00e1vel e pessoal competente. Tudo muito bom e n\u00e3o tenho do que reclamar. Espero que o projeto continue, pois pretendo usar bastante. Facilitou minha vida\u201d, afirma. <\/p>\n<p>Outro passageiro que destaca a agilidade e a conveni\u00eancia do transporte a\u00e9reo \u00e9 o m\u00e9dico Guilherme Ant\u00f4nio de Lima e Silva, que viajou de Diamantina at\u00e9 a capital pelo projeto. \u201cToda primeira semana do m\u00eas fa\u00e7o esse trajeto e agora s\u00f3 irei utilizar o PIRMA. Espero, ainda, que incluam mais voos, para ampliar o meu leque de escolhas. Serei cliente costumaz\u201d, diz.   <\/p>\n<p>A seguran\u00e7a oferecida nessa modalidade de voos, ao passageiro e ao transporte de cargas, \u00e9 indicada pelo administrador de empresas e palestrante Jos\u00e9 Roberto Caja\u00edba como um dos pontos fortes do PIRMA. Ele fez o percurso entre Patos de Minas e Belo Horizonte e elogiou a iniciativa.<\/p>\n<p>\u201cViajo muito a trabalho, portanto, preciso muito voar. O projeto me ajudou muito nesse quesito. Al\u00e9m disso, um avi\u00e3o de pequeno porte e um voo curto s\u00e3o muito mais seguros e velozes que uma viagem de carro ou de \u00f4nibus, principalmente para quem transporta cargas e objetos valiosos\u201d, avalia o administrador.<\/p>\n<p><strong>Primeira fase<\/strong><\/p>\n<p>O PIRMA foi lan\u00e7ado em 17 de agosto deste ano e, at\u00e9 o dia 21 de outubro de 2016, realizou cerca de 350 voos. Segundo o presidente da Codemig, Marco Ant\u00f4nio Castello Branco, trata-se de um processo de cria\u00e7\u00e3o de uma nova cultura.<\/p>\n<p>\u201cO uso de aeronaves de pequeno porte para avia\u00e7\u00e3o regional, que \u00e9 comum em outras partes do pa\u00eds, ainda \u00e9 uma iniciativa in\u00e9dita em Minas Gerais. Por isso, acreditamos em um interesse crescente pelo servi\u00e7o. A procura que tivemos por vouchers na rota de Te\u00f3filo Otoni, por exemplo, comprova que h\u00e1 uma demanda dos mineiros por essa forma de transporte, mais \u00e1gil e segura\u201d, refor\u00e7a Castello Branco.<\/p>\n<p>As tr\u00eas rotas onde houve maior procura de vouchers na primeira fase do projeto foram Te\u00f3filo Otoni, Vi\u00e7osa e S\u00e3o Jo\u00e3o del-Rei. Na sequ\u00eancia, Diamantina, Patos de Minas e Juiz de Fora tamb\u00e9m tiveram uma procura de destaque.<\/p>\n<p><strong>PIRMA e avia\u00e7\u00e3o<\/strong><\/p>\n<p>O Projeto de Integra\u00e7\u00e3o Regional de Minas Gerais &#8211; Modal A\u00e9reo busca fomentar os neg\u00f3cios locais, desenvolver o turismo, integrar as diversas regi\u00f5es do estado e facilitar o deslocamento de moradores do interior para Belo Horizonte, permitindo que tenham acesso r\u00e1pido a eventos e servi\u00e7os dispon\u00edveis na capital.  <\/p>\n<p>Para Minas Gerais, que possui uma \u00e1rea total de quase 600 mil quil\u00f4metros quadrados, o investimento na regionaliza\u00e7\u00e3o por meio do transporte a\u00e9reo \u00e9 estrat\u00e9gico e indispens\u00e1vel para atender a meta de redu\u00e7\u00e3o das desigualdades nos 17 territ\u00f3rios de desenvolvimento estabelecidos pelo Governo do Estado.<\/p>\n<p>Segundo informa\u00e7\u00f5es da Anac, Minas Gerais conta atualmente com 121 aer\u00f3dromos privados e 86 p\u00fablicos. A administra\u00e7\u00e3o, a manuten\u00e7\u00e3o e a explora\u00e7\u00e3o dos aer\u00f3dromos p\u00fablicos s\u00e3o atribui\u00e7\u00f5es da Uni\u00e3o. A Setop vem trabalhando em processos de delega\u00e7\u00e3o Uni\u00e3o-Estado, possibilitando investimentos do Governo estadual em reformas, melhorias e posterior delega\u00e7\u00e3o aos munic\u00edpios ou empresas, para opera\u00e7\u00e3o e manuten\u00e7\u00e3o.<\/p>\n<p>(Ag\u00eancia Minas)<\/p>\n","protected":false},"excerpt":{"rendered":"<p>O Governo do Estado de Minas Gerais, por meio da Companhia de Desenvolvimento Econ\u00f4mico de Minas Gerais (Codemig) e da Secretaria de Estado de Transportes e Obras P\u00fablicas (Setop), inicia a segunda fase do Projeto de Integra\u00e7\u00e3o Regional de Minas Gerais &#8211; Modal A\u00e9reo (PIRMA). Cinco novas cidades foram inclu\u00eddas \u00e0s rotas, que passam a [&hellip;]<\/p>\n","protected":false},"author":1,"featured_media":100328,"comment_status":"open","ping_status":"closed","sticky":false,"template":"","format":"standard","meta":{"amp_status":"","footnotes":""},"categories":[123],"tags":[123032,1504,197,198,199,123027,123026,206,207,209,1502,213,214,105855,217,216,123028,123029,105852,218,123031,123030,164,219,223,18771],"class_list":["post-100327","post","type-post","status-publish","format-standard","has-post-thumbnail","hentry","category-gerais","tag-administrador-rodrigo-simoes-fez-o-trajeto-de-curvelo-a-belo-horizonte","tag-araxa","tag-curvelo","tag-diamantina","tag-divinopolis","tag-governo-de-minas-amplia-projeto-de-integracao-aerea","tag-governo-de-minas-amplia-projeto-de-integracao-aerea-e-inclui-novos-destinos","tag-juiz-de-fora","tag-lavras","tag-manhuacu","tag-muriae","tag-passos","tag-patos-de-minas","tag-pirma","tag-ponte-nova","tag-pouso-alegre","tag-projeto-de-integracao-aerea","tag-projeto-de-integracao-aerea-em-minas-gerais","tag-projeto-de-integracao-regional-de-minas-gerais-modal-aereo","tag-sao-joao-del-rei","tag-segunda-fase-do-pirma","tag-segunda-fase-do-projeto-de-integracao-regional-de-minas-gerais-modal-aereo","tag-teofilo-otoni","tag-uba","tag-varginha","tag-vicosa"],"_links":{"self":[{"href":"https:\/\/aconteceunovale.com.br\/portal\/index.php?rest_route=\/wp\/v2\/posts\/100327","targetHints":{"allow":["GET"]}}],"collection":[{"href":"https:\/\/aconteceunovale.com.br\/portal\/index.php?rest_route=\/wp\/v2\/posts"}],"about":[{"href":"https:\/\/aconteceunovale.com.br\/portal\/index.php?rest_route=\/wp\/v2\/types\/post"}],"author":[{"embeddable":true,"href":"https:\/\/aconteceunovale.com.br\/portal\/index.php?rest_route=\/wp\/v2\/users\/1"}],"replies":[{"embeddable":true,"href":"https:\/\/aconteceunovale.com.br\/portal\/index.php?rest_route=%2Fwp%2Fv2%2Fcomments&post=100327"}],"version-history":[{"count":0,"href":"https:\/\/aconteceunovale.com.br\/portal\/index.php?rest_route=\/wp\/v2\/posts\/100327\/revisions"}],"wp:featuredmedia":[{"embeddable":true,"href":"https:\/\/aconteceunovale.com.br\/portal\/index.php?rest_route=\/wp\/v2\/media\/100328"}],"wp:attachment":[{"href":"https:\/\/aconteceunovale.com.br\/portal\/index.php?rest_route=%2Fwp%2Fv2%2Fmedia&parent=100327"}],"wp:term":[{"taxonomy":"category","embeddable":true,"href":"https:\/\/aconteceunovale.com.br\/portal\/index.php?rest_route=%2Fwp%2Fv2%2Fcategories&post=100327"},{"taxonomy":"post_tag","embeddable":true,"href":"https:\/\/aconteceunovale.com.br\/portal\/index.php?rest_route=%2Fwp%2Fv2%2Ftags&post=100327"}],"curies":[{"name":"wp","href":"https:\/\/api.w.org\/{rel}","templated":true}]}}