{"id":100324,"date":"2016-10-28T09:47:03","date_gmt":"2016-10-28T12:47:03","guid":{"rendered":"http:\/\/aconteceunovale.com.br\/portal\/?p=100324"},"modified":"2016-10-28T09:47:03","modified_gmt":"2016-10-28T12:47:03","slug":"temer-ironiza-manifestantes-em-brasilia","status":"publish","type":"post","link":"https:\/\/aconteceunovale.com.br\/portal\/?p=100324","title":{"rendered":"Temer ironiza manifestantes em Bras\u00edlia"},"content":{"rendered":"<p>O presidente Michel Temer ironizou protestos de manifestantes de centrais sindicais que est\u00e3o em frente ao Pal\u00e1cio do Planalto desde a segunda-feira (24) em ato contra a reforma trabalhista. Em cerim\u00f4nia relativa a projetos para micro e pequenas empresas, Temer insinuou que os manifestantes o aplaudiam tocando vuvuzelas e sugeriu aos presentes que arrumassem empregos para os que estavam protestando.<\/p>\n<p>A primeira ironia foi antes mesmo dos cumprimentos \u00e0s autoridades presentes. Temer destacou os aplausos que vinham ocorrendo no evento aos discursos e afirmou: \u201cEu verifico que l\u00e1 fora, aqueles que n\u00e3o puderam entrar para comemorar esse grande ato do governo, com suas vuvuzelas, tamb\u00e9m aplaudem esse grande momento do governo federal\u201d.<\/p>\n<p>Mais adiante, Temer voltou a ironizar os manifestantes ao sugerir que os empres\u00e1rios presentes dentro do Planalto oferecessem emprego aos que estavam protestando do lado de fora.<\/p>\n<p>\u201cComo s\u00e3o muitos dos pequenos empres\u00e1rios, microempres\u00e1rios, m\u00e9dios empres\u00e1rios, parceiros dos cabeleireiros, entre outros que est\u00e3o aqui, quem sabe quando os senhores sa\u00edrem, os senhores convidam aqueles que est\u00e3o l\u00e1 fora. Porque, se n\u00e3o t\u00eam emprego, quem sabe arrumam empregos. \u00c9 uma forma muito adequada\u201d, disse o presidente.<\/p>\n<p>Com carros de som e bal\u00f5es de g\u00e1s, os manifestantes protestam contra a san\u00e7\u00e3o de projeto que legaliza a contrata\u00e7\u00e3o de pessoas jur\u00eddicas para a presta\u00e7\u00e3o de servi\u00e7os como os de cabeleireiros, barbeiros e manicures.<\/p>\n<p>Al\u00e9m da medida, o presidente sancionou proposta que elevou de 60 para 120 meses o prazo para parcelamento de d\u00edvidas tribut\u00e1rias de micro e pequenas empresas. Em discurso, o presidente ressaltou que o empenho do governo tem sido para reduzir o desemprego no pa\u00eds.<\/p>\n<p><img decoding=\"async\" src=\"http:\/\/aconteceunovale.com.br\/portal\/wp-content\/uploads\/2016\/10\/temer_ironiza.jpg\" alt=\"\" \/><em>O presidente Michel Temer sanciona as leis referentes ao Supersimples, Sal\u00e3o-Parceiro e o lan\u00e7amento do Mutir\u00e3o da Renegocia\u00e7\u00e3o (Foto: Ant\u00f4nio Cruz\/Ag\u00eancia Brasil)<\/em><br \/>\n<\/br><\/p>\n<p><em>(Fonte: O Tempo)<\/em><\/p>\n","protected":false},"excerpt":{"rendered":"<p>O presidente Michel Temer ironizou protestos de manifestantes de centrais sindicais que est\u00e3o em frente ao Pal\u00e1cio do Planalto desde a segunda-feira (24) em ato contra a reforma trabalhista. Em cerim\u00f4nia relativa a projetos para micro e pequenas empresas, Temer insinuou que os manifestantes o aplaudiam tocando vuvuzelas e sugeriu aos presentes que arrumassem empregos [&hellip;]<\/p>\n","protected":false},"author":1,"featured_media":100325,"comment_status":"open","ping_status":"closed","sticky":false,"template":"","format":"standard","meta":{"amp_status":"","footnotes":""},"categories":[6],"tags":[1018,20181,94729,123025,123023,123022,123024],"class_list":["post-100324","post","type-post","status-publish","format-standard","has-post-thumbnail","hentry","category-br","tag-destaque","tag-michel-temer","tag-presidente-michel-temer","tag-presidente-pede-para-empresarios-arrumar-emprego-para-manifestantes","tag-temer-ironico","tag-temer-ironiza-manifestantes-em-brasilia","tag-temer-pede-para-empresarios-arrumar-emprego-para-manifestantes"],"_links":{"self":[{"href":"https:\/\/aconteceunovale.com.br\/portal\/index.php?rest_route=\/wp\/v2\/posts\/100324","targetHints":{"allow":["GET"]}}],"collection":[{"href":"https:\/\/aconteceunovale.com.br\/portal\/index.php?rest_route=\/wp\/v2\/posts"}],"about":[{"href":"https:\/\/aconteceunovale.com.br\/portal\/index.php?rest_route=\/wp\/v2\/types\/post"}],"author":[{"embeddable":true,"href":"https:\/\/aconteceunovale.com.br\/portal\/index.php?rest_route=\/wp\/v2\/users\/1"}],"replies":[{"embeddable":true,"href":"https:\/\/aconteceunovale.com.br\/portal\/index.php?rest_route=%2Fwp%2Fv2%2Fcomments&post=100324"}],"version-history":[{"count":0,"href":"https:\/\/aconteceunovale.com.br\/portal\/index.php?rest_route=\/wp\/v2\/posts\/100324\/revisions"}],"wp:featuredmedia":[{"embeddable":true,"href":"https:\/\/aconteceunovale.com.br\/portal\/index.php?rest_route=\/wp\/v2\/media\/100325"}],"wp:attachment":[{"href":"https:\/\/aconteceunovale.com.br\/portal\/index.php?rest_route=%2Fwp%2Fv2%2Fmedia&parent=100324"}],"wp:term":[{"taxonomy":"category","embeddable":true,"href":"https:\/\/aconteceunovale.com.br\/portal\/index.php?rest_route=%2Fwp%2Fv2%2Fcategories&post=100324"},{"taxonomy":"post_tag","embeddable":true,"href":"https:\/\/aconteceunovale.com.br\/portal\/index.php?rest_route=%2Fwp%2Fv2%2Ftags&post=100324"}],"curies":[{"name":"wp","href":"https:\/\/api.w.org\/{rel}","templated":true}]}}