{"id":100321,"date":"2016-10-28T09:39:03","date_gmt":"2016-10-28T12:39:03","guid":{"rendered":"http:\/\/aconteceunovale.com.br\/portal\/?p=100321"},"modified":"2016-10-28T09:39:03","modified_gmt":"2016-10-28T12:39:03","slug":"brasileiros-trabalham-cinco-meses-por-ano-so-para-pagar-impostos","status":"publish","type":"post","link":"https:\/\/aconteceunovale.com.br\/portal\/?p=100321","title":{"rendered":"Brasileiros trabalham cinco meses por ano s\u00f3 para pagar impostos"},"content":{"rendered":"<p>A queda de 8,27% na arrecada\u00e7\u00e3o do governo federal em setembro, na compara\u00e7\u00e3o com igual m\u00eas de 2015, divulgada ontem (27) pela Receita Federal, n\u00e3o significa al\u00edvio da carga tribut\u00e1ria que pesa sobre os brasileiros. Pelo contr\u00e1rio. Consumidores nunca pagaram tanto imposto. O recuo na arrecada\u00e7\u00e3o (que foi de R$ 94,770 bilh\u00f5es em setembro, o pior resultado para o m\u00eas desde 2009) se deve \u00e0 queda na atividade econ\u00f4mica, j\u00e1 que a carga tribut\u00e1ria individual (sobre contribuintes pessoas f\u00edsicas e empresas) continua crescendo.<\/p>\n<p>O \u2018impost\u00f4metro\u2019 da Associa\u00e7\u00e3o Comercial de S\u00e3o Paulo (ACSP), aponta que desde o in\u00edcio do ano os contribuintes desembolsaram R$ 1,6 trilh\u00e3o com o pagamento de tributos. De acordo com levantamento da Associa\u00e7\u00e3o, em 2016 os brasileiros trabalhar\u00e3o 153 dias apenas para pagar impostos.<\/p>\n<p>A marca trilion\u00e1ria foi atingida na \u00faltima segunda-feira (21). No ano passado, o mesmo montante foi alcan\u00e7ado em 19 de outubro, dois dias antes. Parece que o cen\u00e1rio melhorou, o que n\u00e3o \u00e9 verdade. \u201cO peso da tributa\u00e7\u00e3o para as empresas e para os consumidores continua o mesmo\u201d, diz Alencar Burti, presidente da ACSP e da Federa\u00e7\u00e3o das Associa\u00e7\u00f5es Comerciais do Estado de S\u00e3o Paulo (Facesp).<\/p>\n<p>O vice-presidente do Conselho Regional de Economia de Minas Gerais (Corecon-MG), Pedro Paulo Pettersen, afirma que a arrecada\u00e7\u00e3o est\u00e1 em queda em fun\u00e7\u00e3o do encolhimento da economia, o que somente acentua a face cruel da carga tribut\u00e1ria do pa\u00eds. Apesar do desemprego e do achatamento dos sal\u00e1rios, individualmente a popula\u00e7\u00e3o continua arcando com os mesmos percentuais de impostos sobre a renda, o consumo e o patrim\u00f4nio.<\/p>\n<p>\u201cA carga tribut\u00e1ria no Brasil \u00e9 alt\u00edssima, mas sempre haver\u00e1 espa\u00e7o para que ela aumente, desde que a popula\u00e7\u00e3o permita\u201d, alerta Pettersen. Ele explica que o impacto dos impostos \u00e9 ainda mais corrosivo para as classes mais pobres.<\/p>\n<p><strong>Feij\u00e3o<\/strong><\/p>\n<p>Como exemplo, ele cita o feij\u00e3o, cuja al\u00edquota de Imposto sobre Circula\u00e7\u00e3o de Mercadorias e Servi\u00e7os (ICMS) \u00e9 de 18% em Minas. Um quilo de feij\u00e3o carioca, consumido por todas as classes sociais, custa cerca de R$ 10. Somente de ICMS, quem compra o produto desembolsa R$ 1,80. O valor pode parecer irris\u00f3rio para quem tem renda mensal alta, mas, para o trabalhador que recebe o m\u00ednimo de R$ 880 por m\u00eas, o peso \u00e9 significativo.<\/p>\n<p>Elevar os tributos, como chegou a ser cogitado pelo governo, seria um tiro no p\u00e9, segundo o especialista. \u201cQuando o governo aumenta os impostos ele tira a capacidade de consumo da popula\u00e7\u00e3o. E, se a popula\u00e7\u00e3o compra menos, a ind\u00fastria produz menos e o com\u00e9rcio vende menos. Como reflexo, h\u00e1 retra\u00e7\u00e3o da arrecada\u00e7\u00e3o\u201d, afirma o representante do Corecon-MG.<\/p>\n<p><img decoding=\"async\" src=\"http:\/\/aconteceunovale.com.br\/portal\/wp-content\/uploads\/2016\/10\/impostometro.jpg\" alt=\"\" \/><em>Trabalharemos 153 dias em 2016 apenas para recolher tributos (Divulga\u00e7\u00e3o)<\/em><br \/>\n<\/br><\/p>\n<p><em>(Fonte: Hoje em Dia\/Tatiana Moraes)<\/em><\/p>\n","protected":false},"excerpt":{"rendered":"<p>A queda de 8,27% na arrecada\u00e7\u00e3o do governo federal em setembro, na compara\u00e7\u00e3o com igual m\u00eas de 2015, divulgada ontem (27) pela Receita Federal, n\u00e3o significa al\u00edvio da carga tribut\u00e1ria que pesa sobre os brasileiros. Pelo contr\u00e1rio. Consumidores nunca pagaram tanto imposto. O recuo na arrecada\u00e7\u00e3o (que foi de R$ 94,770 bilh\u00f5es em setembro, o [&hellip;]<\/p>\n","protected":false},"author":1,"featured_media":100322,"comment_status":"open","ping_status":"closed","sticky":false,"template":"","format":"standard","meta":{"amp_status":"","footnotes":""},"categories":[6],"tags":[123011,123012,123006,98632,123021,123009,46539,123019,123007,123008,123018,123016,1018,123015,123014,13712,6286,123017,123013,123020,123010],"class_list":["post-100321","post","type-post","status-publish","format-standard","has-post-thumbnail","hentry","category-br","tag-acsp","tag-alencar-burti","tag-arrecadacao-do-governo-federal","tag-associacao-comercial-de-sao-paulo","tag-brasileiros-trabalham-cinco-meses-por-ano-so-para-pagar-impostos","tag-carga-tributaria-brasileira","tag-carga-tributaria-no-brasil","tag-carga-tributaria-no-brasil-e-altissima","tag-carga-tributaria-que-pesa-sobre-os-brasileiros","tag-carga-tributaria-sobre-os-brasileiros","tag-conselho-regional-de-economia-de-minas-gerais","tag-corecon-mg","tag-destaque","tag-facesp","tag-federacao-das-associacoes-comerciais-do-estado-de-sao-paulo","tag-impostometro","tag-impostos-no-brasil","tag-pedro-paulo-pettersen","tag-presidente-da-acsp","tag-trabalharemos-153-dias-em-2016-apenas-para-recolher-tributos","tag-valor-do-imposto-no-brasil"],"yoast_head":"<!-- This site is optimized with the Yoast SEO plugin v28.3 - https:\/\/yoast.com\/product\/yoast-seo-wordpress\/ -->\n<title>Brasileiros trabalham cinco meses por ano s\u00f3 para pagar impostos  - Aconteceu no Vale<\/title>\n<meta name=\"robots\" content=\"index, follow, max-snippet:-1, max-image-preview:large, max-video-preview:-1\" \/>\n<link rel=\"canonical\" href=\"https:\/\/aconteceunovale.com.br\/portal\/?p=100321\" \/>\n<meta property=\"og:locale\" content=\"pt_BR\" \/>\n<meta property=\"og:type\" content=\"article\" \/>\n<meta property=\"og:title\" content=\"Brasileiros trabalham cinco meses por ano s\u00f3 para pagar impostos  - Aconteceu no Vale\" \/>\n<meta property=\"og:description\" content=\"A queda de 8,27% na arrecada\u00e7\u00e3o do governo federal em setembro, na compara\u00e7\u00e3o com igual m\u00eas de 2015, divulgada ontem (27) pela Receita Federal, n\u00e3o significa al\u00edvio da carga tribut\u00e1ria que pesa sobre os brasileiros. Pelo contr\u00e1rio. Consumidores nunca pagaram tanto imposto. O recuo na arrecada\u00e7\u00e3o (que foi de R$ 94,770 bilh\u00f5es em setembro, o [&hellip;]\" \/>\n<meta property=\"og:url\" content=\"https:\/\/aconteceunovale.com.br\/portal\/?p=100321\" \/>\n<meta property=\"og:site_name\" content=\"Aconteceu no Vale\" \/>\n<meta property=\"article:publisher\" content=\"https:\/\/www.facebook.com\/aconteceunovale\/\" \/>\n<meta property=\"article:published_time\" content=\"2016-10-28T12:39:03+00:00\" \/>\n<meta property=\"og:image\" content=\"https:\/\/aconteceunovale.com.br\/portal\/wp-content\/uploads\/2016\/10\/impostometro.jpg\" \/>\n\t<meta property=\"og:image:width\" content=\"653\" \/>\n\t<meta property=\"og:image:height\" content=\"428\" \/>\n\t<meta property=\"og:image:type\" content=\"image\/jpeg\" \/>\n<meta name=\"author\" content=\"Aconteceu no Vale\" \/>\n<meta name=\"twitter:card\" content=\"summary_large_image\" \/>\n<meta name=\"twitter:creator\" content=\"@noticiadosvales\" \/>\n<meta name=\"twitter:site\" content=\"@noticiadosvales\" \/>\n<meta name=\"twitter:label1\" content=\"Escrito por\" \/>\n\t<meta name=\"twitter:data1\" content=\"Aconteceu no Vale\" \/>\n\t<meta name=\"twitter:label2\" content=\"Est. tempo de leitura\" \/>\n\t<meta name=\"twitter:data2\" content=\"2 minutos\" \/>\n<script type=\"application\/ld+json\" class=\"yoast-schema-graph\">{\"@context\":\"https:\\\/\\\/schema.org\",\"@graph\":[{\"@type\":\"Article\",\"@id\":\"https:\\\/\\\/aconteceunovale.com.br\\\/portal\\\/?p=100321#article\",\"isPartOf\":{\"@id\":\"https:\\\/\\\/aconteceunovale.com.br\\\/portal\\\/?p=100321\"},\"author\":{\"name\":\"Aconteceu no Vale\",\"@id\":\"https:\\\/\\\/aconteceunovale.com.br\\\/portal\\\/#\\\/schema\\\/person\\\/633529146f2c94272bef50ac2953d589\"},\"headline\":\"Brasileiros trabalham cinco meses por ano s\u00f3 para pagar impostos\",\"datePublished\":\"2016-10-28T12:39:03+00:00\",\"mainEntityOfPage\":{\"@id\":\"https:\\\/\\\/aconteceunovale.com.br\\\/portal\\\/?p=100321\"},\"wordCount\":491,\"commentCount\":0,\"image\":{\"@id\":\"https:\\\/\\\/aconteceunovale.com.br\\\/portal\\\/?p=100321#primaryimage\"},\"thumbnailUrl\":\"https:\\\/\\\/aconteceunovale.com.br\\\/portal\\\/wp-content\\\/uploads\\\/2016\\\/10\\\/impostometro.jpg\",\"keywords\":[\"ACSP\",\"Alencar Burti\",\"arrecada\u00e7\u00e3o do governo federal\",\"Associa\u00e7\u00e3o Comercial de S\u00e2o Paulo\",\"Brasileiros trabalham cinco meses por ano s\u00f3 para pagar impostos\",\"carga tribut\u00e1ria brasileira\",\"carga tribut\u00e1ria no Brasil\",\"carga tribut\u00e1ria no Brasil \u00e9 alt\u00edssima\",\"carga tribut\u00e1ria que pesa sobre os brasileiros\",\"carga tribut\u00e1ria sobre os brasileiros\",\"Conselho Regional de Economia de Minas Gerais\",\"Corecon-MG\",\"destaque\",\"Facesp\",\"Federa\u00e7\u00e3o das Associa\u00e7\u00f5es Comerciais do Estado de S\u00e3o Paulo\",\"Impost\u00f4metro\",\"impostos no brasil\",\"Pedro Paulo Pettersen\",\"presidente da ACSP\",\"Trabalharemos 153 dias em 2016 apenas para recolher tributos\",\"Valor do imposto no Brasil\"],\"articleSection\":[\"Brasil\"],\"inLanguage\":\"pt-BR\",\"potentialAction\":[{\"@type\":\"CommentAction\",\"name\":\"Comment\",\"target\":[\"https:\\\/\\\/aconteceunovale.com.br\\\/portal\\\/?p=100321#respond\"]}]},{\"@type\":\"WebPage\",\"@id\":\"https:\\\/\\\/aconteceunovale.com.br\\\/portal\\\/?p=100321\",\"url\":\"https:\\\/\\\/aconteceunovale.com.br\\\/portal\\\/?p=100321\",\"name\":\"Brasileiros trabalham cinco meses por ano s\u00f3 para pagar impostos - Aconteceu no Vale\",\"isPartOf\":{\"@id\":\"https:\\\/\\\/aconteceunovale.com.br\\\/portal\\\/#website\"},\"primaryImageOfPage\":{\"@id\":\"https:\\\/\\\/aconteceunovale.com.br\\\/portal\\\/?p=100321#primaryimage\"},\"image\":{\"@id\":\"https:\\\/\\\/aconteceunovale.com.br\\\/portal\\\/?p=100321#primaryimage\"},\"thumbnailUrl\":\"https:\\\/\\\/aconteceunovale.com.br\\\/portal\\\/wp-content\\\/uploads\\\/2016\\\/10\\\/impostometro.jpg\",\"datePublished\":\"2016-10-28T12:39:03+00:00\",\"author\":{\"@id\":\"https:\\\/\\\/aconteceunovale.com.br\\\/portal\\\/#\\\/schema\\\/person\\\/633529146f2c94272bef50ac2953d589\"},\"breadcrumb\":{\"@id\":\"https:\\\/\\\/aconteceunovale.com.br\\\/portal\\\/?p=100321#breadcrumb\"},\"inLanguage\":\"pt-BR\",\"potentialAction\":[{\"@type\":\"ReadAction\",\"target\":[\"https:\\\/\\\/aconteceunovale.com.br\\\/portal\\\/?p=100321\"]}]},{\"@type\":\"ImageObject\",\"inLanguage\":\"pt-BR\",\"@id\":\"https:\\\/\\\/aconteceunovale.com.br\\\/portal\\\/?p=100321#primaryimage\",\"url\":\"https:\\\/\\\/aconteceunovale.com.br\\\/portal\\\/wp-content\\\/uploads\\\/2016\\\/10\\\/impostometro.jpg\",\"contentUrl\":\"https:\\\/\\\/aconteceunovale.com.br\\\/portal\\\/wp-content\\\/uploads\\\/2016\\\/10\\\/impostometro.jpg\",\"width\":653,\"height\":428},{\"@type\":\"BreadcrumbList\",\"@id\":\"https:\\\/\\\/aconteceunovale.com.br\\\/portal\\\/?p=100321#breadcrumb\",\"itemListElement\":[{\"@type\":\"ListItem\",\"position\":1,\"name\":\"In\u00edcio\",\"item\":\"https:\\\/\\\/aconteceunovale.com.br\\\/portal\\\/\"},{\"@type\":\"ListItem\",\"position\":2,\"name\":\"Brasileiros trabalham cinco meses por ano s\u00f3 para pagar impostos\"}]},{\"@type\":\"WebSite\",\"@id\":\"https:\\\/\\\/aconteceunovale.com.br\\\/portal\\\/#website\",\"url\":\"https:\\\/\\\/aconteceunovale.com.br\\\/portal\\\/\",\"name\":\"Aconteceu no Vale\",\"description\":\"Portal de Not\u00edcias\",\"potentialAction\":[{\"@type\":\"SearchAction\",\"target\":{\"@type\":\"EntryPoint\",\"urlTemplate\":\"https:\\\/\\\/aconteceunovale.com.br\\\/portal\\\/?s={search_term_string}\"},\"query-input\":{\"@type\":\"PropertyValueSpecification\",\"valueRequired\":true,\"valueName\":\"search_term_string\"}}],\"inLanguage\":\"pt-BR\"},{\"@type\":\"Person\",\"@id\":\"https:\\\/\\\/aconteceunovale.com.br\\\/portal\\\/#\\\/schema\\\/person\\\/633529146f2c94272bef50ac2953d589\",\"name\":\"Aconteceu no Vale\",\"description\":\"Equipe de reportagem do Aconteceu no Vale, portal de not\u00edcias do Vale do Jequitinhonha, em Minas Gerais. Cobrimos as 51 cidades do Vale desde 2013. Sugest\u00f5es de pauta e pedidos de corre\u00e7\u00e3o: contato@aconteceunovale.com.br\",\"sameAs\":[\"http:\\\/\\\/www.aconteceunovale.com.br\"],\"url\":\"https:\\\/\\\/aconteceunovale.com.br\\\/portal\\\/?author=1\"}]}<\/script>\n<!-- \/ Yoast SEO plugin. -->","yoast_head_json":{"title":"Brasileiros trabalham cinco meses por ano s\u00f3 para pagar impostos  - Aconteceu no Vale","robots":{"index":"index","follow":"follow","max-snippet":"max-snippet:-1","max-image-preview":"max-image-preview:large","max-video-preview":"max-video-preview:-1"},"canonical":"https:\/\/aconteceunovale.com.br\/portal\/?p=100321","og_locale":"pt_BR","og_type":"article","og_title":"Brasileiros trabalham cinco meses por ano s\u00f3 para pagar impostos  - Aconteceu no Vale","og_description":"A queda de 8,27% na arrecada\u00e7\u00e3o do governo federal em setembro, na compara\u00e7\u00e3o com igual m\u00eas de 2015, divulgada ontem (27) pela Receita Federal, n\u00e3o significa al\u00edvio da carga tribut\u00e1ria que pesa sobre os brasileiros. Pelo contr\u00e1rio. Consumidores nunca pagaram tanto imposto. O recuo na arrecada\u00e7\u00e3o (que foi de R$ 94,770 bilh\u00f5es em setembro, o [&hellip;]","og_url":"https:\/\/aconteceunovale.com.br\/portal\/?p=100321","og_site_name":"Aconteceu no Vale","article_publisher":"https:\/\/www.facebook.com\/aconteceunovale\/","article_published_time":"2016-10-28T12:39:03+00:00","og_image":[{"width":653,"height":428,"url":"https:\/\/aconteceunovale.com.br\/portal\/wp-content\/uploads\/2016\/10\/impostometro.jpg","type":"image\/jpeg"}],"author":"Aconteceu no Vale","twitter_card":"summary_large_image","twitter_creator":"@noticiadosvales","twitter_site":"@noticiadosvales","twitter_misc":{"Escrito por":"Aconteceu no Vale","Est. tempo de leitura":"2 minutos"},"schema":{"@context":"https:\/\/schema.org","@graph":[{"@type":"Article","@id":"https:\/\/aconteceunovale.com.br\/portal\/?p=100321#article","isPartOf":{"@id":"https:\/\/aconteceunovale.com.br\/portal\/?p=100321"},"author":{"name":"Aconteceu no Vale","@id":"https:\/\/aconteceunovale.com.br\/portal\/#\/schema\/person\/633529146f2c94272bef50ac2953d589"},"headline":"Brasileiros trabalham cinco meses por ano s\u00f3 para pagar impostos","datePublished":"2016-10-28T12:39:03+00:00","mainEntityOfPage":{"@id":"https:\/\/aconteceunovale.com.br\/portal\/?p=100321"},"wordCount":491,"commentCount":0,"image":{"@id":"https:\/\/aconteceunovale.com.br\/portal\/?p=100321#primaryimage"},"thumbnailUrl":"https:\/\/aconteceunovale.com.br\/portal\/wp-content\/uploads\/2016\/10\/impostometro.jpg","keywords":["ACSP","Alencar Burti","arrecada\u00e7\u00e3o do governo federal","Associa\u00e7\u00e3o Comercial de S\u00e2o Paulo","Brasileiros trabalham cinco meses por ano s\u00f3 para pagar impostos","carga tribut\u00e1ria brasileira","carga tribut\u00e1ria no Brasil","carga tribut\u00e1ria no Brasil \u00e9 alt\u00edssima","carga tribut\u00e1ria que pesa sobre os brasileiros","carga tribut\u00e1ria sobre os brasileiros","Conselho Regional de Economia de Minas Gerais","Corecon-MG","destaque","Facesp","Federa\u00e7\u00e3o das Associa\u00e7\u00f5es Comerciais do Estado de S\u00e3o Paulo","Impost\u00f4metro","impostos no brasil","Pedro Paulo Pettersen","presidente da ACSP","Trabalharemos 153 dias em 2016 apenas para recolher tributos","Valor do imposto no Brasil"],"articleSection":["Brasil"],"inLanguage":"pt-BR","potentialAction":[{"@type":"CommentAction","name":"Comment","target":["https:\/\/aconteceunovale.com.br\/portal\/?p=100321#respond"]}]},{"@type":"WebPage","@id":"https:\/\/aconteceunovale.com.br\/portal\/?p=100321","url":"https:\/\/aconteceunovale.com.br\/portal\/?p=100321","name":"Brasileiros trabalham cinco meses por ano s\u00f3 para pagar impostos - Aconteceu no Vale","isPartOf":{"@id":"https:\/\/aconteceunovale.com.br\/portal\/#website"},"primaryImageOfPage":{"@id":"https:\/\/aconteceunovale.com.br\/portal\/?p=100321#primaryimage"},"image":{"@id":"https:\/\/aconteceunovale.com.br\/portal\/?p=100321#primaryimage"},"thumbnailUrl":"https:\/\/aconteceunovale.com.br\/portal\/wp-content\/uploads\/2016\/10\/impostometro.jpg","datePublished":"2016-10-28T12:39:03+00:00","author":{"@id":"https:\/\/aconteceunovale.com.br\/portal\/#\/schema\/person\/633529146f2c94272bef50ac2953d589"},"breadcrumb":{"@id":"https:\/\/aconteceunovale.com.br\/portal\/?p=100321#breadcrumb"},"inLanguage":"pt-BR","potentialAction":[{"@type":"ReadAction","target":["https:\/\/aconteceunovale.com.br\/portal\/?p=100321"]}]},{"@type":"ImageObject","inLanguage":"pt-BR","@id":"https:\/\/aconteceunovale.com.br\/portal\/?p=100321#primaryimage","url":"https:\/\/aconteceunovale.com.br\/portal\/wp-content\/uploads\/2016\/10\/impostometro.jpg","contentUrl":"https:\/\/aconteceunovale.com.br\/portal\/wp-content\/uploads\/2016\/10\/impostometro.jpg","width":653,"height":428},{"@type":"BreadcrumbList","@id":"https:\/\/aconteceunovale.com.br\/portal\/?p=100321#breadcrumb","itemListElement":[{"@type":"ListItem","position":1,"name":"In\u00edcio","item":"https:\/\/aconteceunovale.com.br\/portal\/"},{"@type":"ListItem","position":2,"name":"Brasileiros trabalham cinco meses por ano s\u00f3 para pagar impostos"}]},{"@type":"WebSite","@id":"https:\/\/aconteceunovale.com.br\/portal\/#website","url":"https:\/\/aconteceunovale.com.br\/portal\/","name":"Aconteceu no Vale","description":"Portal de Not\u00edcias","potentialAction":[{"@type":"SearchAction","target":{"@type":"EntryPoint","urlTemplate":"https:\/\/aconteceunovale.com.br\/portal\/?s={search_term_string}"},"query-input":{"@type":"PropertyValueSpecification","valueRequired":true,"valueName":"search_term_string"}}],"inLanguage":"pt-BR"},{"@type":"Person","@id":"https:\/\/aconteceunovale.com.br\/portal\/#\/schema\/person\/633529146f2c94272bef50ac2953d589","name":"Aconteceu no Vale","description":"Equipe de reportagem do Aconteceu no Vale, portal de not\u00edcias do Vale do Jequitinhonha, em Minas Gerais. Cobrimos as 51 cidades do Vale desde 2013. Sugest\u00f5es de pauta e pedidos de corre\u00e7\u00e3o: contato@aconteceunovale.com.br","sameAs":["http:\/\/www.aconteceunovale.com.br"],"url":"https:\/\/aconteceunovale.com.br\/portal\/?author=1"}]}},"_links":{"self":[{"href":"https:\/\/aconteceunovale.com.br\/portal\/index.php?rest_route=\/wp\/v2\/posts\/100321","targetHints":{"allow":["GET"]}}],"collection":[{"href":"https:\/\/aconteceunovale.com.br\/portal\/index.php?rest_route=\/wp\/v2\/posts"}],"about":[{"href":"https:\/\/aconteceunovale.com.br\/portal\/index.php?rest_route=\/wp\/v2\/types\/post"}],"author":[{"embeddable":true,"href":"https:\/\/aconteceunovale.com.br\/portal\/index.php?rest_route=\/wp\/v2\/users\/1"}],"replies":[{"embeddable":true,"href":"https:\/\/aconteceunovale.com.br\/portal\/index.php?rest_route=%2Fwp%2Fv2%2Fcomments&post=100321"}],"version-history":[{"count":0,"href":"https:\/\/aconteceunovale.com.br\/portal\/index.php?rest_route=\/wp\/v2\/posts\/100321\/revisions"}],"wp:featuredmedia":[{"embeddable":true,"href":"https:\/\/aconteceunovale.com.br\/portal\/index.php?rest_route=\/wp\/v2\/media\/100322"}],"wp:attachment":[{"href":"https:\/\/aconteceunovale.com.br\/portal\/index.php?rest_route=%2Fwp%2Fv2%2Fmedia&parent=100321"}],"wp:term":[{"taxonomy":"category","embeddable":true,"href":"https:\/\/aconteceunovale.com.br\/portal\/index.php?rest_route=%2Fwp%2Fv2%2Fcategories&post=100321"},{"taxonomy":"post_tag","embeddable":true,"href":"https:\/\/aconteceunovale.com.br\/portal\/index.php?rest_route=%2Fwp%2Fv2%2Ftags&post=100321"}],"curies":[{"name":"wp","href":"https:\/\/api.w.org\/{rel}","templated":true}]}}