{"id":100289,"date":"2016-10-27T21:46:20","date_gmt":"2016-10-28T00:46:20","guid":{"rendered":"http:\/\/aconteceunovale.com.br\/portal\/?p=100289"},"modified":"2016-10-27T21:46:20","modified_gmt":"2016-10-28T00:46:20","slug":"sebastiao-salgado-recebe-premio-e-fala-em-crise-existencial-da-especie","status":"publish","type":"post","link":"https:\/\/aconteceunovale.com.br\/portal\/?p=100289","title":{"rendered":"Sebasti\u00e3o Salgado recebe pr\u00eamio e fala em &#8220;crise existencial da esp\u00e9cie&#8221;"},"content":{"rendered":"<p>As mudan\u00e7as bruscas no planeta provocadas pelo homem, que levaram \u00e0 destrui\u00e7\u00e3o de ambientes naturais e de civiliza\u00e7\u00f5es primitivas, podem levar a pr\u00f3pria esp\u00e9cie a uma situa\u00e7\u00e3o sem volta. A avalia\u00e7\u00e3o \u00e9 do fot\u00f3grafo Sebasti\u00e3o Salgado, que recebeu o Pr\u00eamio Personalidade, da C\u00e2mara de Com\u00e9rcio Fran\u00e7a-Brasil, na noite desta quinta-feira (27), no Rio de Janeiro, por sua contribui\u00e7\u00e3o art\u00edstica, humanit\u00e1ria e socioambiental.<\/p>\n<p>Economista por forma\u00e7\u00e3o, Salgado j\u00e1 percorreu todos os continentes da Terra, desde 1973, quando se iniciou na carreira de fot\u00f3grafo, ap\u00f3s uma viagem \u00e0 \u00c1frica. Autor de v\u00e1rios livros de fotografia, frutos de projetos elaborados ao longo de anos, incluindo\u00a0<em>Trabalhadores<\/em>,\u00a0<em>Terra<\/em>,\u00a0<em>Outras Am\u00e9ricas<\/em>,\u00a0<em>\u00caxodos<\/em>\u00a0e\u00a0<em>G\u00eanesis<\/em>, ele faz uma an\u00e1lise pouco otimista da atua\u00e7\u00e3o da civiliza\u00e7\u00e3o moderna sobre o planeta, que estaria chegando perto do limite de exaust\u00e3o.<\/p>\n<p>\u201cEu acho que a nossa esp\u00e9cie est\u00e1 vivendo completamente fora da realidade. A partir de um certo momento, a gente passou a destruir e predar o nosso mundo. N\u00f3s estamos consumindo muito mais do que o nosso planeta pode dar. Estamos indo para um buraco sem sa\u00edda. O planeta n\u00e3o tem condi\u00e7\u00e3o de arcar com tudo isso.\u201d<\/p>\n<p>Segundo ele, a destrui\u00e7\u00e3o dos ambientes naturais e as dificuldades sociais, com o aumento de guerras entre pa\u00edses e conflitos internos que deixam milhares de mortos, s\u00e3o sintomas de uma crise maior.<\/p>\n<p>\u201cN\u00e3o \u00e9 uma crise do capitalismo. \u00c9 muito mais do que isso. \u00c9 a crise existencial de uma esp\u00e9cie. Vamos ter que fazer uma autocr\u00edtica de toda nossa maneira de viver, de consumir, se comportar e se relacionar. Eu tenho uma grande esperan\u00e7a no planeta, mas n\u00e3o sei se a esp\u00e9cie humana vai sobreviver, estamos indo diretamente contra a parede. \u00c9 uma crise planet\u00e1ria.\u201d<\/p>\n<p>Salgado disse que a atual gera\u00e7\u00e3o vai ser cobrada no futuro por tudo o que est\u00e1 fazendo em preju\u00edzo do planeta.<\/p>\n<p>\u201cNecessariamente [nossa gera\u00e7\u00e3o vai ser cobrada no futuro]. Para construir esta sociedade moderna, n\u00f3s deixamos um deserto atr\u00e1s. N\u00f3s temos a obriga\u00e7\u00e3o de manter intacto o que possu\u00edmos. N\u00e3o precisamos mais destruir. Temos uma quantidade de terras desbravadas no Brasil que n\u00e3o utilizamos. N\u00f3s usamos um ter\u00e7o das terras que foram desmatadas, o resto est\u00e1 abandonado.\u201d<\/p>\n<p><img decoding=\"async\" src=\"http:\/\/aconteceunovale.com.br\/portal\/wp-content\/uploads\/2016\/10\/sebastiao_salgado.jpg\" alt=\"\" \/><em>O fot\u00f3grafo e ambientalista Sebasti\u00e3o Salgado (Fernando Fraz\u00e3o\/Ag\u00eancia Brasil)<\/em><br \/>\n<\/br><\/p>\n<p><strong>Trag\u00e9dia em Mariana<\/strong><\/p>\n<p>Quanto \u00e0 trag\u00e9dia de Mariana (MG), provocada pelo rompimento de uma barragem da empresa Samarco h\u00e1 um ano, que varreu o distrito de Bento Ribeiro, arrasando tudo pelo caminho e deixando 21 pessoas mortas, Salgado disse que o importante \u00e9 garantir que as multas e indeniza\u00e7\u00f5es sejam aplicadas na regi\u00e3o.<\/p>\n<p>\u201cO dinheiro das multas n\u00e3o vai para o meio ambiente. Ele vai para o cofre p\u00fablico e vai pagar o d\u00e9ficit do Estado, n\u00e3o voltar\u00e1 jamais para a regi\u00e3o. H\u00e1 um ano n\u00f3s propusemos a cria\u00e7\u00e3o de um fundo para recuperar a \u00e1rea. Temos que ressarcir e reconstruir o que for necess\u00e1rio. Refazer todas as fontes de \u00e1gua, recompor as matas ciliares, o sistema de esgoto. \u00c9 um problema de longo prazo. Para recuperar o Rio Doce, temos que plantar no entorno de 370 mil nascentes. Hoje o fundo s\u00f3 contemplou 500 nascentes.\u201d<\/p>\n<p>Salgado envolveu-se com a causa ambiental quando assumiu a fazenda de sua fam\u00edlia, totalmente degradada, no munic\u00edpio mineiro de Aimor\u00e9s, e replantou a \u00e1rea, de 700 hectares. Com o replantio, fez brotar nascentes que estavam secas e trouxe de volta parte dos animais silvestres da \u00e1rea. A experi\u00eancia deu origem ao Instituto Terra, voltado \u00e0 preserva\u00e7\u00e3o do meio ambiente.<\/p>\n<p>Aos 72 anos, atualmente Salgado est\u00e1 envolvido em um projeto fotogr\u00e1fico sobre a Amaz\u00f4nia. Anteriormente, ele havia dito que este seria seu \u00faltimo trabalho, mas agora j\u00e1 admite que dever\u00e1 trabalhar mais alguns anos, em outros projetos.<\/p>\n<p>\u201cEu hoje estou vendo que o meu projeto sobre as comunidades ind\u00edgenas, que eu ainda tenho uns tr\u00eas ou quatro anos para terminar, n\u00e3o \u00e9 o \u00faltimo. Os fot\u00f3grafos n\u00e3o t\u00eam uma profiss\u00e3o. T\u00eam uma forma de viver. Quando eu saio para fotografar, sou um homem totalmente livre, em liga\u00e7\u00e3o total com o meu planeta.\u201d<\/p>\n<p>Aos jovens fot\u00f3grafos, iniciantes na carreira, ele d\u00e1 apenas uma sugest\u00e3o: \u201cPara esses fot\u00f3grafos, eu aconselho entrar na universidade, fazer um pouquinho de sociologia, antropologia, geografia, economia, geopol\u00edtica. Para eles poderem se situar dentro da sociedade que fazem parte. Para saberem fotografar o que \u00e9 essencial, para serem os espelhos da sociedade\u201d.<\/p>\n<p>(Ag\u00eancia Brasil)<\/p>\n","protected":false},"excerpt":{"rendered":"<p>As mudan\u00e7as bruscas no planeta provocadas pelo homem, que levaram \u00e0 destrui\u00e7\u00e3o de ambientes naturais e de civiliza\u00e7\u00f5es primitivas, podem levar a pr\u00f3pria esp\u00e9cie a uma situa\u00e7\u00e3o sem volta. A avalia\u00e7\u00e3o \u00e9 do fot\u00f3grafo Sebasti\u00e3o Salgado, que recebeu o Pr\u00eamio Personalidade, da C\u00e2mara de Com\u00e9rcio Fran\u00e7a-Brasil, na noite desta quinta-feira (27), no Rio de Janeiro, [&hellip;]<\/p>\n","protected":false},"author":1,"featured_media":100290,"comment_status":"open","ping_status":"closed","sticky":false,"template":"","format":"standard","meta":{"amp_status":"","footnotes":""},"categories":[6,123,28848],"tags":[122945,122942,1018,122940,122941,122946,122943,7363,1829,122939,122938,122944,1774,32642,26387,122948,122947,65382],"class_list":["post-100289","post","type-post","status-publish","format-standard","has-post-thumbnail","hentry","category-br","category-gerais","category-mundo","tag-camara-de-comercio-franca-brasil","tag-civilizacoes-primitivas","tag-destaque","tag-destruicao-de-ambientes-naturais","tag-destruicao-de-civilizacoes-primitivas","tag-fotografia","tag-fotografo-sebastiao-salgado","tag-mariana","tag-meio-ambiente","tag-mudancas-bruscas-no-planeta","tag-mudancas-bruscas-no-planeta-provocadas-pelo-homem","tag-premio-personalidade","tag-rio-doce","tag-samarco","tag-sebastiao-salgado","tag-sebastiao-salgado-fala-em-crise-existencial-da-especie","tag-sebastiao-salgado-recebe-premio-e-fala-em-crise-existencial-da-especie","tag-tragedia-em-mariana"],"_links":{"self":[{"href":"https:\/\/aconteceunovale.com.br\/portal\/index.php?rest_route=\/wp\/v2\/posts\/100289","targetHints":{"allow":["GET"]}}],"collection":[{"href":"https:\/\/aconteceunovale.com.br\/portal\/index.php?rest_route=\/wp\/v2\/posts"}],"about":[{"href":"https:\/\/aconteceunovale.com.br\/portal\/index.php?rest_route=\/wp\/v2\/types\/post"}],"author":[{"embeddable":true,"href":"https:\/\/aconteceunovale.com.br\/portal\/index.php?rest_route=\/wp\/v2\/users\/1"}],"replies":[{"embeddable":true,"href":"https:\/\/aconteceunovale.com.br\/portal\/index.php?rest_route=%2Fwp%2Fv2%2Fcomments&post=100289"}],"version-history":[{"count":0,"href":"https:\/\/aconteceunovale.com.br\/portal\/index.php?rest_route=\/wp\/v2\/posts\/100289\/revisions"}],"wp:featuredmedia":[{"embeddable":true,"href":"https:\/\/aconteceunovale.com.br\/portal\/index.php?rest_route=\/wp\/v2\/media\/100290"}],"wp:attachment":[{"href":"https:\/\/aconteceunovale.com.br\/portal\/index.php?rest_route=%2Fwp%2Fv2%2Fmedia&parent=100289"}],"wp:term":[{"taxonomy":"category","embeddable":true,"href":"https:\/\/aconteceunovale.com.br\/portal\/index.php?rest_route=%2Fwp%2Fv2%2Fcategories&post=100289"},{"taxonomy":"post_tag","embeddable":true,"href":"https:\/\/aconteceunovale.com.br\/portal\/index.php?rest_route=%2Fwp%2Fv2%2Ftags&post=100289"}],"curies":[{"name":"wp","href":"https:\/\/api.w.org\/{rel}","templated":true}]}}