{"id":100284,"date":"2016-10-27T21:32:26","date_gmt":"2016-10-28T00:32:26","guid":{"rendered":"http:\/\/aconteceunovale.com.br\/portal\/?p=100284"},"modified":"2016-10-27T21:32:26","modified_gmt":"2016-10-28T00:32:26","slug":"tre-julga-registros-de-prefeitos-mais-votados-em-quatro-municipios-de-minas-gerais","status":"publish","type":"post","link":"https:\/\/aconteceunovale.com.br\/portal\/?p=100284","title":{"rendered":"TRE julga registros de prefeitos mais votados em quatro munic\u00edpios de Minas Gerais"},"content":{"rendered":"<p>O Tribunal decidiu, nas sess\u00f5es de julgamento de quarta (26) e quinta-feira (27), mais quatro registros de candidaturas a prefeito, envolvendo candidatos que venceram nas urnas e est\u00e3o sub judice. Foram mantidos os indeferimentos de Orivaldo Alves de Oliveira (PR), em Ibiracatu, e Adilson Gon\u00e7alves de Oliveira Paganelli (PTC), em Concei\u00e7\u00e3o do Rio Verde.<\/p>\n<p>Nos outros dois processos, o TRE reformou as senten\u00e7as de primeira inst\u00e2ncia. No caso da candidata Rosa Luzia Mendes Assis (PDT), de Santana do Manhua\u00e7u, foi deferido o seu registro. Em Santa Rita de Minas, foi indeferida a candidatura de Ilton Rosa de Freitas (PRB).<\/p>\n<p><strong>Santana do Manhua\u00e7u<\/strong><\/p>\n<p>O registro da candidata Rosa Luzia havia sido indeferido porque ela \u00e9 vi\u00fava do ex-prefeito do munic\u00edpio, que faleceu no exerc\u00edcio do segundo mandato. Segundo o juiz eleitoral que indeferiu a sua candidatura, h\u00e1 veda\u00e7\u00e3o constitucional para o exerc\u00edcio do terceiro mandato pelo mesmo grupo familiar, nos termos do art. 14, \u00a7 7\u00ba, da Constitui\u00e7\u00e3o Federal.<\/p>\n<p>O Tribunal, em processo relatado pelo juiz Ant\u00f4nio  Fonte Boa, entendeu que o falecimento do ex-marido da candidata ocorreu tr\u00eas anos antes destas elei\u00e7\u00f5es e o parentesco foi extinto com a morte, afastando, assim, a inelegibilidade por parentesco. O deferimento ocorreu por cinco votos a um. Os 2.926 votos recebidos pela candidata s\u00e3o agora contabilizados no sistema.<\/p>\n<p><strong>Santa Rita de Minas<\/strong><\/p>\n<p>O registro do candidato Ilton Freitas foi impugnado pelo Minist\u00e9rio P\u00fablico porque ele teve as contas p\u00fablicas rejeitadas pelo Tribunal de Contas da Uni\u00e3o (TCU), relacionadas a conv\u00eanios celebrados, nos anos de 2007 e 2008 (quando foi prefeito), entre o Munic\u00edpio de Santa Rita de Minas e a Uni\u00e3o (Minist\u00e9rio do Turismo), configurando a causa de inelegibilidade prevista no artigo 1\u00ba, I, al\u00ednea &#8220;g&#8221;, da Lei Complementar n. 64\/1990.<\/p>\n<p>O juiz eleitoral deferiu o registro, entendendo que as contas foram aprovadas pela C\u00e2mara Municipal. J\u00e1 a Corte Eleitoral definiu que o \u00f3rg\u00e3o competente para analisar contas de conv\u00eanio \u00e9 o Tribunal de Contas da Uni\u00e3o. E, analisando a decis\u00e3o do TCU, verificou estarem presentes os requisitos exigidos para configurar a hip\u00f3tese da al\u00ednea \u201cg\u201d, especialmente a exist\u00eancia de irregularidade insan\u00e1vel que configure ato doloso de improbidade administrativa. O indeferimento se deu por quatro votos a dois, em processo relatado pelo juiz Paulo Abrantes.<\/p>\n<p>Ilton Freitas foi o mais votado, recebendo 2.232 votos<\/p>\n<p><strong>Ibiracatu<\/strong><\/p>\n<p>Orivaldo Alves foi indeferido por dois fundamentos distintos. O primeiro motivo para seu indeferimento foi a dissid\u00eancia partid\u00e1ria do Partido da Rep\u00fablica no munic\u00edpio de Ibiracatu, lan\u00e7ando duas chapas distintas para prefeito. A conven\u00e7\u00e3o que escolheu Orivaldo foi invalidada pela Justi\u00e7a Eleitoral e o DRAP \u2013 processo que analisa a regularidade dos atos partid\u00e1rios &#8211; foi indeferido, fato esse que, por si s\u00f3, inviabilizaria a sua candidatura. Isso porque se o DRAP \u00e9 indeferido, os registros de candidaturas dele decorrentes tamb\u00e9m s\u00e3o, diante da rela\u00e7\u00e3o de prejudicialidade entre ambos.<\/p>\n<p>Al\u00e9m disso, no processo de registro de sua candidatura, foi tamb\u00e9m confirmada sua inelegibilidade, em raz\u00e3o da rejei\u00e7\u00e3o, pela C\u00e2mara Municipal de Ibiracatu, das contas dos anos de 2003 e 2004, quando foi prefeito (artigo 1\u00ba, I, al\u00ednea &#8220;g&#8221;, da Lei Complementar n. 64\/1990).<\/p>\n<p>Orivaldo teve 2.410 votos<\/p>\n<p><strong>Concei\u00e7\u00e3o do Rio Verde<\/strong><\/p>\n<p>Adilson Paganelli, ex-prefeito do munic\u00edpio, teve seu indeferimento confirmado pela Corte porque foi condenado pela pr\u00e1tica de atos que importaram em improbidade administrativa, atraindo o reconhecimento de sua inelegibilidade, nos termos do art. 1\u00b0, inciso I, al\u00ednea &#8216;l&#8217;, da Lei Complementar n\u00b0 64\/1990, desde a condena\u00e7\u00e3o at\u00e9 o transcurso do prazo de 08 (oito) anos ap\u00f3s o cumprimento da pena.<\/p>\n<p>Segundo o relator do processo, juiz Ricardo Torres Oliveira, \u201cda leitura da decis\u00e3o proferida pelo TJMG, resta claramente evidenciado o ato doloso de improbidade administrativa e a les\u00e3o ao patrim\u00f4nio p\u00fablico\u201d. A decis\u00e3o da Corte foi un\u00e2nime.<\/p>\n<p>O candidato teve 4.106 votos.<\/p>\n<p>Em todos os casos, h\u00e1 possibilidade de recurso.<\/p>\n<p><em>(Fonte: TRE-MG)<\/em><\/p>\n","protected":false},"excerpt":{"rendered":"<p>O Tribunal decidiu, nas sess\u00f5es de julgamento de quarta (26) e quinta-feira (27), mais quatro registros de candidaturas a prefeito, envolvendo candidatos que venceram nas urnas e est\u00e3o sub judice. Foram mantidos os indeferimentos de Orivaldo Alves de Oliveira (PR), em Ibiracatu, e Adilson Gon\u00e7alves de Oliveira Paganelli (PTC), em Concei\u00e7\u00e3o do Rio Verde. Nos [&hellip;]<\/p>\n","protected":false},"author":1,"featured_media":92935,"comment_status":"open","ping_status":"closed","sticky":false,"template":"","format":"standard","meta":{"amp_status":"","footnotes":""},"categories":[40236,123],"tags":[122929,1621,1704,122931,122928,122930,313,4313,122925,122924,122927,122926,122923,122932],"class_list":["post-100284","post","type-post","status-publish","format-standard","has-post-thumbnail","hentry","category-empregos-2","category-gerais","tag-adilson-goncalves-de-oliveira-paganelli","tag-conceicao-do-rio-verde","tag-ibiracatu","tag-ilton-rosa-de-freitas","tag-orivaldo-alves-de-oliveira","tag-rosa-luzia-mendes-assis","tag-santa-rita-de-minas","tag-santana-do-manhuacu","tag-tre-julga-registro-de-candidato-a-prefeito-mais-votado-em-conceicao-do-rio-verde","tag-tre-julga-registro-de-candidato-a-prefeito-mais-votado-em-ibiracatu","tag-tre-julga-registro-de-candidato-a-prefeito-mais-votado-em-santa-rita-de-minas","tag-tre-julga-registro-de-candidato-a-prefeito-mais-votado-em-santana-do-manhuacu","tag-tre-julga-registros-de-prefeitos-mais-votados-em-quatro-municipios-de-minas","tag-tre-julga-registros-de-prefeitos-mais-votados-em-quatro-municipios-de-minas-gerais"],"_links":{"self":[{"href":"https:\/\/aconteceunovale.com.br\/portal\/index.php?rest_route=\/wp\/v2\/posts\/100284","targetHints":{"allow":["GET"]}}],"collection":[{"href":"https:\/\/aconteceunovale.com.br\/portal\/index.php?rest_route=\/wp\/v2\/posts"}],"about":[{"href":"https:\/\/aconteceunovale.com.br\/portal\/index.php?rest_route=\/wp\/v2\/types\/post"}],"author":[{"embeddable":true,"href":"https:\/\/aconteceunovale.com.br\/portal\/index.php?rest_route=\/wp\/v2\/users\/1"}],"replies":[{"embeddable":true,"href":"https:\/\/aconteceunovale.com.br\/portal\/index.php?rest_route=%2Fwp%2Fv2%2Fcomments&post=100284"}],"version-history":[{"count":0,"href":"https:\/\/aconteceunovale.com.br\/portal\/index.php?rest_route=\/wp\/v2\/posts\/100284\/revisions"}],"wp:featuredmedia":[{"embeddable":true,"href":"https:\/\/aconteceunovale.com.br\/portal\/index.php?rest_route=\/wp\/v2\/media\/92935"}],"wp:attachment":[{"href":"https:\/\/aconteceunovale.com.br\/portal\/index.php?rest_route=%2Fwp%2Fv2%2Fmedia&parent=100284"}],"wp:term":[{"taxonomy":"category","embeddable":true,"href":"https:\/\/aconteceunovale.com.br\/portal\/index.php?rest_route=%2Fwp%2Fv2%2Fcategories&post=100284"},{"taxonomy":"post_tag","embeddable":true,"href":"https:\/\/aconteceunovale.com.br\/portal\/index.php?rest_route=%2Fwp%2Fv2%2Ftags&post=100284"}],"curies":[{"name":"wp","href":"https:\/\/api.w.org\/{rel}","templated":true}]}}