{"id":100279,"date":"2016-10-27T19:51:00","date_gmt":"2016-10-27T22:51:00","guid":{"rendered":"http:\/\/aconteceunovale.com.br\/portal\/?p=100279"},"modified":"2016-10-27T19:51:00","modified_gmt":"2016-10-27T22:51:00","slug":"ladrao-e-amarrado-por-populares-apos-tentativa-de-assalto-em-timoteo","status":"publish","type":"post","link":"https:\/\/aconteceunovale.com.br\/portal\/?p=100279","title":{"rendered":"Ladr\u00e3o \u00e9 amarrado por populares ap\u00f3s tentativa de assalto em Tim\u00f3teo"},"content":{"rendered":"<p>Um rapaz de 22 anos foi amarrado por moradores do Bairro Vale Verde, nesta quinta-feira (27\/10\/2016), em Tim\u00f3teo (MG), ap\u00f3s uma tentativa de assalto. Segundo a Pol\u00edcia Militar (PM), a v\u00edtima estava andando pela Rua Flamboyant quando o indiv\u00edduo a abordou na tentativa de levar um celular. Na sequ\u00eancia, ao perceberem a movimenta\u00e7\u00e3o, populares conseguiram capturar o autor e amarr\u00e1-lo, at\u00e9 a chegada da pol\u00edcia. Uma testemunha relatou ainda que o rapaz simulou estar com uma arma de fogo.<\/p>\n<p>De acordo com os militares, o rapaz tem passagens por roubo e furto e havia sa\u00eddo recentemente da pris\u00e3o. Ele foi encaminhado para a Delegacia de Tim\u00f3teo para demais provid\u00eancias.<\/p>\n<p><img decoding=\"async\" src=\"http:\/\/aconteceunovale.com.br\/portal\/wp-content\/uploads\/2016\/10\/ladrao_amarrado.jpg\" alt=\"\" \/><em>Assaltante foi amarrado por moradores em Tim\u00f3teo (Foto: Tati Souza\/Arquivo Pessoal)<\/em><br \/>\n<\/br><\/p>\n<p>(G1 dos Vales)<\/p>\n","protected":false},"excerpt":{"rendered":"<p>Um rapaz de 22 anos foi amarrado por moradores do Bairro Vale Verde, nesta quinta-feira (27\/10\/2016), em Tim\u00f3teo (MG), ap\u00f3s uma tentativa de assalto. Segundo a Pol\u00edcia Militar (PM), a v\u00edtima estava andando pela Rua Flamboyant quando o indiv\u00edduo a abordou na tentativa de levar um celular. Na sequ\u00eancia, ao perceberem a movimenta\u00e7\u00e3o, populares conseguiram [&hellip;]<\/p>\n","protected":false},"author":1,"featured_media":100280,"comment_status":"open","ping_status":"closed","sticky":false,"template":"","format":"standard","meta":{"amp_status":"","footnotes":""},"categories":[121],"tags":[122921,122920,122919,122918,101081,122922,1105],"class_list":["post-100279","post","type-post","status-publish","format-standard","has-post-thumbnail","hentry","category-leste","tag-assaltante-amarrado-em-timoteo","tag-bandido-amarrado-em-timoteo","tag-ladrao-amarrado-em-timoteo","tag-ladrao-e-amarrado-por-populares-apos-tentativa-de-assalto-em-timoteo","tag-preso-em-timoteo","tag-prisao-de-assaltante-em-timoteo","tag-timoteo"],"_links":{"self":[{"href":"https:\/\/aconteceunovale.com.br\/portal\/index.php?rest_route=\/wp\/v2\/posts\/100279","targetHints":{"allow":["GET"]}}],"collection":[{"href":"https:\/\/aconteceunovale.com.br\/portal\/index.php?rest_route=\/wp\/v2\/posts"}],"about":[{"href":"https:\/\/aconteceunovale.com.br\/portal\/index.php?rest_route=\/wp\/v2\/types\/post"}],"author":[{"embeddable":true,"href":"https:\/\/aconteceunovale.com.br\/portal\/index.php?rest_route=\/wp\/v2\/users\/1"}],"replies":[{"embeddable":true,"href":"https:\/\/aconteceunovale.com.br\/portal\/index.php?rest_route=%2Fwp%2Fv2%2Fcomments&post=100279"}],"version-history":[{"count":0,"href":"https:\/\/aconteceunovale.com.br\/portal\/index.php?rest_route=\/wp\/v2\/posts\/100279\/revisions"}],"wp:featuredmedia":[{"embeddable":true,"href":"https:\/\/aconteceunovale.com.br\/portal\/index.php?rest_route=\/wp\/v2\/media\/100280"}],"wp:attachment":[{"href":"https:\/\/aconteceunovale.com.br\/portal\/index.php?rest_route=%2Fwp%2Fv2%2Fmedia&parent=100279"}],"wp:term":[{"taxonomy":"category","embeddable":true,"href":"https:\/\/aconteceunovale.com.br\/portal\/index.php?rest_route=%2Fwp%2Fv2%2Fcategories&post=100279"},{"taxonomy":"post_tag","embeddable":true,"href":"https:\/\/aconteceunovale.com.br\/portal\/index.php?rest_route=%2Fwp%2Fv2%2Ftags&post=100279"}],"curies":[{"name":"wp","href":"https:\/\/api.w.org\/{rel}","templated":true}]}}