{"id":100274,"date":"2016-10-27T19:33:39","date_gmt":"2016-10-27T22:33:39","guid":{"rendered":"http:\/\/aconteceunovale.com.br\/portal\/?p=100274"},"modified":"2016-10-27T19:33:39","modified_gmt":"2016-10-27T22:33:39","slug":"crianca-morreu-apos-ser-espancada-em-bocaiuva-aponta-laudo","status":"publish","type":"post","link":"https:\/\/aconteceunovale.com.br\/portal\/?p=100274","title":{"rendered":"Crian\u00e7a morreu ap\u00f3s ser espancada em Bocaiuva, aponta laudo"},"content":{"rendered":"<p>O laudo do exame feito no corpo da crian\u00e7a, de sete anos, assassinada em Bocaiuva nesta ter\u00e7a-feira (25\/10), apontou que a causa da morte foi por um traumatismo cranioencef\u00e1lico, com hemorragia cerebral. De acordo com o delegado Leonardo Diniz, respons\u00e1vel pela investiga\u00e7\u00e3o, o laudo derruba a tese apontada pela m\u00e3e, que alegou que a v\u00edtima, Geovana Gabriela Fonseca Meneses, teria ingerido \u00e1gua da privada e por isso teria medicado por conta pr\u00f3pria a menina.<\/p>\n<p>Ainda de acordo com o Leonardo Diniz, o padrasto da crian\u00e7a, Alisson Costa Cardoso, de 28 anos, prestou depoimento nesta quinta-feira (27) e confessou ter presenciado a m\u00e3e, Jennifer Michelle Fonseca, espancar a crian\u00e7a por diversas vezes.<\/p>\n<p>\u201cEle afirmou que as agress\u00f5es eram constantes; umas com maior e outras com menor intensidade. Todos os dias a crian\u00e7a sofria agress\u00f5es. Inclusive, na segunda-feira (24) a crian\u00e7a foi espancada novamente e chegou a vomitar sangue. O padrasto disse tamb\u00e9m que nunca interviu por n\u00e3o ser o pai da crian\u00e7a\u201d, afirma.<\/p>\n<p><img decoding=\"async\" src=\"http:\/\/aconteceunovale.com.br\/portal\/wp-content\/uploads\/2016\/10\/crianca_bocaiuva.jpg\" alt=\"\" \/><em>Geovana Gabriela tinha sete anos (Foto: Reprodu\u00e7\u00e3o)<\/em><br \/>\n<\/br><\/p>\n<p>Ainda durante o depoimento, o padrasto afirmou que na ter\u00e7a-feira (25), por volta das 17h, a crian\u00e7a sofreu novas agress\u00f5es. \u201cN\u00f3s acreditamos que a morte tenha sido provocada na segunda-feira. Na ter\u00e7a-feira ela j\u00e1 n\u00e3o conseguia se alimentar e tamb\u00e9m n\u00e3o conseguiu ficar em p\u00e9 sozinha. Mesmo assim sofreu nova agress\u00e3o sendo puxada pelos cabelos e jogada na parede\u201d, diz o delegado.<\/p>\n<p>Vizinhos da fam\u00edlia tamb\u00e9m disseram \u00e0 Pol\u00edcia Civil terem ouvido barulhos das agress\u00f5es. O caso j\u00e1 tinha sido denunciado ao Conselho Tutelar da cidade outras vezes. O delegado disse tamb\u00e9m que ir\u00e1 colher novo depoimento da m\u00e3e da crian\u00e7a nesta sexta-feira (28). Ele disse tamb\u00e9m que deve pedir a reconstitui\u00e7\u00e3o do crime.<\/p>\n<p><strong>Entenda o caso<\/strong><\/p>\n<p>A menina foi encontrada morta na noite dessa ter\u00e7a-feira (25), na casa da fam\u00edlia, no Bairro Pernambuco. A Pol\u00edcia Militar foi chamada pelo Samu, depois que o \u00f3bito da crian\u00e7a foi constatado. Ela apresentava escoria\u00e7\u00f5es pelo corpo e uma les\u00e3o no pulso. A m\u00e3e e o padrasto foram conduzidos para a delegacia de plant\u00e3o onde foram presos em flagrante.<\/p>\n<p>A Pol\u00edcia Civil informou que a pris\u00e3o foi convertida em preventiva, ou seja, sem prazo determinado.<\/p>\n<p><img decoding=\"async\" src=\"http:\/\/aconteceunovale.com.br\/portal\/wp-content\/uploads\/2016\/10\/presos_bocaiuva.jpeg\" alt=\"\" \/><em>Homem e mulher foram presos em Bocaiuva (Foto: Inter TV\/Reprodu\u00e7\u00e3o)<\/em><br \/>\n<\/br><\/p>\n<p><em>(Fonte: G1 Grande Minas\/Valdivan Veloso)<\/em><\/p>\n","protected":false},"excerpt":{"rendered":"<p>O laudo do exame feito no corpo da crian\u00e7a, de sete anos, assassinada em Bocaiuva nesta ter\u00e7a-feira (25\/10), apontou que a causa da morte foi por um traumatismo cranioencef\u00e1lico, com hemorragia cerebral. De acordo com o delegado Leonardo Diniz, respons\u00e1vel pela investiga\u00e7\u00e3o, o laudo derruba a tese apontada pela m\u00e3e, que alegou que a v\u00edtima, [&hellip;]<\/p>\n","protected":false},"author":1,"featured_media":100276,"comment_status":"open","ping_status":"closed","sticky":false,"template":"","format":"standard","meta":{"amp_status":"","footnotes":""},"categories":[1236],"tags":[122916,122648,645,122645,122917,122915,122649,122646,122647,39393,76348],"class_list":["post-100274","post","type-post","status-publish","format-standard","has-post-thumbnail","hentry","category-norte_de_minas","tag-alisson-costa-cardoso","tag-alisson-fonseca-menezes","tag-bocaiuva","tag-casal-e-preso-por-morte-de-menina-de-sete-anos-em-bocaiuva","tag-geovana-gabriela-fonseca-meneses","tag-jennifer-michele-fonseca","tag-morte-de-crianca-em-bocaiuva","tag-morte-de-menina-em-bocaiuva","tag-morte-em-bocaiuva","tag-presos-em-bocaiuva"],"yoast_head":"<!-- This site is optimized with the Yoast SEO plugin v28.3 - https:\/\/yoast.com\/product\/yoast-seo-wordpress\/ -->\n<title>Crian\u00e7a morreu ap\u00f3s ser espancada em Bocaiuva, aponta laudo - Aconteceu no Vale<\/title>\n<meta name=\"robots\" content=\"index, follow, max-snippet:-1, max-image-preview:large, max-video-preview:-1\" \/>\n<link rel=\"canonical\" href=\"https:\/\/aconteceunovale.com.br\/portal\/?p=100274\" \/>\n<meta property=\"og:locale\" content=\"pt_BR\" \/>\n<meta property=\"og:type\" content=\"article\" \/>\n<meta property=\"og:title\" content=\"Crian\u00e7a morreu ap\u00f3s ser espancada em Bocaiuva, aponta laudo - Aconteceu no Vale\" \/>\n<meta property=\"og:description\" content=\"O laudo do exame feito no corpo da crian\u00e7a, de sete anos, assassinada em Bocaiuva nesta ter\u00e7a-feira (25\/10), apontou que a causa da morte foi por um traumatismo cranioencef\u00e1lico, com hemorragia cerebral. De acordo com o delegado Leonardo Diniz, respons\u00e1vel pela investiga\u00e7\u00e3o, o laudo derruba a tese apontada pela m\u00e3e, que alegou que a v\u00edtima, [&hellip;]\" \/>\n<meta property=\"og:url\" content=\"https:\/\/aconteceunovale.com.br\/portal\/?p=100274\" \/>\n<meta property=\"og:site_name\" content=\"Aconteceu no Vale\" \/>\n<meta property=\"article:publisher\" content=\"https:\/\/www.facebook.com\/aconteceunovale\/\" \/>\n<meta property=\"article:published_time\" content=\"2016-10-27T22:33:39+00:00\" \/>\n<meta property=\"og:image\" content=\"https:\/\/aconteceunovale.com.br\/portal\/wp-content\/uploads\/2016\/10\/crianca_bocaiuva.jpg\" \/>\n\t<meta property=\"og:image:width\" content=\"547\" \/>\n\t<meta property=\"og:image:height\" content=\"369\" \/>\n\t<meta property=\"og:image:type\" content=\"image\/jpeg\" \/>\n<meta name=\"author\" content=\"Aconteceu no Vale\" \/>\n<meta name=\"twitter:card\" content=\"summary_large_image\" \/>\n<meta name=\"twitter:creator\" content=\"@noticiadosvales\" \/>\n<meta name=\"twitter:site\" content=\"@noticiadosvales\" \/>\n<meta name=\"twitter:label1\" content=\"Escrito por\" \/>\n\t<meta name=\"twitter:data1\" content=\"Aconteceu no Vale\" \/>\n\t<meta name=\"twitter:label2\" content=\"Est. tempo de leitura\" \/>\n\t<meta name=\"twitter:data2\" content=\"2 minutos\" \/>\n<script type=\"application\/ld+json\" class=\"yoast-schema-graph\">{\"@context\":\"https:\\\/\\\/schema.org\",\"@graph\":[{\"@type\":\"Article\",\"@id\":\"https:\\\/\\\/aconteceunovale.com.br\\\/portal\\\/?p=100274#article\",\"isPartOf\":{\"@id\":\"https:\\\/\\\/aconteceunovale.com.br\\\/portal\\\/?p=100274\"},\"author\":{\"name\":\"Aconteceu no Vale\",\"@id\":\"https:\\\/\\\/aconteceunovale.com.br\\\/portal\\\/#\\\/schema\\\/person\\\/633529146f2c94272bef50ac2953d589\"},\"headline\":\"Crian\u00e7a morreu ap\u00f3s ser espancada em Bocaiuva, aponta laudo\",\"datePublished\":\"2016-10-27T22:33:39+00:00\",\"mainEntityOfPage\":{\"@id\":\"https:\\\/\\\/aconteceunovale.com.br\\\/portal\\\/?p=100274\"},\"wordCount\":429,\"commentCount\":0,\"image\":{\"@id\":\"https:\\\/\\\/aconteceunovale.com.br\\\/portal\\\/?p=100274#primaryimage\"},\"thumbnailUrl\":\"https:\\\/\\\/aconteceunovale.com.br\\\/portal\\\/wp-content\\\/uploads\\\/2016\\\/10\\\/crianca_bocaiuva.jpg\",\"keywords\":[\"Alisson Costa Cardoso\",\"Alisson Fonseca Menezes\",\"Bocai\u00fava\",\"Casal \u00e9 preso por morte de menina de sete anos em Bocaiuva\",\"Crian\u00e7a morreu ap\u00f3s ser espancada em Bocaiuva\",\"Geovana Gabriela Fonseca Meneses\",\"Jennifer Michele Fonseca\",\"Morte de crian\u00e7a em Bocaiuva\",\"Morte de menina em Bocaiuva\",\"morte em Bocaiuva\",\"presos em bocaiuva\"],\"articleSection\":[\"Norte de Minas\"],\"inLanguage\":\"pt-BR\",\"potentialAction\":[{\"@type\":\"CommentAction\",\"name\":\"Comment\",\"target\":[\"https:\\\/\\\/aconteceunovale.com.br\\\/portal\\\/?p=100274#respond\"]}]},{\"@type\":\"WebPage\",\"@id\":\"https:\\\/\\\/aconteceunovale.com.br\\\/portal\\\/?p=100274\",\"url\":\"https:\\\/\\\/aconteceunovale.com.br\\\/portal\\\/?p=100274\",\"name\":\"Crian\u00e7a morreu ap\u00f3s ser espancada em Bocaiuva, aponta laudo - Aconteceu no Vale\",\"isPartOf\":{\"@id\":\"https:\\\/\\\/aconteceunovale.com.br\\\/portal\\\/#website\"},\"primaryImageOfPage\":{\"@id\":\"https:\\\/\\\/aconteceunovale.com.br\\\/portal\\\/?p=100274#primaryimage\"},\"image\":{\"@id\":\"https:\\\/\\\/aconteceunovale.com.br\\\/portal\\\/?p=100274#primaryimage\"},\"thumbnailUrl\":\"https:\\\/\\\/aconteceunovale.com.br\\\/portal\\\/wp-content\\\/uploads\\\/2016\\\/10\\\/crianca_bocaiuva.jpg\",\"datePublished\":\"2016-10-27T22:33:39+00:00\",\"author\":{\"@id\":\"https:\\\/\\\/aconteceunovale.com.br\\\/portal\\\/#\\\/schema\\\/person\\\/633529146f2c94272bef50ac2953d589\"},\"breadcrumb\":{\"@id\":\"https:\\\/\\\/aconteceunovale.com.br\\\/portal\\\/?p=100274#breadcrumb\"},\"inLanguage\":\"pt-BR\",\"potentialAction\":[{\"@type\":\"ReadAction\",\"target\":[\"https:\\\/\\\/aconteceunovale.com.br\\\/portal\\\/?p=100274\"]}]},{\"@type\":\"ImageObject\",\"inLanguage\":\"pt-BR\",\"@id\":\"https:\\\/\\\/aconteceunovale.com.br\\\/portal\\\/?p=100274#primaryimage\",\"url\":\"https:\\\/\\\/aconteceunovale.com.br\\\/portal\\\/wp-content\\\/uploads\\\/2016\\\/10\\\/crianca_bocaiuva.jpg\",\"contentUrl\":\"https:\\\/\\\/aconteceunovale.com.br\\\/portal\\\/wp-content\\\/uploads\\\/2016\\\/10\\\/crianca_bocaiuva.jpg\",\"width\":547,\"height\":369},{\"@type\":\"BreadcrumbList\",\"@id\":\"https:\\\/\\\/aconteceunovale.com.br\\\/portal\\\/?p=100274#breadcrumb\",\"itemListElement\":[{\"@type\":\"ListItem\",\"position\":1,\"name\":\"In\u00edcio\",\"item\":\"https:\\\/\\\/aconteceunovale.com.br\\\/portal\\\/\"},{\"@type\":\"ListItem\",\"position\":2,\"name\":\"Crian\u00e7a morreu ap\u00f3s ser espancada em Bocaiuva, aponta laudo\"}]},{\"@type\":\"WebSite\",\"@id\":\"https:\\\/\\\/aconteceunovale.com.br\\\/portal\\\/#website\",\"url\":\"https:\\\/\\\/aconteceunovale.com.br\\\/portal\\\/\",\"name\":\"Aconteceu no Vale\",\"description\":\"Portal de Not\u00edcias\",\"potentialAction\":[{\"@type\":\"SearchAction\",\"target\":{\"@type\":\"EntryPoint\",\"urlTemplate\":\"https:\\\/\\\/aconteceunovale.com.br\\\/portal\\\/?s={search_term_string}\"},\"query-input\":{\"@type\":\"PropertyValueSpecification\",\"valueRequired\":true,\"valueName\":\"search_term_string\"}}],\"inLanguage\":\"pt-BR\"},{\"@type\":\"Person\",\"@id\":\"https:\\\/\\\/aconteceunovale.com.br\\\/portal\\\/#\\\/schema\\\/person\\\/633529146f2c94272bef50ac2953d589\",\"name\":\"Aconteceu no Vale\",\"description\":\"Equipe de reportagem do Aconteceu no Vale, portal de not\u00edcias do Vale do Jequitinhonha, em Minas Gerais. Cobrimos as 51 cidades do Vale desde 2013. Sugest\u00f5es de pauta e pedidos de corre\u00e7\u00e3o: contato@aconteceunovale.com.br\",\"sameAs\":[\"http:\\\/\\\/www.aconteceunovale.com.br\"],\"url\":\"https:\\\/\\\/aconteceunovale.com.br\\\/portal\\\/?author=1\"}]}<\/script>\n<!-- \/ Yoast SEO plugin. -->","yoast_head_json":{"title":"Crian\u00e7a morreu ap\u00f3s ser espancada em Bocaiuva, aponta laudo - Aconteceu no Vale","robots":{"index":"index","follow":"follow","max-snippet":"max-snippet:-1","max-image-preview":"max-image-preview:large","max-video-preview":"max-video-preview:-1"},"canonical":"https:\/\/aconteceunovale.com.br\/portal\/?p=100274","og_locale":"pt_BR","og_type":"article","og_title":"Crian\u00e7a morreu ap\u00f3s ser espancada em Bocaiuva, aponta laudo - Aconteceu no Vale","og_description":"O laudo do exame feito no corpo da crian\u00e7a, de sete anos, assassinada em Bocaiuva nesta ter\u00e7a-feira (25\/10), apontou que a causa da morte foi por um traumatismo cranioencef\u00e1lico, com hemorragia cerebral. De acordo com o delegado Leonardo Diniz, respons\u00e1vel pela investiga\u00e7\u00e3o, o laudo derruba a tese apontada pela m\u00e3e, que alegou que a v\u00edtima, [&hellip;]","og_url":"https:\/\/aconteceunovale.com.br\/portal\/?p=100274","og_site_name":"Aconteceu no Vale","article_publisher":"https:\/\/www.facebook.com\/aconteceunovale\/","article_published_time":"2016-10-27T22:33:39+00:00","og_image":[{"width":547,"height":369,"url":"https:\/\/aconteceunovale.com.br\/portal\/wp-content\/uploads\/2016\/10\/crianca_bocaiuva.jpg","type":"image\/jpeg"}],"author":"Aconteceu no Vale","twitter_card":"summary_large_image","twitter_creator":"@noticiadosvales","twitter_site":"@noticiadosvales","twitter_misc":{"Escrito por":"Aconteceu no Vale","Est. tempo de leitura":"2 minutos"},"schema":{"@context":"https:\/\/schema.org","@graph":[{"@type":"Article","@id":"https:\/\/aconteceunovale.com.br\/portal\/?p=100274#article","isPartOf":{"@id":"https:\/\/aconteceunovale.com.br\/portal\/?p=100274"},"author":{"name":"Aconteceu no Vale","@id":"https:\/\/aconteceunovale.com.br\/portal\/#\/schema\/person\/633529146f2c94272bef50ac2953d589"},"headline":"Crian\u00e7a morreu ap\u00f3s ser espancada em Bocaiuva, aponta laudo","datePublished":"2016-10-27T22:33:39+00:00","mainEntityOfPage":{"@id":"https:\/\/aconteceunovale.com.br\/portal\/?p=100274"},"wordCount":429,"commentCount":0,"image":{"@id":"https:\/\/aconteceunovale.com.br\/portal\/?p=100274#primaryimage"},"thumbnailUrl":"https:\/\/aconteceunovale.com.br\/portal\/wp-content\/uploads\/2016\/10\/crianca_bocaiuva.jpg","keywords":["Alisson Costa Cardoso","Alisson Fonseca Menezes","Bocai\u00fava","Casal \u00e9 preso por morte de menina de sete anos em Bocaiuva","Crian\u00e7a morreu ap\u00f3s ser espancada em Bocaiuva","Geovana Gabriela Fonseca Meneses","Jennifer Michele Fonseca","Morte de crian\u00e7a em Bocaiuva","Morte de menina em Bocaiuva","morte em Bocaiuva","presos em bocaiuva"],"articleSection":["Norte de Minas"],"inLanguage":"pt-BR","potentialAction":[{"@type":"CommentAction","name":"Comment","target":["https:\/\/aconteceunovale.com.br\/portal\/?p=100274#respond"]}]},{"@type":"WebPage","@id":"https:\/\/aconteceunovale.com.br\/portal\/?p=100274","url":"https:\/\/aconteceunovale.com.br\/portal\/?p=100274","name":"Crian\u00e7a morreu ap\u00f3s ser espancada em Bocaiuva, aponta laudo - Aconteceu no Vale","isPartOf":{"@id":"https:\/\/aconteceunovale.com.br\/portal\/#website"},"primaryImageOfPage":{"@id":"https:\/\/aconteceunovale.com.br\/portal\/?p=100274#primaryimage"},"image":{"@id":"https:\/\/aconteceunovale.com.br\/portal\/?p=100274#primaryimage"},"thumbnailUrl":"https:\/\/aconteceunovale.com.br\/portal\/wp-content\/uploads\/2016\/10\/crianca_bocaiuva.jpg","datePublished":"2016-10-27T22:33:39+00:00","author":{"@id":"https:\/\/aconteceunovale.com.br\/portal\/#\/schema\/person\/633529146f2c94272bef50ac2953d589"},"breadcrumb":{"@id":"https:\/\/aconteceunovale.com.br\/portal\/?p=100274#breadcrumb"},"inLanguage":"pt-BR","potentialAction":[{"@type":"ReadAction","target":["https:\/\/aconteceunovale.com.br\/portal\/?p=100274"]}]},{"@type":"ImageObject","inLanguage":"pt-BR","@id":"https:\/\/aconteceunovale.com.br\/portal\/?p=100274#primaryimage","url":"https:\/\/aconteceunovale.com.br\/portal\/wp-content\/uploads\/2016\/10\/crianca_bocaiuva.jpg","contentUrl":"https:\/\/aconteceunovale.com.br\/portal\/wp-content\/uploads\/2016\/10\/crianca_bocaiuva.jpg","width":547,"height":369},{"@type":"BreadcrumbList","@id":"https:\/\/aconteceunovale.com.br\/portal\/?p=100274#breadcrumb","itemListElement":[{"@type":"ListItem","position":1,"name":"In\u00edcio","item":"https:\/\/aconteceunovale.com.br\/portal\/"},{"@type":"ListItem","position":2,"name":"Crian\u00e7a morreu ap\u00f3s ser espancada em Bocaiuva, aponta laudo"}]},{"@type":"WebSite","@id":"https:\/\/aconteceunovale.com.br\/portal\/#website","url":"https:\/\/aconteceunovale.com.br\/portal\/","name":"Aconteceu no Vale","description":"Portal de Not\u00edcias","potentialAction":[{"@type":"SearchAction","target":{"@type":"EntryPoint","urlTemplate":"https:\/\/aconteceunovale.com.br\/portal\/?s={search_term_string}"},"query-input":{"@type":"PropertyValueSpecification","valueRequired":true,"valueName":"search_term_string"}}],"inLanguage":"pt-BR"},{"@type":"Person","@id":"https:\/\/aconteceunovale.com.br\/portal\/#\/schema\/person\/633529146f2c94272bef50ac2953d589","name":"Aconteceu no Vale","description":"Equipe de reportagem do Aconteceu no Vale, portal de not\u00edcias do Vale do Jequitinhonha, em Minas Gerais. Cobrimos as 51 cidades do Vale desde 2013. Sugest\u00f5es de pauta e pedidos de corre\u00e7\u00e3o: contato@aconteceunovale.com.br","sameAs":["http:\/\/www.aconteceunovale.com.br"],"url":"https:\/\/aconteceunovale.com.br\/portal\/?author=1"}]}},"_links":{"self":[{"href":"https:\/\/aconteceunovale.com.br\/portal\/index.php?rest_route=\/wp\/v2\/posts\/100274","targetHints":{"allow":["GET"]}}],"collection":[{"href":"https:\/\/aconteceunovale.com.br\/portal\/index.php?rest_route=\/wp\/v2\/posts"}],"about":[{"href":"https:\/\/aconteceunovale.com.br\/portal\/index.php?rest_route=\/wp\/v2\/types\/post"}],"author":[{"embeddable":true,"href":"https:\/\/aconteceunovale.com.br\/portal\/index.php?rest_route=\/wp\/v2\/users\/1"}],"replies":[{"embeddable":true,"href":"https:\/\/aconteceunovale.com.br\/portal\/index.php?rest_route=%2Fwp%2Fv2%2Fcomments&post=100274"}],"version-history":[{"count":0,"href":"https:\/\/aconteceunovale.com.br\/portal\/index.php?rest_route=\/wp\/v2\/posts\/100274\/revisions"}],"wp:featuredmedia":[{"embeddable":true,"href":"https:\/\/aconteceunovale.com.br\/portal\/index.php?rest_route=\/wp\/v2\/media\/100276"}],"wp:attachment":[{"href":"https:\/\/aconteceunovale.com.br\/portal\/index.php?rest_route=%2Fwp%2Fv2%2Fmedia&parent=100274"}],"wp:term":[{"taxonomy":"category","embeddable":true,"href":"https:\/\/aconteceunovale.com.br\/portal\/index.php?rest_route=%2Fwp%2Fv2%2Fcategories&post=100274"},{"taxonomy":"post_tag","embeddable":true,"href":"https:\/\/aconteceunovale.com.br\/portal\/index.php?rest_route=%2Fwp%2Fv2%2Ftags&post=100274"}],"curies":[{"name":"wp","href":"https:\/\/api.w.org\/{rel}","templated":true}]}}