{"id":100261,"date":"2016-10-27T18:18:19","date_gmt":"2016-10-27T21:18:19","guid":{"rendered":"http:\/\/aconteceunovale.com.br\/portal\/?p=100261"},"modified":"2016-10-27T18:18:19","modified_gmt":"2016-10-27T21:18:19","slug":"tecnicos-administrativos-da-ufvjm-ifmg-cefet-mg-e-ufmg-entrarao-em-greve-a-partir-de-31-de-outubro","status":"publish","type":"post","link":"https:\/\/aconteceunovale.com.br\/portal\/?p=100261","title":{"rendered":"T\u00e9cnicos-administrativos da UFVJM, IFMG, Cefet -MG e UFMG entrar\u00e3o em greve a partir de 31 de outubro"},"content":{"rendered":"<p>A partir da pr\u00f3xima segunda-feira (31\/10\/2016) ter\u00e1 in\u00edcio uma greve por tempo indeterminado dos servidores t\u00e9cnico-administrativos da Universidade Federal de Minas Gerais (UFMG), do Centro Federal de Educa\u00e7\u00e3o Tecnol\u00f3gica de Minas Gerais (Cefet-MG), da Universidade Federal dos Vales do Jequitinhonha e Mucuri (UFVJM) e do Instituto Federal de Minas Gerais (IFMG). O movimento foi decidido na tarde desta quinta-feira (27) durante assembleia da categoria realizada no sagu\u00e3o da reitoria do Campus Pampulha da UFMG.<\/p>\n<p>De acordo com o Sindicato dos Trabalhadores nas Institui\u00e7\u00f5es Federais de Ensino (SINDIFES), a &#8220;Greve em Defesa da Educa\u00e7\u00e3o&#8221; \u00e9 uma forma de enfrentamento \u00e0 PEC 241\/16, aprovada em 2\u00ba turno pela C\u00e2mara Federal nesta quarta-feira (26), e de combate tamb\u00e9m \u00e0 &#8220;reforma da Previd\u00eancia e demais ataques ao Servi\u00e7o P\u00fablico&#8221;.<\/p>\n<p>O movimento dos t\u00e9cnico-administrativos j\u00e1 foi deflagrado em 28 universidades do pa\u00eds, entre elas, as mineiras de S\u00e3o Jo\u00e3o del-Rei (UFSJ), Lavras (UFLA), Alfenas (UNIFAL), Vi\u00e7osa (UFV) e Uberl\u00e2ndia (UFU).<\/p>\n<p>Questionado sobre quantos servidores dever\u00e3o parar e quais servi\u00e7os ser\u00e3o afetados com a paralisa\u00e7\u00e3o, o Sindifes disse que s\u00f3  poder\u00e1 afirmar isso ap\u00f3s o in\u00edcio da greve, mas que nas quatro institui\u00e7\u00f5es que decidiram pela greve estima-se um total de 11 mil trabalhadores. Apesar disso, o sindicato adiantou que geralmente os setores mais afetados s\u00e3o a biblioteca, laborat\u00f3rios e secretarias de ensino.<\/p>\n<p><img decoding=\"async\" src=\"http:\/\/aconteceunovale.com.br\/portal\/wp-content\/uploads\/2016\/10\/greve_sindifes_3.jpg\" alt=\"\" \/><em>Servidores decidiram pela greve em assembleia, nesta quinta-feira (Foto: Divulga\u00e7\u00e3o\/Sindifes)<\/em><br \/>\n<\/br><\/p>\n<p><strong>Apoio de alunos e professores<\/strong><\/p>\n<p>Apesar do movimento paralisar alguns servi\u00e7os prestados aos alunos, estudantes estiveram na assembleia e declaram apoio ao movimento dos t\u00e9cnico-administrativos, al\u00e9m pedir apoio da categoria \u00e0s ocupa\u00e7\u00f5es que aconteceu nas universidades tamb\u00e9m contra a proposta do governo federal.<\/p>\n<p>Ainda de acordo com o sindicato, um grupo de professores da UFMG, sem movimento sindical, ir\u00e1 se reunir em assembleia na segunda-feira para definir se tamb\u00e9m participar\u00e3o da greve contra a PEC.<\/p>\n<p><img decoding=\"async\" src=\"http:\/\/aconteceunovale.com.br\/portal\/wp-content\/uploads\/2016\/10\/greve_sindifes_1.jpg\" alt=\"\" \/><em>Servidores decidiram pela greve em assembleia, nesta quinta-feira (Foto: Divulga\u00e7\u00e3o\/Sindifes)<\/em><br \/>\n<\/br><\/p>\n<p><em>(Fonte: O Tempo\/Jos\u00e9 V\u00edtor Camilo)<\/em><\/p>\n","protected":false},"excerpt":{"rendered":"<p>A partir da pr\u00f3xima segunda-feira (31\/10\/2016) ter\u00e1 in\u00edcio uma greve por tempo indeterminado dos servidores t\u00e9cnico-administrativos da Universidade Federal de Minas Gerais (UFMG), do Centro Federal de Educa\u00e7\u00e3o Tecnol\u00f3gica de Minas Gerais (Cefet-MG), da Universidade Federal dos Vales do Jequitinhonha e Mucuri (UFVJM) e do Instituto Federal de Minas Gerais (IFMG). O movimento foi decidido [&hellip;]<\/p>\n","protected":false},"author":1,"featured_media":100264,"comment_status":"open","ping_status":"closed","sticky":false,"template":"","format":"standard","meta":{"amp_status":"","footnotes":""},"categories":[40238,123,120],"tags":[45074,45079,122891,122893,122887,122889,122883,122885,122888,122884,122890,122886,122897,49391,122895,46707,46706,122892,122894,160,37409,110244,122896,52421,122901,122900,122902,122899,10090,874,27305,42967,37378,250,122898,24166,7129],"class_list":["post-100261","post","type-post","status-publish","format-standard","has-post-thumbnail","hentry","category-educacao-2","category-gerais","category-jequi","tag-cefet-mg","tag-centro-federal-de-educacao-tecnologica-de-minas-gerais","tag-greve-cefet-mg","tag-greve-centro-federal-de-educacao-tecnologica-de-minas-gerais","tag-greve-dos-servidores-tecnico-administrativos-da-ufmg","tag-greve-dos-servidores-tecnico-administrativos-da-ufvjm","tag-greve-dos-servidores-tecnico-administrativos-da-universidade-federal-de-minas-gerais","tag-greve-dos-servidores-tecnico-administrativos-da-universidade-federal-dos-vales-do-jequitinhonha-e-mucuri","tag-greve-dos-servidores-tecnico-administrativos-do-cefet-mg","tag-greve-dos-servidores-tecnico-administrativos-do-centro-federal-de-educacao-tecnologica-de-minas-gerais","tag-greve-dos-servidores-tecnico-administrativos-do-ifmg","tag-greve-dos-servidores-tecnico-administrativos-do-instituto-federal-de-minas-gerais","tag-greve-em-defesa-da-educacao","tag-greve-ifmg","tag-greve-instituto-federal-de-minas-gerais","tag-greve-ufmg","tag-greve-ufvjm","tag-greve-universidade-federal-de-minas-gerais","tag-greve-universidade-federal-dos-vales-do-jequitinhonha-e-mucuri","tag-ifmg","tag-instituto-federal-de-minas-gerais","tag-pec-241","tag-sindicato-dos-trabalhadores-nas-instituicoes-federais-de-ensino","tag-sindifes","tag-tecnicos-administrativos-da-cefet-mg-entrarao-em-greve-a-partir-de-31-de-outubro","tag-tecnicos-administrativos-da-ifmg-entrarao-em-greve-a-partir-de-31-de-outubro","tag-tecnicos-administrativos-da-ufmg-entrarao-em-greve-a-partir-de-31-de-outubro","tag-tecnicos-administrativos-da-ufvjm-entrarao-em-greve-a-partir-de-31-de-outubro","tag-ufla","tag-ufmg","tag-ufsj","tag-ufu","tag-ufv","tag-ufvjm","tag-unifal","tag-universidade-federal-de-minas-gerais","tag-universidade-federal-dos-vales-do-jequitinhonha-e-mucuri"],"yoast_head":"<!-- This site is optimized with the Yoast SEO plugin v28.3 - https:\/\/yoast.com\/product\/yoast-seo-wordpress\/ -->\n<title>T\u00e9cnicos-administrativos da UFVJM, IFMG, Cefet -MG e UFMG entrar\u00e3o em greve a partir de 31 de outubro - Aconteceu no Vale<\/title>\n<meta name=\"robots\" content=\"index, follow, max-snippet:-1, max-image-preview:large, max-video-preview:-1\" \/>\n<link rel=\"canonical\" href=\"https:\/\/aconteceunovale.com.br\/portal\/?p=100261\" \/>\n<meta property=\"og:locale\" content=\"pt_BR\" \/>\n<meta property=\"og:type\" content=\"article\" \/>\n<meta property=\"og:title\" content=\"T\u00e9cnicos-administrativos da UFVJM, IFMG, Cefet -MG e UFMG entrar\u00e3o em greve a partir de 31 de outubro - Aconteceu no Vale\" \/>\n<meta property=\"og:description\" content=\"A partir da pr\u00f3xima segunda-feira (31\/10\/2016) ter\u00e1 in\u00edcio uma greve por tempo indeterminado dos servidores t\u00e9cnico-administrativos da Universidade Federal de Minas Gerais (UFMG), do Centro Federal de Educa\u00e7\u00e3o Tecnol\u00f3gica de Minas Gerais (Cefet-MG), da Universidade Federal dos Vales do Jequitinhonha e Mucuri (UFVJM) e do Instituto Federal de Minas Gerais (IFMG). O movimento foi decidido [&hellip;]\" \/>\n<meta property=\"og:url\" content=\"https:\/\/aconteceunovale.com.br\/portal\/?p=100261\" \/>\n<meta property=\"og:site_name\" content=\"Aconteceu no Vale\" \/>\n<meta property=\"article:publisher\" content=\"https:\/\/www.facebook.com\/aconteceunovale\/\" \/>\n<meta property=\"article:published_time\" content=\"2016-10-27T21:18:19+00:00\" \/>\n<meta property=\"og:image\" content=\"https:\/\/aconteceunovale.com.br\/portal\/wp-content\/uploads\/2016\/10\/greve_sindifes_3.jpg\" \/>\n\t<meta property=\"og:image:width\" content=\"663\" \/>\n\t<meta property=\"og:image:height\" content=\"350\" \/>\n\t<meta property=\"og:image:type\" content=\"image\/jpeg\" \/>\n<meta name=\"author\" content=\"Aconteceu no Vale\" \/>\n<meta name=\"twitter:card\" content=\"summary_large_image\" \/>\n<meta name=\"twitter:creator\" content=\"@noticiadosvales\" \/>\n<meta name=\"twitter:site\" content=\"@noticiadosvales\" \/>\n<meta name=\"twitter:label1\" content=\"Escrito por\" \/>\n\t<meta name=\"twitter:data1\" content=\"Aconteceu no Vale\" \/>\n\t<meta name=\"twitter:label2\" content=\"Est. tempo de leitura\" \/>\n\t<meta name=\"twitter:data2\" content=\"2 minutos\" \/>\n<script type=\"application\/ld+json\" class=\"yoast-schema-graph\">{\"@context\":\"https:\\\/\\\/schema.org\",\"@graph\":[{\"@type\":\"Article\",\"@id\":\"https:\\\/\\\/aconteceunovale.com.br\\\/portal\\\/?p=100261#article\",\"isPartOf\":{\"@id\":\"https:\\\/\\\/aconteceunovale.com.br\\\/portal\\\/?p=100261\"},\"author\":{\"name\":\"Aconteceu no Vale\",\"@id\":\"https:\\\/\\\/aconteceunovale.com.br\\\/portal\\\/#\\\/schema\\\/person\\\/633529146f2c94272bef50ac2953d589\"},\"headline\":\"T\u00e9cnicos-administrativos da UFVJM, IFMG, Cefet -MG e UFMG entrar\u00e3o em greve a partir de 31 de outubro\",\"datePublished\":\"2016-10-27T21:18:19+00:00\",\"mainEntityOfPage\":{\"@id\":\"https:\\\/\\\/aconteceunovale.com.br\\\/portal\\\/?p=100261\"},\"wordCount\":366,\"commentCount\":0,\"image\":{\"@id\":\"https:\\\/\\\/aconteceunovale.com.br\\\/portal\\\/?p=100261#primaryimage\"},\"thumbnailUrl\":\"https:\\\/\\\/aconteceunovale.com.br\\\/portal\\\/wp-content\\\/uploads\\\/2016\\\/10\\\/greve_sindifes_3.jpg\",\"keywords\":[\"CEFET-MG\",\"Centro Federal de Educa\u00e7\u00e3o Tecnol\u00f3gica de Minas Gerais\",\"Greve Cefet-MG\",\"Greve Centro Federal de Educa\u00e7\u00e3o Tecnol\u00f3gica de Minas Gerais\",\"Greve dos servidores t\u00e9cnico-administrativos da UFMG\",\"Greve dos servidores t\u00e9cnico-administrativos da UFVJM\",\"Greve dos servidores t\u00e9cnico-administrativos da Universidade Federal de Minas Gerais\",\"Greve dos servidores t\u00e9cnico-administrativos da Universidade Federal dos Vales do Jequitinhonha e Mucuri\",\"Greve dos servidores t\u00e9cnico-administrativos do Cefet-MG\",\"Greve dos servidores t\u00e9cnico-administrativos do Centro Federal de Educa\u00e7\u00e3o Tecnol\u00f3gica de Minas Gerais\",\"Greve dos servidores t\u00e9cnico-administrativos do IFMG\",\"Greve dos servidores t\u00e9cnico-administrativos do Instituto Federal de Minas Gerais\",\"Greve em Defesa da Educa\u00e7\u00e3o\",\"greve ifmg\",\"Greve Instituto Federal de Minas Gerais\",\"greve ufmg\",\"greve ufvjm\",\"Greve Universidade Federal de Minas Gerais\",\"Greve Universidade Federal dos Vales do Jequitinhonha e Mucuri\",\"IFMG\",\"Instituto Federal de Minas Gerais\",\"PEC 241\",\"Sindicato dos Trabalhadores nas Institui\u00e7\u00f5es Federais de Ensino\",\"Sindifes\",\"T\u00e9cnicos-administrativos da Cefet -MG entrar\u00e3o em greve a partir de 31 de outubro\",\"T\u00e9cnicos-administrativos da IFMG entrar\u00e3o em greve a partir de 31 de outubro\",\"T\u00e9cnicos-administrativos da UFMG entrar\u00e3o em greve a partir de 31 de outubro\",\"T\u00e9cnicos-administrativos da UFVJM entrar\u00e3o em greve a partir de 31 de outubro\",\"Ufla\",\"UFMG\",\"UFSJ\",\"UFU\",\"UFV\",\"UFVJM\",\"UNIFAL\",\"Universidade Federal de Minas Gerais\",\"Universidade Federal dos Vales do Jequitinhonha e Mucuri\"],\"articleSection\":[\"Educa\u00e7\u00e3o\",\"Minas Gerais\",\"Vale do Jequitinhonha\"],\"inLanguage\":\"pt-BR\",\"potentialAction\":[{\"@type\":\"CommentAction\",\"name\":\"Comment\",\"target\":[\"https:\\\/\\\/aconteceunovale.com.br\\\/portal\\\/?p=100261#respond\"]}]},{\"@type\":\"WebPage\",\"@id\":\"https:\\\/\\\/aconteceunovale.com.br\\\/portal\\\/?p=100261\",\"url\":\"https:\\\/\\\/aconteceunovale.com.br\\\/portal\\\/?p=100261\",\"name\":\"T\u00e9cnicos-administrativos da UFVJM, IFMG, Cefet -MG e UFMG entrar\u00e3o em greve a partir de 31 de outubro - Aconteceu no Vale\",\"isPartOf\":{\"@id\":\"https:\\\/\\\/aconteceunovale.com.br\\\/portal\\\/#website\"},\"primaryImageOfPage\":{\"@id\":\"https:\\\/\\\/aconteceunovale.com.br\\\/portal\\\/?p=100261#primaryimage\"},\"image\":{\"@id\":\"https:\\\/\\\/aconteceunovale.com.br\\\/portal\\\/?p=100261#primaryimage\"},\"thumbnailUrl\":\"https:\\\/\\\/aconteceunovale.com.br\\\/portal\\\/wp-content\\\/uploads\\\/2016\\\/10\\\/greve_sindifes_3.jpg\",\"datePublished\":\"2016-10-27T21:18:19+00:00\",\"author\":{\"@id\":\"https:\\\/\\\/aconteceunovale.com.br\\\/portal\\\/#\\\/schema\\\/person\\\/633529146f2c94272bef50ac2953d589\"},\"breadcrumb\":{\"@id\":\"https:\\\/\\\/aconteceunovale.com.br\\\/portal\\\/?p=100261#breadcrumb\"},\"inLanguage\":\"pt-BR\",\"potentialAction\":[{\"@type\":\"ReadAction\",\"target\":[\"https:\\\/\\\/aconteceunovale.com.br\\\/portal\\\/?p=100261\"]}]},{\"@type\":\"ImageObject\",\"inLanguage\":\"pt-BR\",\"@id\":\"https:\\\/\\\/aconteceunovale.com.br\\\/portal\\\/?p=100261#primaryimage\",\"url\":\"https:\\\/\\\/aconteceunovale.com.br\\\/portal\\\/wp-content\\\/uploads\\\/2016\\\/10\\\/greve_sindifes_3.jpg\",\"contentUrl\":\"https:\\\/\\\/aconteceunovale.com.br\\\/portal\\\/wp-content\\\/uploads\\\/2016\\\/10\\\/greve_sindifes_3.jpg\",\"width\":663,\"height\":350},{\"@type\":\"BreadcrumbList\",\"@id\":\"https:\\\/\\\/aconteceunovale.com.br\\\/portal\\\/?p=100261#breadcrumb\",\"itemListElement\":[{\"@type\":\"ListItem\",\"position\":1,\"name\":\"In\u00edcio\",\"item\":\"https:\\\/\\\/aconteceunovale.com.br\\\/portal\\\/\"},{\"@type\":\"ListItem\",\"position\":2,\"name\":\"T\u00e9cnicos-administrativos da UFVJM, IFMG, Cefet -MG e UFMG entrar\u00e3o em greve a partir de 31 de outubro\"}]},{\"@type\":\"WebSite\",\"@id\":\"https:\\\/\\\/aconteceunovale.com.br\\\/portal\\\/#website\",\"url\":\"https:\\\/\\\/aconteceunovale.com.br\\\/portal\\\/\",\"name\":\"Aconteceu no Vale\",\"description\":\"Portal de Not\u00edcias\",\"potentialAction\":[{\"@type\":\"SearchAction\",\"target\":{\"@type\":\"EntryPoint\",\"urlTemplate\":\"https:\\\/\\\/aconteceunovale.com.br\\\/portal\\\/?s={search_term_string}\"},\"query-input\":{\"@type\":\"PropertyValueSpecification\",\"valueRequired\":true,\"valueName\":\"search_term_string\"}}],\"inLanguage\":\"pt-BR\"},{\"@type\":\"Person\",\"@id\":\"https:\\\/\\\/aconteceunovale.com.br\\\/portal\\\/#\\\/schema\\\/person\\\/633529146f2c94272bef50ac2953d589\",\"name\":\"Aconteceu no Vale\",\"description\":\"Equipe de reportagem do Aconteceu no Vale, portal de not\u00edcias do Vale do Jequitinhonha, em Minas Gerais. Cobrimos as 51 cidades do Vale desde 2013. Sugest\u00f5es de pauta e pedidos de corre\u00e7\u00e3o: contato@aconteceunovale.com.br\",\"sameAs\":[\"http:\\\/\\\/www.aconteceunovale.com.br\"],\"url\":\"https:\\\/\\\/aconteceunovale.com.br\\\/portal\\\/?author=1\"}]}<\/script>\n<!-- \/ Yoast SEO plugin. -->","yoast_head_json":{"title":"T\u00e9cnicos-administrativos da UFVJM, IFMG, Cefet -MG e UFMG entrar\u00e3o em greve a partir de 31 de outubro - Aconteceu no Vale","robots":{"index":"index","follow":"follow","max-snippet":"max-snippet:-1","max-image-preview":"max-image-preview:large","max-video-preview":"max-video-preview:-1"},"canonical":"https:\/\/aconteceunovale.com.br\/portal\/?p=100261","og_locale":"pt_BR","og_type":"article","og_title":"T\u00e9cnicos-administrativos da UFVJM, IFMG, Cefet -MG e UFMG entrar\u00e3o em greve a partir de 31 de outubro - Aconteceu no Vale","og_description":"A partir da pr\u00f3xima segunda-feira (31\/10\/2016) ter\u00e1 in\u00edcio uma greve por tempo indeterminado dos servidores t\u00e9cnico-administrativos da Universidade Federal de Minas Gerais (UFMG), do Centro Federal de Educa\u00e7\u00e3o Tecnol\u00f3gica de Minas Gerais (Cefet-MG), da Universidade Federal dos Vales do Jequitinhonha e Mucuri (UFVJM) e do Instituto Federal de Minas Gerais (IFMG). O movimento foi decidido [&hellip;]","og_url":"https:\/\/aconteceunovale.com.br\/portal\/?p=100261","og_site_name":"Aconteceu no Vale","article_publisher":"https:\/\/www.facebook.com\/aconteceunovale\/","article_published_time":"2016-10-27T21:18:19+00:00","og_image":[{"width":663,"height":350,"url":"https:\/\/aconteceunovale.com.br\/portal\/wp-content\/uploads\/2016\/10\/greve_sindifes_3.jpg","type":"image\/jpeg"}],"author":"Aconteceu no Vale","twitter_card":"summary_large_image","twitter_creator":"@noticiadosvales","twitter_site":"@noticiadosvales","twitter_misc":{"Escrito por":"Aconteceu no Vale","Est. tempo de leitura":"2 minutos"},"schema":{"@context":"https:\/\/schema.org","@graph":[{"@type":"Article","@id":"https:\/\/aconteceunovale.com.br\/portal\/?p=100261#article","isPartOf":{"@id":"https:\/\/aconteceunovale.com.br\/portal\/?p=100261"},"author":{"name":"Aconteceu no Vale","@id":"https:\/\/aconteceunovale.com.br\/portal\/#\/schema\/person\/633529146f2c94272bef50ac2953d589"},"headline":"T\u00e9cnicos-administrativos da UFVJM, IFMG, Cefet -MG e UFMG entrar\u00e3o em greve a partir de 31 de outubro","datePublished":"2016-10-27T21:18:19+00:00","mainEntityOfPage":{"@id":"https:\/\/aconteceunovale.com.br\/portal\/?p=100261"},"wordCount":366,"commentCount":0,"image":{"@id":"https:\/\/aconteceunovale.com.br\/portal\/?p=100261#primaryimage"},"thumbnailUrl":"https:\/\/aconteceunovale.com.br\/portal\/wp-content\/uploads\/2016\/10\/greve_sindifes_3.jpg","keywords":["CEFET-MG","Centro Federal de Educa\u00e7\u00e3o Tecnol\u00f3gica de Minas Gerais","Greve Cefet-MG","Greve Centro Federal de Educa\u00e7\u00e3o Tecnol\u00f3gica de Minas Gerais","Greve dos servidores t\u00e9cnico-administrativos da UFMG","Greve dos servidores t\u00e9cnico-administrativos da UFVJM","Greve dos servidores t\u00e9cnico-administrativos da Universidade Federal de Minas Gerais","Greve dos servidores t\u00e9cnico-administrativos da Universidade Federal dos Vales do Jequitinhonha e Mucuri","Greve dos servidores t\u00e9cnico-administrativos do Cefet-MG","Greve dos servidores t\u00e9cnico-administrativos do Centro Federal de Educa\u00e7\u00e3o Tecnol\u00f3gica de Minas Gerais","Greve dos servidores t\u00e9cnico-administrativos do IFMG","Greve dos servidores t\u00e9cnico-administrativos do Instituto Federal de Minas Gerais","Greve em Defesa da Educa\u00e7\u00e3o","greve ifmg","Greve Instituto Federal de Minas Gerais","greve ufmg","greve ufvjm","Greve Universidade Federal de Minas Gerais","Greve Universidade Federal dos Vales do Jequitinhonha e Mucuri","IFMG","Instituto Federal de Minas Gerais","PEC 241","Sindicato dos Trabalhadores nas Institui\u00e7\u00f5es Federais de Ensino","Sindifes","T\u00e9cnicos-administrativos da Cefet -MG entrar\u00e3o em greve a partir de 31 de outubro","T\u00e9cnicos-administrativos da IFMG entrar\u00e3o em greve a partir de 31 de outubro","T\u00e9cnicos-administrativos da UFMG entrar\u00e3o em greve a partir de 31 de outubro","T\u00e9cnicos-administrativos da UFVJM entrar\u00e3o em greve a partir de 31 de outubro","Ufla","UFMG","UFSJ","UFU","UFV","UFVJM","UNIFAL","Universidade Federal de Minas Gerais","Universidade Federal dos Vales do Jequitinhonha e Mucuri"],"articleSection":["Educa\u00e7\u00e3o","Minas Gerais","Vale do Jequitinhonha"],"inLanguage":"pt-BR","potentialAction":[{"@type":"CommentAction","name":"Comment","target":["https:\/\/aconteceunovale.com.br\/portal\/?p=100261#respond"]}]},{"@type":"WebPage","@id":"https:\/\/aconteceunovale.com.br\/portal\/?p=100261","url":"https:\/\/aconteceunovale.com.br\/portal\/?p=100261","name":"T\u00e9cnicos-administrativos da UFVJM, IFMG, Cefet -MG e UFMG entrar\u00e3o em greve a partir de 31 de outubro - Aconteceu no Vale","isPartOf":{"@id":"https:\/\/aconteceunovale.com.br\/portal\/#website"},"primaryImageOfPage":{"@id":"https:\/\/aconteceunovale.com.br\/portal\/?p=100261#primaryimage"},"image":{"@id":"https:\/\/aconteceunovale.com.br\/portal\/?p=100261#primaryimage"},"thumbnailUrl":"https:\/\/aconteceunovale.com.br\/portal\/wp-content\/uploads\/2016\/10\/greve_sindifes_3.jpg","datePublished":"2016-10-27T21:18:19+00:00","author":{"@id":"https:\/\/aconteceunovale.com.br\/portal\/#\/schema\/person\/633529146f2c94272bef50ac2953d589"},"breadcrumb":{"@id":"https:\/\/aconteceunovale.com.br\/portal\/?p=100261#breadcrumb"},"inLanguage":"pt-BR","potentialAction":[{"@type":"ReadAction","target":["https:\/\/aconteceunovale.com.br\/portal\/?p=100261"]}]},{"@type":"ImageObject","inLanguage":"pt-BR","@id":"https:\/\/aconteceunovale.com.br\/portal\/?p=100261#primaryimage","url":"https:\/\/aconteceunovale.com.br\/portal\/wp-content\/uploads\/2016\/10\/greve_sindifes_3.jpg","contentUrl":"https:\/\/aconteceunovale.com.br\/portal\/wp-content\/uploads\/2016\/10\/greve_sindifes_3.jpg","width":663,"height":350},{"@type":"BreadcrumbList","@id":"https:\/\/aconteceunovale.com.br\/portal\/?p=100261#breadcrumb","itemListElement":[{"@type":"ListItem","position":1,"name":"In\u00edcio","item":"https:\/\/aconteceunovale.com.br\/portal\/"},{"@type":"ListItem","position":2,"name":"T\u00e9cnicos-administrativos da UFVJM, IFMG, Cefet -MG e UFMG entrar\u00e3o em greve a partir de 31 de outubro"}]},{"@type":"WebSite","@id":"https:\/\/aconteceunovale.com.br\/portal\/#website","url":"https:\/\/aconteceunovale.com.br\/portal\/","name":"Aconteceu no Vale","description":"Portal de Not\u00edcias","potentialAction":[{"@type":"SearchAction","target":{"@type":"EntryPoint","urlTemplate":"https:\/\/aconteceunovale.com.br\/portal\/?s={search_term_string}"},"query-input":{"@type":"PropertyValueSpecification","valueRequired":true,"valueName":"search_term_string"}}],"inLanguage":"pt-BR"},{"@type":"Person","@id":"https:\/\/aconteceunovale.com.br\/portal\/#\/schema\/person\/633529146f2c94272bef50ac2953d589","name":"Aconteceu no Vale","description":"Equipe de reportagem do Aconteceu no Vale, portal de not\u00edcias do Vale do Jequitinhonha, em Minas Gerais. Cobrimos as 51 cidades do Vale desde 2013. Sugest\u00f5es de pauta e pedidos de corre\u00e7\u00e3o: contato@aconteceunovale.com.br","sameAs":["http:\/\/www.aconteceunovale.com.br"],"url":"https:\/\/aconteceunovale.com.br\/portal\/?author=1"}]}},"_links":{"self":[{"href":"https:\/\/aconteceunovale.com.br\/portal\/index.php?rest_route=\/wp\/v2\/posts\/100261","targetHints":{"allow":["GET"]}}],"collection":[{"href":"https:\/\/aconteceunovale.com.br\/portal\/index.php?rest_route=\/wp\/v2\/posts"}],"about":[{"href":"https:\/\/aconteceunovale.com.br\/portal\/index.php?rest_route=\/wp\/v2\/types\/post"}],"author":[{"embeddable":true,"href":"https:\/\/aconteceunovale.com.br\/portal\/index.php?rest_route=\/wp\/v2\/users\/1"}],"replies":[{"embeddable":true,"href":"https:\/\/aconteceunovale.com.br\/portal\/index.php?rest_route=%2Fwp%2Fv2%2Fcomments&post=100261"}],"version-history":[{"count":0,"href":"https:\/\/aconteceunovale.com.br\/portal\/index.php?rest_route=\/wp\/v2\/posts\/100261\/revisions"}],"wp:featuredmedia":[{"embeddable":true,"href":"https:\/\/aconteceunovale.com.br\/portal\/index.php?rest_route=\/wp\/v2\/media\/100264"}],"wp:attachment":[{"href":"https:\/\/aconteceunovale.com.br\/portal\/index.php?rest_route=%2Fwp%2Fv2%2Fmedia&parent=100261"}],"wp:term":[{"taxonomy":"category","embeddable":true,"href":"https:\/\/aconteceunovale.com.br\/portal\/index.php?rest_route=%2Fwp%2Fv2%2Fcategories&post=100261"},{"taxonomy":"post_tag","embeddable":true,"href":"https:\/\/aconteceunovale.com.br\/portal\/index.php?rest_route=%2Fwp%2Fv2%2Ftags&post=100261"}],"curies":[{"name":"wp","href":"https:\/\/api.w.org\/{rel}","templated":true}]}}