{"id":100257,"date":"2016-10-27T16:26:45","date_gmt":"2016-10-27T19:26:45","guid":{"rendered":"http:\/\/aconteceunovale.com.br\/portal\/?p=100257"},"modified":"2016-10-27T17:59:44","modified_gmt":"2016-10-27T20:59:44","slug":"estudantes-ocupam-escola-de-aracuai-em-protesto-contra-a-pec-241-3","status":"publish","type":"post","link":"https:\/\/aconteceunovale.com.br\/portal\/?p=100257","title":{"rendered":"Estudantes ocupam escola de Ara\u00e7ua\u00ed em protesto contra a PEC 241"},"content":{"rendered":"<p>Desde a manh\u00e3 de segunda-feira, 24 de outubro de 2016, a Escola Estadual Industrial S\u00e3o Jos\u00e9, localizada em Ara\u00e7ua\u00ed, no Vale do Jequitinhonha, est\u00e1 ocupada por estudantes em protesto contra as medidas impostas pelo Projeto de Emenda \u00e0 Constitui\u00e7\u00e3o (PEC) n\u00ba 241, Medida Provis\u00f3ria (MP) n\u00ba 746 (reforma do Ensino M\u00e9dio) e Projeto de Lei (PLS) n\u00ba 193 (escola sem partido).<\/p>\n<p>De acordo com uma representante do movimento estudantil, em nota enviada ao Aconteceu no Vale, na manh\u00e3 dessa quarta-feira (26), foi acordado com a dire\u00e7\u00e3o da institui\u00e7\u00e3o a suspens\u00e3o das aulas durante o restante da semana. Com isso, foi decretado oficialmente a ocupa\u00e7\u00e3o da unidade educacional.<\/p>\n<p>De acordo com os alunos, a ocupa\u00e7\u00e3o resistir\u00e1 o m\u00e1ximo que for poss\u00edvel. Segundo informa\u00e7\u00f5es da UBES (Uni\u00e3o Brasileira dos Estudantes Secundaristas), at\u00e9 o fim da tarde de ontem, 1154 escolas estavam ocupadas em todo o Pa\u00eds. <\/p>\n<p>&#8220;Ocupar \u00e9 resistir, \u00e9 nosso lema! Lutamos contra o regresso dos nossos diretos conquistados. Educa\u00e7\u00e3o e sa\u00fade n\u00e3o \u00e9 gasto, \u00e9 investimento. Pode haver resist\u00eancia e repress\u00e3o, mas nunca desistiremos&#8221;, diz nota enviada pela estudante Marina Borges Pereira, da Escola Estadual Industrial S\u00e3o Jos\u00e9.<\/p>\n<p><img decoding=\"async\" src=\"http:\/\/aconteceunovale.com.br\/portal\/wp-content\/uploads\/2016\/10\/ocupacao_indu_1.jpg\" alt=\"\" \/><em>Escola est\u00e1 ocupada desde o dia 24 de outubro (Foto: Divulga\u00e7\u00e3o)<\/em><br \/>\n<\/br><\/p>\n<p><strong>Escolas ocupadas em Minas Gerais<\/strong><\/p>\n<p>&#8211; Ara\u00e7ua\u00ed \u2013 E.E Industrial S\u00e3o Jos\u00e9<br \/>\n&#8211; Araguari \u2013 E.E Prof\u00ba Ant\u00f4nio Marques<br \/>\n&#8211; Arinos \u2013 E.E Prof\u00ba Benevides<br \/>\n&#8211; Arinos \u2013 E.E Prof\u00ba Major Saint Clair<br \/>\n&#8211; Belo Horizonte \u2013 E. E. Santos Dumont<br \/>\n&#8211; Belo Horizonte \u2013 E.E Ari da Franca<br \/>\n&#8211; Belo Horizonte \u2013 E.E Governador Milton Campos (Estadual Central)<br \/>\n&#8211; Belo Horizonte \u2013 E.E Juscelino Kubitschek<br \/>\n&#8211; Belo Horizonte \u2013 E.E Maria Carolina Campos<br \/>\n&#8211; Belo Horizonte \u2013 E.E Maria Muzzi<br \/>\n&#8211; Belo Horizonte \u2013 E.E Ricardo Souza Cruz<br \/>\n&#8211; Butirizeiro \u2013 E.E Silvia de Alencar<br \/>\n&#8211; Campestre \u2013 E.E Rui Barbosa<br \/>\n&#8211; Chapada Ga\u00facha \u2013 E.E Moacir C\u00e2ndido<br \/>\n&#8211; Chapada Ga\u00facha \u2013 E.E Serra das Araras<br \/>\n&#8211; Diamantina \u2013 E.E Ayna Torres<br \/>\n&#8211; IFNMG Almenara<br \/>\n&#8211; IFNMG Ara\u00e7ua\u00ed<br \/>\n&#8211; IFNMG Arinos<br \/>\n&#8211; IFNMG Janu\u00e1ria<br \/>\n&#8211; IFNMG Montes Claros<br \/>\n&#8211; IFNMG Pirapora<br \/>\n&#8211; IFNMG Salinas<br \/>\n&#8211; IFSULMG Inconfidentes<br \/>\n&#8211; IFSULMG Muria\u00e9<br \/>\n&#8211; IFSULMG Po\u00e7os de Caldas<br \/>\n&#8211; Ipatinga \u2013 E.E Dona Canuta Rosa de Oliveira Barbosa<br \/>\n&#8211; Jana\u00faba \u2013 E.E de Canaf\u00edstula<br \/>\n&#8211; Janu\u00e1ria \u2013 E.E Oleg\u00e1rio Maciel<br \/>\n&#8211; Janu\u00e1ria \u2013 E.E Pio XII<br \/>\n&#8211; Janu\u00e1ria \u2013 E.E Sim\u00e3o Viana<br \/>\n&#8211; Juru\u00e1ia \u2013 E.E Eduardo Senedense<br \/>\n&#8211; Paracatu \u2013 Virgilo de Melo Franco<br \/>\n&#8211; Po\u00e7os de Caldas \u2013 E.E Arlindo Pereira \u2013 Polivante<br \/>\n&#8211; Po\u00e7os de Caldas \u2013 E.E David Campista<br \/>\n&#8211; Po\u00e7os de Caldas \u2013 E.E Dr. Edmundo Cardillo<br \/>\n&#8211; Po\u00e7os de Caldas \u2013 E.E Jos\u00e9 Vargas de Souza<br \/>\n&#8211; Po\u00e7os de Caldas \u2013 E.E Parque das Na\u00e7\u00f5es<br \/>\n&#8211; Salinas \u2013 E.E Idalino Ribeiro<br \/>\n&#8211; Salinas \u2013 E.E Osvaldo Prediliano Santana<br \/>\n&#8211; Salinas \u2013 Levindo Lambert<br \/>\n&#8211; S\u00e3o Louren\u00e7o \u2013 E.E Mario Junqueira Ferraz<br \/>\n&#8211; Uberl\u00e2ndia \u2013 E.E \u00c2ngela Teixeira<br \/>\n&#8211; Uberl\u00e2ndia \u2013 E.E Ant\u00f4nio Luiz Bastos<br \/>\n&#8211; Uberl\u00e2ndia \u2013 E.E Ant\u00f4nio Tom\u00e1s<br \/>\n&#8211; Uberl\u00e2ndia \u2013 E.E Bueno Brand\u00e3o<br \/>\n&#8211; Uberl\u00e2ndia \u2013 E.E Cidade Industrial<br \/>\n&#8211; Uberl\u00e2ndia \u2013 E.E Frei Eg\u00eddio<br \/>\n&#8211; Uberl\u00e2ndia \u2013 E.E Guimomar Polivalente<br \/>\n&#8211; Uberl\u00e2ndia \u2013 E.E Hilda Le\u00e3o<br \/>\n&#8211; Uberl\u00e2ndia \u2013 E.E In\u00e1cio Paes Leme<br \/>\n&#8211; Uberl\u00e2ndia \u2013 E.E Jardim das Palmeiras<br \/>\n&#8211; Uberl\u00e2ndia \u2013 E.E Jer\u00f4nimo Arantes<br \/>\n&#8211; Uberl\u00e2ndia \u2013 E.E Jo\u00e3o Resende<br \/>\n&#8211; Uberl\u00e2ndia \u2013 E.E Juven\u00edlia Ferreira dos Santos<br \/>\n&#8211; Uberl\u00e2ndia \u2013 E.E Leonidas Castro<br \/>\n&#8211; Uberl\u00e2ndia \u2013 E.E Mario Porto<br \/>\n&#8211; Uberl\u00e2ndia \u2013 E.E Messias Pedreiro<br \/>\n&#8211; Uberl\u00e2ndia \u2013 E.E Parque S\u00e3o Jorge<br \/>\n&#8211; Uberl\u00e2ndia \u2013 E.E Prof. Ederlino Lannes Bernardes<br \/>\n&#8211; Uberl\u00e2ndia \u2013 E.E Prof. In\u00e1cio Castilho<br \/>\n&#8211; Uberl\u00e2ndia \u2013 E.E Prof\u00ba Jos\u00e9 Ign\u00e1cio de Sousa<br \/>\n&#8211; Uberl\u00e2ndia \u2013 E.E Renne Giannetti<br \/>\n&#8211; Uberl\u00e2ndia \u2013 E.E Teot\u00f4nio Vilela<br \/>\n&#8211; Uberl\u00e2ndia \u2013 E.E Uberl\u00e2ndia<br \/>\n&#8211; Uberl\u00e2ndia \u2013 Neusa Resende<br \/>\n&#8211; Uberl\u00e2ndia \u2013 Segismundo Pereira<br \/>\n&#8211; Uberl\u00e2ndia \u2013 Sergio Paxeco<br \/>\n&#8211; Virginia \u2013 E.E Delfim Moreira<\/p>\n<p><strong>Fotos do movimento &#8220;Ocupa Indu&#8221;<\/strong><\/p>\n<p><img decoding=\"async\" src=\"http:\/\/aconteceunovale.com.br\/portal\/wp-content\/uploads\/2016\/10\/ocupacao_indu_2.jpg\" alt=\"\" \/><\/p>\n<p><img decoding=\"async\" src=\"http:\/\/aconteceunovale.com.br\/portal\/wp-content\/uploads\/2016\/10\/ocupacao_indu_3.jpg\" alt=\"\" \/><\/p>\n<p><img decoding=\"async\" src=\"http:\/\/aconteceunovale.com.br\/portal\/wp-content\/uploads\/2016\/10\/ocupacao_indu_4.jpg\" alt=\"\" \/><\/p>\n","protected":false},"excerpt":{"rendered":"<p>Desde a manh\u00e3 de segunda-feira, 24 de outubro de 2016, a Escola Estadual Industrial S\u00e3o Jos\u00e9, localizada em Ara\u00e7ua\u00ed, no Vale do Jequitinhonha, est\u00e1 ocupada por estudantes em protesto contra as medidas impostas pelo Projeto de Emenda \u00e0 Constitui\u00e7\u00e3o (PEC) n\u00ba 241, Medida Provis\u00f3ria (MP) n\u00ba 746 (reforma do Ensino M\u00e9dio) e Projeto de Lei [&hellip;]<\/p>\n","protected":false},"author":1,"featured_media":100249,"comment_status":"open","ping_status":"closed","sticky":false,"template":"","format":"standard","meta":{"amp_status":"","footnotes":""},"categories":[40238,120],"tags":[186,1018,122856,122858,122860,122864,121793,122869,122868,122867,122862,122865,122866,122857,122863,122859,122861,116451,31627,31626],"class_list":["post-100257","post","type-post","status-publish","format-standard","has-post-thumbnail","hentry","category-educacao-2","category-jequi","tag-aracuai","tag-destaque","tag-escola-estadual-industrial-sao-jose","tag-escola-estadual-industrial-sao-jose-e-ocupada-por-estudantes","tag-escola-ocupada-em-aracuai","tag-escola-sem-partido","tag-escolas-ocupadas-em-minas-gerais","tag-estudantes-ocupam-escola-de-aracuai-em-protesto-contra-a-pec-241","tag-estudantes-ocupam-escola-de-aracuai-em-protesto-contra-pec-241","tag-estudantes-ocupam-escola-de-aracuai-em-protesto-contra-pec-241-mp-746-e-pls-193","tag-manifestacao-contra-a-pec-241-em-aracuai","tag-maria-borges-pereira","tag-ocupa-indu","tag-ocupacao-da-escola-estadual-industrial-sao-jose","tag-ocupacao-de-escola-contra-a-pec-241-em-aracuai","tag-ocupacao-de-escola-em-aracuai","tag-protesto-contra-a-pec-241-em-aracuai","tag-reforma-do-ensino-medio","tag-ubes","tag-uniao-brasileira-dos-estudantes-secundaristas"],"_links":{"self":[{"href":"https:\/\/aconteceunovale.com.br\/portal\/index.php?rest_route=\/wp\/v2\/posts\/100257","targetHints":{"allow":["GET"]}}],"collection":[{"href":"https:\/\/aconteceunovale.com.br\/portal\/index.php?rest_route=\/wp\/v2\/posts"}],"about":[{"href":"https:\/\/aconteceunovale.com.br\/portal\/index.php?rest_route=\/wp\/v2\/types\/post"}],"author":[{"embeddable":true,"href":"https:\/\/aconteceunovale.com.br\/portal\/index.php?rest_route=\/wp\/v2\/users\/1"}],"replies":[{"embeddable":true,"href":"https:\/\/aconteceunovale.com.br\/portal\/index.php?rest_route=%2Fwp%2Fv2%2Fcomments&post=100257"}],"version-history":[{"count":0,"href":"https:\/\/aconteceunovale.com.br\/portal\/index.php?rest_route=\/wp\/v2\/posts\/100257\/revisions"}],"wp:featuredmedia":[{"embeddable":true,"href":"https:\/\/aconteceunovale.com.br\/portal\/index.php?rest_route=\/wp\/v2\/media\/100249"}],"wp:attachment":[{"href":"https:\/\/aconteceunovale.com.br\/portal\/index.php?rest_route=%2Fwp%2Fv2%2Fmedia&parent=100257"}],"wp:term":[{"taxonomy":"category","embeddable":true,"href":"https:\/\/aconteceunovale.com.br\/portal\/index.php?rest_route=%2Fwp%2Fv2%2Fcategories&post=100257"},{"taxonomy":"post_tag","embeddable":true,"href":"https:\/\/aconteceunovale.com.br\/portal\/index.php?rest_route=%2Fwp%2Fv2%2Ftags&post=100257"}],"curies":[{"name":"wp","href":"https:\/\/api.w.org\/{rel}","templated":true}]}}