{"id":100239,"date":"2016-10-27T15:22:24","date_gmt":"2016-10-27T18:22:24","guid":{"rendered":"http:\/\/aconteceunovale.com.br\/portal\/?p=100239"},"modified":"2016-10-27T15:22:24","modified_gmt":"2016-10-27T18:22:24","slug":"policia-apreende-carga-de-geladeiras-no-norte-de-minas","status":"publish","type":"post","link":"https:\/\/aconteceunovale.com.br\/portal\/?p=100239","title":{"rendered":"Pol\u00edcia apreende carga de geladeiras no Norte de Minas"},"content":{"rendered":"<p>A Pol\u00edcia Civil (PC) apreendeu uma carga de geladeiras \u00e0s margens da BR-251, em Santa Cruz de Salinas (Norte de Minas), nessa quarta-feira (26\/10\/2016). Segundo a nota fiscal, os eletrodom\u00e9sticos est\u00e3o avaliados em R$ 800 mil e cerca de 20 foram saqueados.<\/p>\n<p>\u201cRecebemos uma den\u00fancia de que a carga estava sendo saqueada, quando os policiais chegaram no local viram que um dos compartimentos havia sido arrombado. N\u00e3o viram ningu\u00e9m, mas se n\u00e3o tiv\u00e9ssemos chegado, acredito que em cerca de uma hora e meia todo o material teria sido todo levado\u201d, fala o delegado Jos\u00e9 Eduardo Santos.<\/p>\n<p>O motorista foi localizado e disse para a PC que o caminh\u00e3o apresentou problemas e que ele deixou a carga nas margens da rodovia, seguiu para Vit\u00f3ria da Conquista (BA) com o objetivo de consertar o ve\u00edculo. Ele seguia de S\u00e3o Paulo para Feria de Santana (BA).<\/p>\n<p>\u201cN\u00f3s iremos ouvir o motorista novamente e a carga permanece apreendida e ser\u00e1 restitu\u00edda \u00e0 empresa quando houver a apresenta\u00e7\u00e3o dos documentos que comprovem a propriedade dos eletrodom\u00e9sticos\u201d, explica o delegado. A Pol\u00edcia Civil busca agora informa\u00e7\u00f5es para localizar os respons\u00e1veis por furtar as geladeiras.<\/p>\n<p><strong>Redu\u00e7\u00e3o de roubos de carga e saques<\/strong><\/p>\n<p>Jos\u00e9 Eduardo Santos destaca que desde a opera\u00e7\u00e3o Ratos de Pista, realizada em fevereiro deste ano e que prendeu duas quadrilhas que roubavam cargas na regi\u00e3o de Salinas (MG), n\u00e3o foram registrados mais roubos de carga, ocorr\u00eancias que eram relativamente comuns.<\/p>\n<p>Segundo as investiga\u00e7\u00f5es, os grupos criminosos assaltavam cargas de alto valor, todas acima de R$ 100 mil, em um dos casos o preju\u00edzo foi de R$ 5 milh\u00f5es. Eles agiam a pelo menos cinco anos.<\/p>\n<p>\u201cConseguimos desarticular a organiza\u00e7\u00e3o criminosa que atuava em toda a regi\u00e3o, que vai de Salinas at\u00e9 o entroncamento com a BR-116. Depois da opera\u00e7\u00e3o n\u00e3o tivemos mais roubos de carga. Com a preocupa\u00e7\u00e3o de coibir os saques, tamb\u00e9m deflagramos a opera\u00e7\u00e3o Port\u00e3o do Vale, desde ent\u00e3o esse tipo de crime tamb\u00e9m n\u00e3o ocorria\u201d, explica.<\/p>\n<p>Na ocasi\u00e3o, foram apreendidos v\u00e1rios cosm\u00e9ticos, na maioria perfumes. As investiga\u00e7\u00f5es come\u00e7aram h\u00e1 dois meses, quando dois caminh\u00f5es com este tipo de produto tombaram na rodovia e as cargas foram saqueadas.<\/p>\n<p><img decoding=\"async\" src=\"http:\/\/aconteceunovale.com.br\/portal\/wp-content\/uploads\/2016\/10\/carga_abandonada_1.jpg\" alt=\"\" \/><em>Carga de geladeiras foi apreendida \u00e0s margens da BR-251 (Fotos: Pol\u00edcia Civil\/Divulga\u00e7\u00e3o)<\/em><br \/>\n<\/br><\/p>\n<p><em>(Fonte: G1 Grande Minas\/Michelly Oda)<\/em><\/p>\n","protected":false},"excerpt":{"rendered":"<p>A Pol\u00edcia Civil (PC) apreendeu uma carga de geladeiras \u00e0s margens da BR-251, em Santa Cruz de Salinas (Norte de Minas), nessa quarta-feira (26\/10\/2016). Segundo a nota fiscal, os eletrodom\u00e9sticos est\u00e3o avaliados em R$ 800 mil e cerca de 20 foram saqueados. \u201cRecebemos uma den\u00fancia de que a carga estava sendo saqueada, quando os policiais [&hellip;]<\/p>\n","protected":false},"author":1,"featured_media":100240,"comment_status":"open","ping_status":"closed","sticky":false,"template":"","format":"standard","meta":{"amp_status":"","footnotes":""},"categories":[1236],"tags":[921,122833,122838,122834,122832,122839,122835,122840,122842,122841,78694,122836,122831,122843,122837,122844,190,927,2382,2842],"class_list":["post-100239","post","type-post","status-publish","format-standard","has-post-thumbnail","hentry","category-norte_de_minas","tag-br-251","tag-carga-abandonada-em-santa-cruz-de-salinas","tag-carga-abandonada-na-br-251","tag-carga-apreendida-em-santa-cruz-de-salinas","tag-carga-de-geladeiras-abandonada-em-santa-cruz-de-salinas","tag-carga-de-geladeiras-abandonada-na-br-251","tag-carga-de-geladeiras-apreendida-em-santa-cruz-de-salinas","tag-delegado-jose-eduardo-santos","tag-feria-de-santana","tag-jose-eduardo-santos","tag-operacao-ratos-de-pista","tag-pc-apreendeu-uma-carga-de-geladeiras-as-margens-da-br-251","tag-policia-apreende-carga-de-geladeiras-no-municipio-de-santa-cruz-de-salinas","tag-policia-apreende-carga-de-geladeiras-no-norte-de-minas","tag-policia-civil-apreendeu-uma-carga-de-geladeiras-as-margens-da-br-251","tag-policia-civil-de-salinas-apreende-carga-de-geladeiras","tag-salinas","tag-santa-cruz-de-salinas","tag-sao-paulo","tag-vitoria-da-conquista"],"_links":{"self":[{"href":"https:\/\/aconteceunovale.com.br\/portal\/index.php?rest_route=\/wp\/v2\/posts\/100239","targetHints":{"allow":["GET"]}}],"collection":[{"href":"https:\/\/aconteceunovale.com.br\/portal\/index.php?rest_route=\/wp\/v2\/posts"}],"about":[{"href":"https:\/\/aconteceunovale.com.br\/portal\/index.php?rest_route=\/wp\/v2\/types\/post"}],"author":[{"embeddable":true,"href":"https:\/\/aconteceunovale.com.br\/portal\/index.php?rest_route=\/wp\/v2\/users\/1"}],"replies":[{"embeddable":true,"href":"https:\/\/aconteceunovale.com.br\/portal\/index.php?rest_route=%2Fwp%2Fv2%2Fcomments&post=100239"}],"version-history":[{"count":0,"href":"https:\/\/aconteceunovale.com.br\/portal\/index.php?rest_route=\/wp\/v2\/posts\/100239\/revisions"}],"wp:featuredmedia":[{"embeddable":true,"href":"https:\/\/aconteceunovale.com.br\/portal\/index.php?rest_route=\/wp\/v2\/media\/100240"}],"wp:attachment":[{"href":"https:\/\/aconteceunovale.com.br\/portal\/index.php?rest_route=%2Fwp%2Fv2%2Fmedia&parent=100239"}],"wp:term":[{"taxonomy":"category","embeddable":true,"href":"https:\/\/aconteceunovale.com.br\/portal\/index.php?rest_route=%2Fwp%2Fv2%2Fcategories&post=100239"},{"taxonomy":"post_tag","embeddable":true,"href":"https:\/\/aconteceunovale.com.br\/portal\/index.php?rest_route=%2Fwp%2Fv2%2Ftags&post=100239"}],"curies":[{"name":"wp","href":"https:\/\/api.w.org\/{rel}","templated":true}]}}