{"id":100236,"date":"2016-10-27T15:10:23","date_gmt":"2016-10-27T18:10:23","guid":{"rendered":"http:\/\/aconteceunovale.com.br\/portal\/?p=100236"},"modified":"2016-10-27T15:10:23","modified_gmt":"2016-10-27T18:10:23","slug":"idosa-de-66-anos-e-amarrada-e-agredida-durante-assalto-no-municipio-de-montes-claros","status":"publish","type":"post","link":"https:\/\/aconteceunovale.com.br\/portal\/?p=100236","title":{"rendered":"Idosa de 66 anos \u00e9 amarrada e agredida durante assalto no munic\u00edpio de Montes Claros"},"content":{"rendered":"<p>A pol\u00edcia procura por cinco homens que assaltaram uma fazenda \u00e0s margens da MG-308, em Montes Claros, nessa quarta-feira (26\/10\/2016). Uma idosa de 66 anos, dona da propriedade, estava no local quando foi surpreendida pelos criminosos armados. Ela foi agredida e amarrada em uma cadeira.<\/p>\n<p>A v\u00edtima ainda disse para a Pol\u00edcia Militar que enquanto sofria amea\u00e7as e agress\u00f5es, os assaltantes vasculhavam a resid\u00eancia em busca de armas e objetos de valor. Eles levaram dois celulares e um cart\u00e3o de banco, que estava com a senha anotada em um papel.<\/p>\n<p>Durante o roubo, a mulher passou a gritar por socorro e chamou a aten\u00e7\u00e3o de um idoso de 63 anos, que ao se aproximar do im\u00f3vel tamb\u00e9m foi amarrado, agredido e trancado em um c\u00f4modo. Ele teve a carteira e R$ 300 roubados. O grupo ainda fugiu levando utens\u00edlios dom\u00e9sticos e um carro.<\/p>\n<p>Enquanto os policiais atendiam a ocorr\u00eancia, um homem de 58 anos foi at\u00e9 a fazenda e informou que \u00e9 vizinho da v\u00edtima e que os criminosos foram at\u00e9 a propriedade onde ele trabalha como caseiro. Ele contou que foi amarrado e  trancado em um c\u00f4modo. Os assaltantes levaram o celular dele. A v\u00edtima tamb\u00e9m disse que os assaltantes cozinharam na casa dele e fugiram depois de almo\u00e7ar. A PM faz buscas, mas ningu\u00e9m foi preso at\u00e9 o momento.<\/p>\n<p><strong>Rapaz \u00e9 preso com arma no Bairro Santa Rita<\/strong><\/p>\n<p>Um jovem de 19 anos foi preso com uma arma no Bairro Santa Rita, em Montes Claros, nessa ter\u00e7a-feira (25). A Pol\u00edcia Militar recebeu informa\u00e7\u00f5es de que o rev\u00f3lver pertencia a um homem que morreu ap\u00f3s ser baleado no dia 5 deste m\u00eas.<\/p>\n<p>Ainda de acordo com as informa\u00e7\u00f5es levantadas pela PM, um rapaz de 22 anos estava com a v\u00edtima no momento do crime e pegou a arma da cintura dele, repassando em seguida para o jovem. Ao perceber a chegada dos policiais, ele tentou fugir e se escondeu em um quarto. No c\u00f4modo, os militares apreenderam cinco cartuchos e um rev\u00f3lver.<\/p>\n<p>Ao ser questionado, o jovem disse que estava sendo amea\u00e7ado por moradores do Jardim Alvorada. Ele foi levado para a delegacia.<\/p>\n<p><img decoding=\"async\" src=\"http:\/\/aconteceunovale.com.br\/portal\/wp-content\/uploads\/2016\/10\/arma_moc.jpeg\" alt=\"\" \/><em>Arma apreendida seria de um homem que foi morto a tiros (Foto: PM\/Divulga\u00e7\u00e3o)<\/em><br \/>\n<\/br><\/p>\n<p><em>(Fonte: G1 Grande Minas)<\/em><\/p>\n","protected":false},"excerpt":{"rendered":"<p>A pol\u00edcia procura por cinco homens que assaltaram uma fazenda \u00e0s margens da MG-308, em Montes Claros, nessa quarta-feira (26\/10\/2016). Uma idosa de 66 anos, dona da propriedade, estava no local quando foi surpreendida pelos criminosos armados. Ela foi agredida e amarrada em uma cadeira. A v\u00edtima ainda disse para a Pol\u00edcia Militar que enquanto [&hellip;]<\/p>\n","protected":false},"author":1,"featured_media":90576,"comment_status":"open","ping_status":"closed","sticky":false,"template":"","format":"standard","meta":{"amp_status":"","footnotes":""},"categories":[1236],"tags":[122829,122830,122827,73279,50155,122826,122824,122823,122825,210,122828,61641,104547,80420],"class_list":["post-100236","post","type-post","status-publish","format-standard","has-post-thumbnail","hentry","category-norte_de_minas","tag-apreensao-de-arma-em-montes-claros","tag-arma-apreendida-em-montes-claros","tag-assalto-em-fazenda-em-montes-claros","tag-assalto-montes-claros","tag-assaltos-montes-claros","tag-idosa-agredida-durante-assalto-em-montes-claros","tag-idosa-assaltada-em-montes-claros","tag-idosa-de-66-anos-e-amarrada-e-agredida-durante-assalto-no-municipio-de-montes-claros","tag-idosa-roubada-em-montes-claros","tag-montes-claros","tag-roubo-em-fazenda-em-montes-claros","tag-roubo-montes-claros","tag-roubos-montes-claros","tag-violencia-montes-claros"],"_links":{"self":[{"href":"https:\/\/aconteceunovale.com.br\/portal\/index.php?rest_route=\/wp\/v2\/posts\/100236","targetHints":{"allow":["GET"]}}],"collection":[{"href":"https:\/\/aconteceunovale.com.br\/portal\/index.php?rest_route=\/wp\/v2\/posts"}],"about":[{"href":"https:\/\/aconteceunovale.com.br\/portal\/index.php?rest_route=\/wp\/v2\/types\/post"}],"author":[{"embeddable":true,"href":"https:\/\/aconteceunovale.com.br\/portal\/index.php?rest_route=\/wp\/v2\/users\/1"}],"replies":[{"embeddable":true,"href":"https:\/\/aconteceunovale.com.br\/portal\/index.php?rest_route=%2Fwp%2Fv2%2Fcomments&post=100236"}],"version-history":[{"count":0,"href":"https:\/\/aconteceunovale.com.br\/portal\/index.php?rest_route=\/wp\/v2\/posts\/100236\/revisions"}],"wp:featuredmedia":[{"embeddable":true,"href":"https:\/\/aconteceunovale.com.br\/portal\/index.php?rest_route=\/wp\/v2\/media\/90576"}],"wp:attachment":[{"href":"https:\/\/aconteceunovale.com.br\/portal\/index.php?rest_route=%2Fwp%2Fv2%2Fmedia&parent=100236"}],"wp:term":[{"taxonomy":"category","embeddable":true,"href":"https:\/\/aconteceunovale.com.br\/portal\/index.php?rest_route=%2Fwp%2Fv2%2Fcategories&post=100236"},{"taxonomy":"post_tag","embeddable":true,"href":"https:\/\/aconteceunovale.com.br\/portal\/index.php?rest_route=%2Fwp%2Fv2%2Ftags&post=100236"}],"curies":[{"name":"wp","href":"https:\/\/api.w.org\/{rel}","templated":true}]}}