{"id":100226,"date":"2016-10-27T13:04:32","date_gmt":"2016-10-27T16:04:32","guid":{"rendered":"http:\/\/aconteceunovale.com.br\/portal\/?p=100226"},"modified":"2016-10-27T13:04:32","modified_gmt":"2016-10-27T16:04:32","slug":"jovem-muda-de-nanuque-para-se-manter-vivo-mas-e-assassinado-em-betim","status":"publish","type":"post","link":"https:\/\/aconteceunovale.com.br\/portal\/?p=100226","title":{"rendered":"Jovem muda de Nanuque para se \u2018manter vivo\u2019, mas \u00e9 assassinado em Betim"},"content":{"rendered":"<p>Um jovem de 18 anos foi executado com dois tiros na cabe\u00e7a, na noite dessa quarta-feira (26\/10\/2016), em Betim, na Regi\u00e3o Metropolitana de Belo Horizonte. Emerson Pereira da Silva de Jesus se mudou para a cidade h\u00e1 cerca de um ano, ap\u00f3s ter sido amea\u00e7ado de morte.<\/p>\n<p>Uma tia da v\u00edtima, de 44 anos, contou \u00e0 pol\u00edcia que o sobrinho era natural de Nanuque, na regi\u00e3o do Vale do Mucuri, e foi morar com ela, ap\u00f3s ter tido &#8220;problemas&#8221; na cidade natal.<\/p>\n<p>Segundo a per\u00edcia, Emerson foi baleado duas vezes na cabe\u00e7a e uma vez no bra\u00e7o esquerdo. At\u00e9 o momento, ningu\u00e9m foi preso por envolvimento no crime, que aconteceu na Rua Itabirito, no bairro Industrial S\u00e3o Luiz. (O Tempo)<\/p>\n","protected":false},"excerpt":{"rendered":"<p>Um jovem de 18 anos foi executado com dois tiros na cabe\u00e7a, na noite dessa quarta-feira (26\/10\/2016), em Betim, na Regi\u00e3o Metropolitana de Belo Horizonte. Emerson Pereira da Silva de Jesus se mudou para a cidade h\u00e1 cerca de um ano, ap\u00f3s ter sido amea\u00e7ado de morte. Uma tia da v\u00edtima, de 44 anos, contou [&hellip;]<\/p>\n","protected":false},"author":1,"featured_media":90576,"comment_status":"open","ping_status":"closed","sticky":false,"template":"","format":"standard","meta":{"amp_status":"","footnotes":""},"categories":[122],"tags":[122765,1495,122769,122767,122764,122766,252,122768],"class_list":["post-100226","post","type-post","status-publish","format-standard","has-post-thumbnail","hentry","category-mucuri","tag-assassinado-em-betim","tag-betim","tag-emerson-pereira-da-silva-de-jesus","tag-homicidio-em-betim","tag-jovem-muda-de-nanuque-para-se-manter-vivo-mas-e-assassinado-em-betim","tag-morto-em-betim","tag-nanuque","tag-rapaz-morto-em-betim"],"_links":{"self":[{"href":"https:\/\/aconteceunovale.com.br\/portal\/index.php?rest_route=\/wp\/v2\/posts\/100226","targetHints":{"allow":["GET"]}}],"collection":[{"href":"https:\/\/aconteceunovale.com.br\/portal\/index.php?rest_route=\/wp\/v2\/posts"}],"about":[{"href":"https:\/\/aconteceunovale.com.br\/portal\/index.php?rest_route=\/wp\/v2\/types\/post"}],"author":[{"embeddable":true,"href":"https:\/\/aconteceunovale.com.br\/portal\/index.php?rest_route=\/wp\/v2\/users\/1"}],"replies":[{"embeddable":true,"href":"https:\/\/aconteceunovale.com.br\/portal\/index.php?rest_route=%2Fwp%2Fv2%2Fcomments&post=100226"}],"version-history":[{"count":0,"href":"https:\/\/aconteceunovale.com.br\/portal\/index.php?rest_route=\/wp\/v2\/posts\/100226\/revisions"}],"wp:featuredmedia":[{"embeddable":true,"href":"https:\/\/aconteceunovale.com.br\/portal\/index.php?rest_route=\/wp\/v2\/media\/90576"}],"wp:attachment":[{"href":"https:\/\/aconteceunovale.com.br\/portal\/index.php?rest_route=%2Fwp%2Fv2%2Fmedia&parent=100226"}],"wp:term":[{"taxonomy":"category","embeddable":true,"href":"https:\/\/aconteceunovale.com.br\/portal\/index.php?rest_route=%2Fwp%2Fv2%2Fcategories&post=100226"},{"taxonomy":"post_tag","embeddable":true,"href":"https:\/\/aconteceunovale.com.br\/portal\/index.php?rest_route=%2Fwp%2Fv2%2Ftags&post=100226"}],"curies":[{"name":"wp","href":"https:\/\/api.w.org\/{rel}","templated":true}]}}