{"id":100220,"date":"2016-10-27T07:35:55","date_gmt":"2016-10-27T10:35:55","guid":{"rendered":"http:\/\/aconteceunovale.com.br\/portal\/?p=100220"},"modified":"2016-10-27T07:35:55","modified_gmt":"2016-10-27T10:35:55","slug":"previsao-do-tempo-para-minas-gerais-nesta-quinta-feira-27-de-outubro","status":"publish","type":"post","link":"https:\/\/aconteceunovale.com.br\/portal\/?p=100220","title":{"rendered":"Previs\u00e3o do tempo para Minas Gerais, nesta quinta-feira, 27 de outubro"},"content":{"rendered":"<h4><strong><em>C\u00e9u parcialmente nublado a nublado, com possibilidade de pancadas de chuva \u00e0 tarde em boa parte do estado. Na capital, temperatura m\u00e1xima chega a 32 graus.<\/em><\/strong><\/h4>\n<p>Nesta quinta-feira (27\/10) o deslocamento de uma frente fria no oceano aumenta as nuvens em boa parte da Regi\u00e3o Sudeste do pa\u00eds. Em Minas Gerais o c\u00e9u deve ficar nublado, com pancadas de chuva acompanhadas de raios e rajadas de vento ocasionais no Tri\u00e2ngulo\/Alto Parana\u00edba, Oeste e Sul.<\/p>\n<p>Na Zona da Mata, Centro e Noroeste o dia ser\u00e1 de c\u00e9u claro, passando para parcialmente nublado a nublado \u00e0 tarde e h\u00e1 previs\u00e3o de pancadas de chuva e trovoadas. Nas demais regi\u00f5es mineiras o c\u00e9u deve ficar claro a parcialmente nublado.<\/p>\n<p>Na Regi\u00e3o Metropolitana de Belo Horizonte e na capital mineira o tempo deve ficar ensolarado pela manh\u00e3 e parcialmente nublado a nublado \u00e0 tarde, com previs\u00e3o de pancadas de chuva acompanhadas de trovoadas.<\/p>\n<p>Os term\u00f4metros oscilam entre 19 e 32\u00b0C, com umidade relativa do ar em torno de 40% \u00e0 tarde em Belo horizonte.<\/p>\n","protected":false},"excerpt":{"rendered":"<p>C\u00e9u parcialmente nublado a nublado, com possibilidade de pancadas de chuva \u00e0 tarde em boa parte do estado. Na capital, temperatura m\u00e1xima chega a 32 graus. Nesta quinta-feira (27\/10) o deslocamento de uma frente fria no oceano aumenta as nuvens em boa parte da Regi\u00e3o Sudeste do pa\u00eds. Em Minas Gerais o c\u00e9u deve ficar [&hellip;]<\/p>\n","protected":false},"author":1,"featured_media":82499,"comment_status":"open","ping_status":"closed","sticky":false,"template":"","format":"standard","meta":{"amp_status":"","footnotes":""},"categories":[123],"tags":[64372,194,131,37346,1956,27340,122759,86092,122758,1839,64374,29257,122756,122757],"class_list":["post-100220","post","type-post","status-publish","format-standard","has-post-thumbnail","hentry","category-gerais","tag-27-de-outubro","tag-belo-horizonte","tag-minas-gerais","tag-nesta-quinta-feira","tag-previsao-do-tempo","tag-previsao-do-tempo-para-belo-horizonte","tag-previsao-do-tempo-para-belo-horizonte-27-de-outubro","tag-previsao-do-tempo-para-belo-horizonte-nesta-quinta-feira","tag-previsao-do-tempo-para-belo-horizonte-nesta-quinta-feira-27-de-outubro","tag-previsao-do-tempo-para-minas-gerais","tag-previsao-do-tempo-para-minas-gerais-27-de-outubro","tag-previsao-do-tempo-para-minas-gerais-nesta-quinta-feira","tag-previsao-do-tempo-para-minas-gerais-nesta-quinta-feira-27-de-outubro","tag-quinta-feira-27-de-outubro"],"_links":{"self":[{"href":"https:\/\/aconteceunovale.com.br\/portal\/index.php?rest_route=\/wp\/v2\/posts\/100220","targetHints":{"allow":["GET"]}}],"collection":[{"href":"https:\/\/aconteceunovale.com.br\/portal\/index.php?rest_route=\/wp\/v2\/posts"}],"about":[{"href":"https:\/\/aconteceunovale.com.br\/portal\/index.php?rest_route=\/wp\/v2\/types\/post"}],"author":[{"embeddable":true,"href":"https:\/\/aconteceunovale.com.br\/portal\/index.php?rest_route=\/wp\/v2\/users\/1"}],"replies":[{"embeddable":true,"href":"https:\/\/aconteceunovale.com.br\/portal\/index.php?rest_route=%2Fwp%2Fv2%2Fcomments&post=100220"}],"version-history":[{"count":0,"href":"https:\/\/aconteceunovale.com.br\/portal\/index.php?rest_route=\/wp\/v2\/posts\/100220\/revisions"}],"wp:featuredmedia":[{"embeddable":true,"href":"https:\/\/aconteceunovale.com.br\/portal\/index.php?rest_route=\/wp\/v2\/media\/82499"}],"wp:attachment":[{"href":"https:\/\/aconteceunovale.com.br\/portal\/index.php?rest_route=%2Fwp%2Fv2%2Fmedia&parent=100220"}],"wp:term":[{"taxonomy":"category","embeddable":true,"href":"https:\/\/aconteceunovale.com.br\/portal\/index.php?rest_route=%2Fwp%2Fv2%2Fcategories&post=100220"},{"taxonomy":"post_tag","embeddable":true,"href":"https:\/\/aconteceunovale.com.br\/portal\/index.php?rest_route=%2Fwp%2Fv2%2Ftags&post=100220"}],"curies":[{"name":"wp","href":"https:\/\/api.w.org\/{rel}","templated":true}]}}