{"id":100207,"date":"2016-10-26T22:16:39","date_gmt":"2016-10-27T01:16:39","guid":{"rendered":"http:\/\/aconteceunovale.com.br\/portal\/?p=100207"},"modified":"2016-10-26T22:16:39","modified_gmt":"2016-10-27T01:16:39","slug":"onu-aceita-denuncia-de-lula-contra-sergio-moro","status":"publish","type":"post","link":"https:\/\/aconteceunovale.com.br\/portal\/?p=100207","title":{"rendered":"ONU aceita den\u00fancia de Lula contra S\u00e9rgio Moro"},"content":{"rendered":"<p>O Alto Comissariado da ONU para os Direitos Humanos aceitou a den\u00fancia do ex-presidente Luiz In\u00e1cio Lula da Silva sobre a conduta do juiz federal S\u00e9rgio Moro durante a Opera\u00e7\u00e3o Lava Jato. A informa\u00e7\u00e3o foi divulgada pela defesa do petista.<\/p>\n<p>Segundo os advogados de Lula, &#8220;na pe\u00e7a protocolada em julho, foram listadas diversas viola\u00e7\u00f5es ao Pacto de Direitos Pol\u00edticos e Civis, adotado pela ONU, praticadas pelo juiz S\u00e9rgio Moro e pelos procuradores da Opera\u00e7\u00e3o Lava-Jato contra Lula&#8221;.<\/p>\n<p>A den\u00fancia foi aceita em car\u00e1ter preliminar, o que significa que, de acordo com o comunicado  o governo brasileiro foi intimado fornecer &#8220;informa\u00e7\u00f5es ou observa\u00e7\u00f5es relevantes&#8221; sobre o inqu\u00e9rito em um prazo de at\u00e9 dois meses. <\/p>\n<p>As viola\u00e7\u00f5es contra o ex-presidente levantadas pela den\u00fancia dizem respeito \u00e0 condu\u00e7\u00e3o coercitiva e Lula, realizada em mar\u00e7o, al\u00e9m grava\u00e7\u00f5es de suas conversas telef\u00f4nicas, de familiares e funcion\u00e1rios do Instituto Lula.<\/p>\n<p>&#8220;As evid\u00eancias apresentadas na a\u00e7\u00e3o se reportam, dentre outras coisas, [\u2026] \u00e0 priva\u00e7\u00e3o da liberdade por cerca de 6 horas imposta a Lula em 4 de mar\u00e7o de 2016, por meio de uma condu\u00e7\u00e3o coercitiva sem qualquer previs\u00e3o legal&#8221;, diz o comunicado dos advogados. <\/p>\n<p>&#8220;De acordo com a lei internacional, o Juiz Moro, por j\u00e1 haver cometido uma s\u00e9rie de a\u00e7\u00f5es ilegais contra Lula, seus familiares, colaboradores e advogados, perdeu de forma irrepar\u00e1vel sua imparcialidade para julgar o ex-Presidente&#8221;, acrescentou a defesa.<\/p>\n<p>Lula sofre tr\u00eas processos no \u00e2mbito da Opera\u00e7\u00e3o Lava Jato, sendo acusado de corrup\u00e7\u00e3o passiva e lavagem de dinheiro, obstru\u00e7\u00e3o das investiga\u00e7\u00f5es e por beneficiar Odebrecht em palestras sob pagamento de propina.<\/p>\n<p><img decoding=\"async\" src=\"http:\/\/aconteceunovale.com.br\/portal\/wp-content\/uploads\/2016\/10\/sergio_moro.jpg\" alt=\"\" \/><em>Juiz federal S\u00e9rgio Moro (Foto: Fabio Rodrigues Pozzebom\/Ag\u00eancia Brasil)<\/em><br \/>\n<\/br><\/p>\n<p><em>(Fonte: Sputnik Brasil)<\/em><\/p>\n","protected":false},"excerpt":{"rendered":"<p>O Alto Comissariado da ONU para os Direitos Humanos aceitou a den\u00fancia do ex-presidente Luiz In\u00e1cio Lula da Silva sobre a conduta do juiz federal S\u00e9rgio Moro durante a Opera\u00e7\u00e3o Lava Jato. A informa\u00e7\u00e3o foi divulgada pela defesa do petista. Segundo os advogados de Lula, &#8220;na pe\u00e7a protocolada em julho, foram listadas diversas viola\u00e7\u00f5es ao [&hellip;]<\/p>\n","protected":false},"author":1,"featured_media":100208,"comment_status":"open","ping_status":"closed","sticky":false,"template":"","format":"standard","meta":{"amp_status":"","footnotes":""},"categories":[6,28848],"tags":[122731,122732,44728,82255,83065,14124,7147,122730,18095,122733,35052],"class_list":["post-100207","post","type-post","status-publish","format-standard","has-post-thumbnail","hentry","category-br","category-mundo","tag-denuncia-de-lula-contra-sergio-moro","tag-denuncia-do-ex-presidente-luiz-inacio-lula-da-silva-sobre-a-conduta-do-juiz-federal-sergio-moro-durante-a-operacao-lava-jato","tag-ex-presidente-luiz-inacio-lula-da-silva","tag-ex-presidente-lula","tag-juiz-federal-sergio-moro","tag-luiz-inacio-lula-da-silva","tag-lula","tag-onu-aceita-denuncia-de-lula-contra-sergio-moro","tag-operacao-lava-jato","tag-praticadas-pelo-juiz-sergio-moro-e-pelos-procuradores-da-operacao-lava-jato-contra-lula","tag-sergio-moro"],"_links":{"self":[{"href":"https:\/\/aconteceunovale.com.br\/portal\/index.php?rest_route=\/wp\/v2\/posts\/100207","targetHints":{"allow":["GET"]}}],"collection":[{"href":"https:\/\/aconteceunovale.com.br\/portal\/index.php?rest_route=\/wp\/v2\/posts"}],"about":[{"href":"https:\/\/aconteceunovale.com.br\/portal\/index.php?rest_route=\/wp\/v2\/types\/post"}],"author":[{"embeddable":true,"href":"https:\/\/aconteceunovale.com.br\/portal\/index.php?rest_route=\/wp\/v2\/users\/1"}],"replies":[{"embeddable":true,"href":"https:\/\/aconteceunovale.com.br\/portal\/index.php?rest_route=%2Fwp%2Fv2%2Fcomments&post=100207"}],"version-history":[{"count":0,"href":"https:\/\/aconteceunovale.com.br\/portal\/index.php?rest_route=\/wp\/v2\/posts\/100207\/revisions"}],"wp:featuredmedia":[{"embeddable":true,"href":"https:\/\/aconteceunovale.com.br\/portal\/index.php?rest_route=\/wp\/v2\/media\/100208"}],"wp:attachment":[{"href":"https:\/\/aconteceunovale.com.br\/portal\/index.php?rest_route=%2Fwp%2Fv2%2Fmedia&parent=100207"}],"wp:term":[{"taxonomy":"category","embeddable":true,"href":"https:\/\/aconteceunovale.com.br\/portal\/index.php?rest_route=%2Fwp%2Fv2%2Fcategories&post=100207"},{"taxonomy":"post_tag","embeddable":true,"href":"https:\/\/aconteceunovale.com.br\/portal\/index.php?rest_route=%2Fwp%2Fv2%2Ftags&post=100207"}],"curies":[{"name":"wp","href":"https:\/\/api.w.org\/{rel}","templated":true}]}}