{"id":100014,"date":"2016-10-25T15:03:06","date_gmt":"2016-10-25T18:03:06","guid":{"rendered":"http:\/\/aconteceunovale.com.br\/portal\/?p=100014"},"modified":"2016-10-25T15:03:06","modified_gmt":"2016-10-25T18:03:06","slug":"fundacao-renova-mp-e-comites-se-reunem-para-discutir-temas-voltados-para-recuperacao-da-bacia-do-rio-doce","status":"publish","type":"post","link":"https:\/\/aconteceunovale.com.br\/portal\/?p=100014","title":{"rendered":"Funda\u00e7\u00e3o Renova, MP e Comit\u00eas se re\u00fanem para discutir temas voltados para recupera\u00e7\u00e3o da Bacia do Rio Doce"},"content":{"rendered":"<p>Encerra hoje (25 de outubro) a 5\u00ba edi\u00e7\u00e3o do Encontro de Integra\u00e7\u00e3o da Bacia do Rio Doce, realizado no munic\u00edpio de Caratinga\/MG. O marco foi ontem, dia 24, quando uma mesa formada pelo representante dos Comit\u00eas das Bacias Hidrogr\u00e1ficas dos rios Caratinga e Doce, Ronevon Huebra; pelo coordenador das Promotorias de Meio Ambiente da Bacia do Rio Doce, Leonardo Castro Maia, e representantes da Funda\u00e7\u00e3o Renova, Jos\u00e9 Almir Jaconelli Junior e Allan Suhette, discutiu os reflexos da trag\u00e9dia em termos ambientais e sociais, al\u00e9m de apresentar as a\u00e7\u00f5es j\u00e1 desenvolvidas em prol da recupera\u00e7\u00e3o da bacia. Um documento est\u00e1 sendo produzido a fim de oficializar o posicionamento das entidades em rela\u00e7\u00e3o ao ocorrido, al\u00e9m de abordar a an\u00e1lise cr\u00edtica do cen\u00e1rio p\u00f3s rompimento da barragem de Fund\u00e3o. <\/p>\n<p>Al\u00e9m disso, durante o encontro, o tratamento de esgoto, um dos eixos que comp\u00f5em o saneamento b\u00e1sico, foi tema debatido no primeiro dia de atividades (24). O lan\u00e7amento de efluentes sem tratamento no leito dos afluentes \u00e9 um dos principais problemas ambientais registrados na Bacia do Rio Doce.  <\/p>\n<p>Para finalizar a quinta edi\u00e7\u00e3o do evento, ser\u00e3o apresentadas na tarde de hoje (25) iniciativas que visam amenizar a emiss\u00e3o de carbono: o Programa Pecu\u00e1ria Neutra e o Evento Carbono Zero (ECOz) \u2013 desenvolvido pelos Comit\u00eas da Bacia Hidrogr\u00e1fica dos rios Caratinga e Manhua\u00e7u. \u201cQueremos trabalhar de maneira sustent\u00e1vel, buscando uma forma de zerar esse carbono produzido durante nossas atividades. \u00c9 uma ideia que vem sendo trabalhada em nossa regi\u00e3o e esperamos influenciar tamb\u00e9m outras entidades da bacia\u201d, disse Ronevon Huebra, atual presidente do CBH-Caratinga. Uma visita t\u00e9cnica \u00e0 obra da Esta\u00e7\u00e3o de Tratamento de Esgoto de Caratinga fechar\u00e1 o encontro. O local tamb\u00e9m receber\u00e1 o plantio de mudas a fim de compensar a produ\u00e7\u00e3o de Carbono produzida no deslocamento dos membros para o evento. <\/p>\n<p><img decoding=\"async\" src=\"http:\/\/aconteceunovale.com.br\/portal\/wp-content\/uploads\/2016\/10\/encontro_rio_doce_1.jpg\" alt=\"\" \/><\/p>\n<p><img decoding=\"async\" src=\"http:\/\/aconteceunovale.com.br\/portal\/wp-content\/uploads\/2016\/10\/encontro_rio_doce_2.jpg\" alt=\"\" \/><\/p>\n<p><em>(Fotos e informa\u00e7\u00f5es Comunica\u00e7\u00e3o AGB Doce)<\/em><\/p>\n","protected":false},"excerpt":{"rendered":"<p>Encerra hoje (25 de outubro) a 5\u00ba edi\u00e7\u00e3o do Encontro de Integra\u00e7\u00e3o da Bacia do Rio Doce, realizado no munic\u00edpio de Caratinga\/MG. O marco foi ontem, dia 24, quando uma mesa formada pelo representante dos Comit\u00eas das Bacias Hidrogr\u00e1ficas dos rios Caratinga e Doce, Ronevon Huebra; pelo coordenador das Promotorias de Meio Ambiente da Bacia [&hellip;]<\/p>\n","protected":false},"author":1,"featured_media":100015,"comment_status":"open","ping_status":"closed","sticky":false,"template":"","format":"standard","meta":{"amp_status":"","footnotes":""},"categories":[121],"tags":[122338,122343,21801,237,16753,122340,122339,122011,122342,99527,122341,66597,122337,99522],"class_list":["post-100014","post","type-post","status-publish","format-standard","has-post-thumbnail","hentry","category-leste","tag-5o-edicao-do-encontro-de-integracao-da-bacia-do-rio-doc","tag-allan-suhette","tag-bacia-do-rio-doce","tag-caratinga","tag-comites-da-bacia-hidrografica-do-rio-doce","tag-comites-das-bacias-hidrograficas-dos-rios-caratinga-e-doce","tag-encontro-de-integracao-da-bacia-do-rio-doc","tag-fundacao-renova","tag-jose-almir-jaconelli-junior","tag-leonardo-castro-maia","tag-promotorias-de-meio-ambiente-da-bacia-do-rio-doce","tag-recuperacao-da-bacia-do-rio-doce","tag-restauracao-da-bacia-do-rio-doce","tag-ronevon-huebra"],"_links":{"self":[{"href":"https:\/\/aconteceunovale.com.br\/portal\/index.php?rest_route=\/wp\/v2\/posts\/100014","targetHints":{"allow":["GET"]}}],"collection":[{"href":"https:\/\/aconteceunovale.com.br\/portal\/index.php?rest_route=\/wp\/v2\/posts"}],"about":[{"href":"https:\/\/aconteceunovale.com.br\/portal\/index.php?rest_route=\/wp\/v2\/types\/post"}],"author":[{"embeddable":true,"href":"https:\/\/aconteceunovale.com.br\/portal\/index.php?rest_route=\/wp\/v2\/users\/1"}],"replies":[{"embeddable":true,"href":"https:\/\/aconteceunovale.com.br\/portal\/index.php?rest_route=%2Fwp%2Fv2%2Fcomments&post=100014"}],"version-history":[{"count":0,"href":"https:\/\/aconteceunovale.com.br\/portal\/index.php?rest_route=\/wp\/v2\/posts\/100014\/revisions"}],"wp:featuredmedia":[{"embeddable":true,"href":"https:\/\/aconteceunovale.com.br\/portal\/index.php?rest_route=\/wp\/v2\/media\/100015"}],"wp:attachment":[{"href":"https:\/\/aconteceunovale.com.br\/portal\/index.php?rest_route=%2Fwp%2Fv2%2Fmedia&parent=100014"}],"wp:term":[{"taxonomy":"category","embeddable":true,"href":"https:\/\/aconteceunovale.com.br\/portal\/index.php?rest_route=%2Fwp%2Fv2%2Fcategories&post=100014"},{"taxonomy":"post_tag","embeddable":true,"href":"https:\/\/aconteceunovale.com.br\/portal\/index.php?rest_route=%2Fwp%2Fv2%2Ftags&post=100014"}],"curies":[{"name":"wp","href":"https:\/\/api.w.org\/{rel}","templated":true}]}}