{"id":100008,"date":"2016-10-25T14:48:09","date_gmt":"2016-10-25T17:48:09","guid":{"rendered":"http:\/\/aconteceunovale.com.br\/portal\/?p=100008"},"modified":"2016-10-25T14:48:09","modified_gmt":"2016-10-25T17:48:09","slug":"sebrae-minas-abre-inscricoes-para-o-festival-de-negocios-de-teofilo-otoni","status":"publish","type":"post","link":"https:\/\/aconteceunovale.com.br\/portal\/?p=100008","title":{"rendered":"Sebrae Minas abre inscri\u00e7\u00f5es para  o Festival de Neg\u00f3cios de Te\u00f3filo Otoni"},"content":{"rendered":"<p>O Sebrae Minas realizar\u00e1, nos dias 7 e 8 de novembro, a partir das 14h, o Festival de Neg\u00f3cios de Te\u00f3filo Otoni. Promovido em parceria com Sindcom\u00e9rcio, C\u00e2mara de Dirigentes Lojistas (CDL), Federa\u00e7\u00e3o da Ind\u00fastria do Estado de Minas Gerais (FIEMG), Sicoob Credivale, Secretaria de Educa\u00e7\u00e3o do Estado de Minas Gerais, Prefeitura Municipal de Te\u00f3filo Otoni e Escola de Forma\u00e7\u00e3o Gerencial), o evento acontecer\u00e1 no Expominas e est\u00e1 com as inscri\u00e7\u00f5es abertas.<\/p>\n<p>O festival tem como objetivo fomentar o empreendedorismo na regi\u00e3o, por meio de orienta\u00e7\u00f5es sobre franquias, startups, acesso ao cr\u00e9dito, inova\u00e7\u00e3o para as ind\u00fastrias, boas pr\u00e1ticas no varejo, e-commerce e compras governamentais, al\u00e9m de abordar tamb\u00e9m a educa\u00e7\u00e3o empreendedora. Toda a comunidade pode participar, principalmente empres\u00e1rios, colaboradores e gestores, empreendedores, produtores rurais, estudantes e professores.<\/p>\n<p>As inscri\u00e7\u00f5es podem ser feitas no Sebrae de Te\u00f3filo Otoni, pelos telefones (33) 3529-4950 e 0800 570 0800 ou na Divulgar Publicidades, pelo n\u00famero (33) 3522-5445. Ao se inscreverem, os interessados devem escolher quais temas desejam participar, uma vez que alguns acontecem simultaneamente.<\/p>\n<p>A abertura do Festival de Neg\u00f3cios ser\u00e1 com o Semin\u00e1rio Regional de Educa\u00e7\u00e3o Empreendedora. Ao longo do evento, ser\u00e3o abordados tr\u00eas eixos, que funcionar\u00e3o em salas diferentes: \u201cIntelig\u00eancia em Vendas, Compras e Cr\u00e9dito\u201d, \u201cNeg\u00f3cios do Varejo: Shopping, Franchising e Servi\u00e7os\u201d e \u201cNeg\u00f3cios Digitais e Startups\u201d.<\/p>\n<p>Al\u00e9m das salas tem\u00e1ticas, o Festival de Neg\u00f3cios ter\u00e1 no encerramento a palestra magna \u201cTend\u00eancias e Oportunidades de Neg\u00f3cios: O que muda com a nova economia do Brasil?\u201d, que ser\u00e1 ministrada por Samy Dana. Ele \u00e9 Economista, Professor da Funda\u00e7\u00e3o Get\u00falio Vargas, comentarista do programa Conta Corrente da Globo News e colunista da Folha de S\u00e3o Paulo.<\/p>\n<p>O valor do investimento ser\u00e1 de acordo com a atividade que o participante escolher: participa\u00e7\u00e3o em uma das salas dispon\u00edveis na programa\u00e7\u00e3o da tarde e \u00e0 palestra magna \u00e0 noite, R$70; atividades na parte da tarde, R$50; Semin\u00e1rio de Cultura Empreendedora, R$20; palestra magna, R$30. Associados da CDL e Sindcom\u00e9rcio de Te\u00f3filo Otoni e estudantes ter\u00e3o 50% de desconto na inscri\u00e7\u00e3o.<\/p>\n<p>De acordo com a analista do Sebrae Minas D\u00e9borah Constantino, o Festival de Neg\u00f3cios tem o intuito de transmitir aos participantes, orienta\u00e7\u00f5es importantes sobre temas atuais, oportunidades de neg\u00f3cios e amplia\u00e7\u00e3o da rede de relacionamentos com empresas da regi\u00e3o, al\u00e9m de fortalecer a rela\u00e7\u00e3o do Sebrae com seus parceiros.<\/p>\n<p><strong>Servi\u00e7o<\/strong><\/p>\n<p>Festival de Neg\u00f3cios de Te\u00f3filo Otoni<\/p>\n<p><strong>Programa\u00e7\u00e3o:<\/strong><\/p>\n<p><strong>Dia 07 de novembro<\/strong><\/p>\n<p>13h: Credenciamento<\/p>\n<p>14h15: Palestra I: Professor, acredite em seu potencial enquanto ensina, avalia e empreende. Palestrante Hamilton Werneck<\/p>\n<p>15h15: Painel: Programa Nacional de Educa\u00e7\u00e3o Empreendedora (Sebrae) e N\u00facleo de Empreendedorismo Juvenil (NEJ). Palestrante Frederico Amorim \u2013 Cases de Educa\u00e7\u00e3o Empreendedora.<\/p>\n<p>16h15: Intervalo<\/p>\n<p>16h30: Palestra II:  Educa\u00e7\u00e3o para autonomia, e autonomia como dignidade. Palestrante Luiz Felipe Pond\u00e9<\/p>\n<p>18h: Encerramento<\/p>\n<p><strong>Dia 08 de Novembro<\/strong><\/p>\n<p>13h: Credenciamento<\/p>\n<p>Sala 1<br \/>\n14h: Palestra- Intelig\u00eancia Competitiva em Vendas &#8211; Brenner Lopes<br \/>\n15h30: Palestra &#8211; Compras Governamentais<br \/>\n16h30: Painel de Oportunidades e Rodada de Cr\u00e9dito com Institui\u00e7\u00f5es Financeiras.<\/p>\n<p>Sala 2:<br \/>\n14h: Palestra: E-Commerce para Pequenos Neg\u00f3cios: Como come\u00e7ar a vender usando a Internet &#8211; Fred Rocha.<br \/>\n15h30: Palestra:  Criando Marcas para o Sucesso \u2013 Calebe Bezerra<br \/>\n17h: Startup Talk: Empreendedorismo de Alto Impacto: O Mundo das Startups \u2013 Elimar Vasconcelos e Manuela de Melo Soares (Wylinka).<\/p>\n<p>Sala 3<br \/>\n14h: Palestra: Ibope &#8211; Potencial econ\u00f4mico do mercado de consumo brasileiro &#8211; F\u00e1bio Caldas<br \/>\n15h30: Palestra: Franchising: tend\u00eancias e alternativas de neg\u00f3cio &#8211; Carlos Ruben Pinto<br \/>\n17h: Painel de Oportunidades e Network: Mix Shopping<br \/>\n17h30: Painel de Oportunidades e Network: Franquias<br \/>\n19h30: Intervalo<\/p>\n<p>19h30: Palestra Magna: Tend\u00eancias e Oportunidades de Neg\u00f3cios: O que muda com a nova economia do Brasil? Com o renomado Samy Dana  (Economista, Professor da Funda\u00e7\u00e3o Get\u00falio Vargas, comentarista do programa Conta Corrente da Globo News e colunista da Folha de S\u00e3o Paulo)<\/p>\n<p>Local: Audit\u00f3rio do Expominas<br \/>\nEndere\u00e7o: Rua Coronel M\u00e1rio Cordeiro, 580 &#8211; Jardim Serra Verde \u2013 Te\u00f3filo Otoni- MG<\/p>\n","protected":false},"excerpt":{"rendered":"<p>O Sebrae Minas realizar\u00e1, nos dias 7 e 8 de novembro, a partir das 14h, o Festival de Neg\u00f3cios de Te\u00f3filo Otoni. Promovido em parceria com Sindcom\u00e9rcio, C\u00e2mara de Dirigentes Lojistas (CDL), Federa\u00e7\u00e3o da Ind\u00fastria do Estado de Minas Gerais (FIEMG), Sicoob Credivale, Secretaria de Educa\u00e7\u00e3o do Estado de Minas Gerais, Prefeitura Municipal de Te\u00f3filo [&hellip;]<\/p>\n","protected":false},"author":1,"featured_media":100009,"comment_status":"open","ping_status":"closed","sticky":false,"template":"","format":"standard","meta":{"amp_status":"","footnotes":""},"categories":[125,122],"tags":[122329,44759,122330,164],"class_list":["post-100008","post","type-post","status-publish","format-standard","has-post-thumbnail","hentry","category-noticias","category-mucuri","tag-festival-de-negocios-de-teofilo-otoni","tag-sebrae-minas","tag-sebrae-minas-abre-inscricoes-para-o-festival-de-negocios-de-teofilo-otoni","tag-teofilo-otoni"],"_links":{"self":[{"href":"https:\/\/aconteceunovale.com.br\/portal\/index.php?rest_route=\/wp\/v2\/posts\/100008","targetHints":{"allow":["GET"]}}],"collection":[{"href":"https:\/\/aconteceunovale.com.br\/portal\/index.php?rest_route=\/wp\/v2\/posts"}],"about":[{"href":"https:\/\/aconteceunovale.com.br\/portal\/index.php?rest_route=\/wp\/v2\/types\/post"}],"author":[{"embeddable":true,"href":"https:\/\/aconteceunovale.com.br\/portal\/index.php?rest_route=\/wp\/v2\/users\/1"}],"replies":[{"embeddable":true,"href":"https:\/\/aconteceunovale.com.br\/portal\/index.php?rest_route=%2Fwp%2Fv2%2Fcomments&post=100008"}],"version-history":[{"count":0,"href":"https:\/\/aconteceunovale.com.br\/portal\/index.php?rest_route=\/wp\/v2\/posts\/100008\/revisions"}],"wp:featuredmedia":[{"embeddable":true,"href":"https:\/\/aconteceunovale.com.br\/portal\/index.php?rest_route=\/wp\/v2\/media\/100009"}],"wp:attachment":[{"href":"https:\/\/aconteceunovale.com.br\/portal\/index.php?rest_route=%2Fwp%2Fv2%2Fmedia&parent=100008"}],"wp:term":[{"taxonomy":"category","embeddable":true,"href":"https:\/\/aconteceunovale.com.br\/portal\/index.php?rest_route=%2Fwp%2Fv2%2Fcategories&post=100008"},{"taxonomy":"post_tag","embeddable":true,"href":"https:\/\/aconteceunovale.com.br\/portal\/index.php?rest_route=%2Fwp%2Fv2%2Ftags&post=100008"}],"curies":[{"name":"wp","href":"https:\/\/api.w.org\/{rel}","templated":true}]}}